{"id":10024,"date":"2023-12-14T09:54:34","date_gmt":"2023-12-14T08:54:34","guid":{"rendered":"https:\/\/agora.xtec.cat\/escolapauvila\/?p=10024"},"modified":"2023-12-14T09:54:34","modified_gmt":"2023-12-14T08:54:34","slug":"xocolatada-solidaria-llerre-by-jordi","status":"publish","type":"post","link":"https:\/\/agora.xtec.cat\/escolapauvila\/general\/xocolatada-solidaria-llerre-by-jordi\/","title":{"rendered":"XOCOLATADA SOLID\u00c0RIA: LLERRE BY JORDI"},"content":{"rendered":"<p><span style=\"font-weight: 400;\">Avui dia 5 de desembre ens han visitat l\u2019Esther i el Jordi, pare i mare del Jordi, un infant que pateix una malaltia minorit\u00e0ria rara.<\/span><\/p>\n<p><span style=\"font-weight: 400;\">En Jordi t\u00e9 11 anys i des dels 4 es va comen\u00e7ar a trobar malament, amb molts dolors, febre, v\u00f2mits&#8230; van haver de rec\u00f3rrer un llarg cam\u00ed fins a arribar al diagn\u00f2stic. En Jordi t\u00e9 una malaltia autoinflamat\u00f2ria sist\u00e8mica rara, en la qual hi ha molt poca investigaci\u00f3 i els seus tractaments s\u00f3n experimentals.\u00a0<\/span><\/p>\n<p><span style=\"font-weight: 400;\">La seva fam\u00edlia va crear <\/span><b>Llerre by Jordi<\/b><span style=\"font-weight: 400;\">: un projecte que ajuda a recaptar fons per a poder avan\u00e7ar en la investigaci\u00f3 sobre aquest tipus de malalties.<\/span><\/p>\n<p>Des de les aules hem estat parlant sobre Afegir: qu\u00e8 hem fet des de les classes i les trobades en Comunitat.<\/p>\n<p><span style=\"font-weight: 400;\">Algunes de les preguntes que :<\/span><\/p>\n<ul>\n<li style=\"font-weight: 400;\" aria-level=\"1\"><i><span style=\"font-weight: 400;\">Com es diagnostica aquesta malaltia?\u00a0<\/span><\/i><\/li>\n<li style=\"font-weight: 400;\" aria-level=\"1\"><i><span style=\"font-weight: 400;\">Com \u00e9s el dia del Jordi?\u00a0<\/span><\/i><\/li>\n<li style=\"font-weight: 400;\" aria-level=\"1\"><i><span style=\"font-weight: 400;\">Cada dia es troba malament o hi ha dies que es troba millor?<\/span><\/i><\/li>\n<li style=\"font-weight: 400;\" aria-level=\"1\"><i><span style=\"font-weight: 400;\">Com vau reaccionar quan us vau assabentar de la malaltia?\u00a0<\/span><\/i><\/li>\n<li style=\"font-weight: 400;\" aria-level=\"1\"><i><span style=\"font-weight: 400;\">Coneixeu m\u00e9s gent amb aquesta malaltia?<\/span><\/i><\/li>\n<li style=\"font-weight: 400;\" aria-level=\"1\"><i><span style=\"font-weight: 400;\">Qu\u00e8 fa en el seu temps lliure?<\/span><\/i><\/li>\n<\/ul>\n<p><span style=\"font-weight: 400;\">Com que l\u2019eix d\u2019escola d\u2019aquest any \u00e9s<strong> \u201cCreixem cuidant\u201d<\/strong> vam pensar que, quina millor manera de dur-lo a terme que ajudant a les persones del nostre voltant. \u00c9s per aix\u00f2 que la tradicional Xocolatada l&#8217;hem transformat en un acte solidari per recaptar fons i poder col\u00b7laborar amb la causa.<\/span><\/p>\n<p>Si voleu con\u00e8ixer m\u00e9s a fons la hist\u00f2ria del Jordi i sumar-vos-hi, podeu seguir-los en el seu compte d&#8217;Instagram: <strong><em>Llerre by Jordi.<\/em><\/strong><\/p>\n<p>Recordeu que el proper dia <strong>15 de desembre<\/strong> us esperem a l&#8217;acte que farem amb tota la Comunitat i que disposareu d&#8217;unes guardioles per si voleu col\u00b7laborar de manera volunt\u00e0ria en aquest recapte.<\/p>\n<p><a href=\"https:\/\/agora.xtec.cat\/escolapauvila\/wp-content\/uploads\/usu1565\/2023\/11\/Sense-titol-3.jpg\"><img loading=\"lazy\" decoding=\"async\" class=\"aligncenter size-full wp-image-10063\" src=\"https:\/\/agora.xtec.cat\/escolapauvila\/wp-content\/uploads\/usu1565\/2023\/11\/Sense-titol-3.jpg\" alt=\"\" width=\"1247\" height=\"726\" srcset=\"https:\/\/agora.xtec.cat\/escolapauvila\/wp-content\/uploads\/usu1565\/2023\/11\/Sense-titol-3.jpg 1247w, https:\/\/agora.xtec.cat\/escolapauvila\/wp-content\/uploads\/usu1565\/2023\/11\/Sense-titol-3-300x175.jpg 300w, https:\/\/agora.xtec.cat\/escolapauvila\/wp-content\/uploads\/usu1565\/2023\/11\/Sense-titol-3-1024x596.jpg 1024w, https:\/\/agora.xtec.cat\/escolapauvila\/wp-content\/uploads\/usu1565\/2023\/11\/Sense-titol-3-768x447.jpg 768w\" sizes=\"auto, (max-width: 1247px) 100vw, 1247px\" \/><\/a><\/p>\n","protected":false},"excerpt":{"rendered":"<p>Avui dia 5 de desembre ens han visitat l\u2019Esther i el Jordi, pare i mare del Jordi, un infant que pateix una malaltia minorit\u00e0ria rara.<br \/>\nEn Jordi t\u00e9 11 anys i des dels 4 es va comen\u00e7ar a trobar malament, amb molts dolors, febre, v\u00f2mits&#8230; van&hellip;  <a href=\"https:\/\/agora.xtec.cat\/escolapauvila\/general\/xocolatada-solidaria-llerre-by-jordi\/\" title=\"Read XOCOLATADA SOLID\u00c0RIA: LLERRE BY JORDI\">Llegeix m\u00e9s\u00bb<\/a><\/p>\n","protected":false},"author":60,"featured_media":0,"comment_status":"open","ping_status":"closed","sticky":false,"template":"","format":"standard","meta":{"_bbp_topic_count":0,"_bbp_reply_count":0,"_bbp_total_topic_count":0,"_bbp_total_reply_count":0,"_bbp_voice_count":0,"_bbp_anonymous_reply_count":0,"_bbp_topic_count_hidden":0,"_bbp_reply_count_hidden":0,"_bbp_forum_subforum_count":0,"footnotes":""},"categories":[61,5,2,1],"tags":[216,230,176],"class_list":["post-10024","post","type-post","status-publish","format-standard","hentry","category-grans","category-mitjans","category-petits","category-general","tag-comunitat-grans","tag-comunitat-mitjans","tag-comunitat-petites"],"post_mailing_queue_ids":[],"_links":{"self":[{"href":"https:\/\/agora.xtec.cat\/escolapauvila\/wp-json\/wp\/v2\/posts\/10024","targetHints":{"allow":["GET"]}}],"collection":[{"href":"https:\/\/agora.xtec.cat\/escolapauvila\/wp-json\/wp\/v2\/posts"}],"about":[{"href":"https:\/\/agora.xtec.cat\/escolapauvila\/wp-json\/wp\/v2\/types\/post"}],"author":[{"embeddable":true,"href":"https:\/\/agora.xtec.cat\/escolapauvila\/wp-json\/wp\/v2\/users\/60"}],"replies":[{"embeddable":true,"href":"https:\/\/agora.xtec.cat\/escolapauvila\/wp-json\/wp\/v2\/comments?post=10024"}],"version-history":[{"count":4,"href":"https:\/\/agora.xtec.cat\/escolapauvila\/wp-json\/wp\/v2\/posts\/10024\/revisions"}],"predecessor-version":[{"id":10066,"href":"https:\/\/agora.xtec.cat\/escolapauvila\/wp-json\/wp\/v2\/posts\/10024\/revisions\/10066"}],"wp:attachment":[{"href":"https:\/\/agora.xtec.cat\/escolapauvila\/wp-json\/wp\/v2\/media?parent=10024"}],"wp:term":[{"taxonomy":"category","embeddable":true,"href":"https:\/\/agora.xtec.cat\/escolapauvila\/wp-json\/wp\/v2\/categories?post=10024"},{"taxonomy":"post_tag","embeddable":true,"href":"https:\/\/agora.xtec.cat\/escolapauvila\/wp-json\/wp\/v2\/tags?post=10024"}],"curies":[{"name":"wp","href":"https:\/\/api.w.org\/{rel}","templated":true}]}}