{"id":967,"date":"2022-02-15T09:22:19","date_gmt":"2022-02-15T08:22:19","guid":{"rendered":"https:\/\/agora.xtec.cat\/escolapaudelclos\/?p=967"},"modified":"2022-02-15T09:22:19","modified_gmt":"2022-02-15T08:22:19","slug":"denip-2022","status":"publish","type":"post","link":"https:\/\/agora.xtec.cat\/escolapaudelclos\/portada\/denip-2022\/","title":{"rendered":"DENIP 2022"},"content":{"rendered":"<p>El 30 de se celebra el Dia Escolar de la No-viol\u00e8ncia i la Pau (DENIP)<br \/>\n\u00c9s una data assenyalada ja que moltes escoles aprofitem per treballar aquests valors a les classes, transmeten les ganes de viure en un m\u00f3n lliure d\u2019agressions<\/p>\n<p>Enguany, amb el lema \u201cConsum responsable\u201d, el DENIP s\u2019ha centrat en la crisi clim\u00e0tica. Des<br \/>\nde l\u2019escola, els alumnes de 5\u00e8 han realitzat una s\u00e8rie d\u2019activitats adre\u00e7ades a con\u00e8ixer aquest<br \/>\ntema. Entre ells destaquen treballs de recerca, exposicions, dibuixos, can\u00e7ons, propostes de millora&#8230; En aquest sentit, estem d&#8217;enhorabona perqu\u00e8 el cartell triat per aquesta edici\u00f3 ha estat obra de les nostres alumnes Karla Tatiana Bolvito i Kathrine Hannah Noces.<\/p>\n<p><a href=\"https:\/\/agora.xtec.cat\/escolapaudelclos\/wp-content\/uploads\/usu2656\/2022\/02\/denip.jpg\"><img loading=\"lazy\" decoding=\"async\" class=\"alignnone  wp-image-968\" src=\"https:\/\/agora.xtec.cat\/escolapaudelclos\/wp-content\/uploads\/usu2656\/2022\/02\/denip-1024x573.jpg\" alt=\"\" width=\"559\" height=\"313\" srcset=\"https:\/\/agora.xtec.cat\/escolapaudelclos\/wp-content\/uploads\/usu2656\/2022\/02\/denip-1024x573.jpg 1024w, https:\/\/agora.xtec.cat\/escolapaudelclos\/wp-content\/uploads\/usu2656\/2022\/02\/denip-300x168.jpg 300w, https:\/\/agora.xtec.cat\/escolapaudelclos\/wp-content\/uploads\/usu2656\/2022\/02\/denip-768x430.jpg 768w, https:\/\/agora.xtec.cat\/escolapaudelclos\/wp-content\/uploads\/usu2656\/2022\/02\/denip.jpg 1106w\" sizes=\"auto, (max-width: 559px) 100vw, 559px\" \/><\/a><\/p>\n<p>Aqu\u00ed teniu un recull de la feina que han fet i la can\u00e7\u00f3 \u00ab Somni\u00bb<\/p>\n<p><iframe loading=\"lazy\" src=\"https:\/\/drive.google.com\/file\/d\/1iRnFQ6pcPL8VW-GOO6IoM90BqjbdxGEU\/preview\" width=\"640\" height=\"480\"><\/iframe><\/p>\n<p>Tamb\u00e9 podeu veure tots els treballs realitzats a les escoles de Tarragona, aqu\u00ed us deixem l\u2019enlla\u00e7!<br \/>\n<a href=\"https:\/\/mediaframe.wetransfer.com\/downloads\/8e6a2b896678e0931d953eaca2e2b6e620220131091629\/81d86a\">Descarrega&#8217;t els treballs de les escoles de Tarragona.<\/a><\/p>\n","protected":false},"excerpt":{"rendered":"<p>El 30 de se celebra el Dia Escolar de la No-viol\u00e8ncia i la Pau (DENIP) \u00c9s una data assenyalada ja que moltes escoles aprofitem per treballar aquests valors a les classes, transmeten les ganes de viure en un m\u00f3n lliure d\u2019agressions Enguany, amb el lema \u201cConsum responsable\u201d, el DENIP s\u2019ha centrat en la crisi clim\u00e0tica. [&hellip;]<\/p>\n","protected":false},"author":1,"featured_media":968,"comment_status":"open","ping_status":"closed","sticky":false,"template":"","format":"standard","meta":{"_bbp_topic_count":0,"_bbp_reply_count":0,"_bbp_total_topic_count":0,"_bbp_total_reply_count":0,"_bbp_voice_count":0,"_bbp_anonymous_reply_count":0,"_bbp_topic_count_hidden":0,"_bbp_reply_count_hidden":0,"_bbp_forum_subforum_count":0,"site-sidebar-layout":"default","site-content-layout":"","ast-site-content-layout":"","site-content-style":"default","site-sidebar-style":"default","ast-global-header-display":"","ast-banner-title-visibility":"","ast-main-header-display":"","ast-hfb-above-header-display":"","ast-hfb-below-header-display":"","ast-hfb-mobile-header-display":"","site-post-title":"","ast-breadcrumbs-content":"","ast-featured-img":"","footer-sml-layout":"","theme-transparent-header-meta":"","adv-header-id-meta":"","stick-header-meta":"","header-above-stick-meta":"","header-main-stick-meta":"","header-below-stick-meta":"","astra-migrate-meta-layouts":"default","ast-page-background-enabled":"default","ast-page-background-meta":{"desktop":{"background-color":"var(--ast-global-color-4)","background-image":"","background-repeat":"repeat","background-position":"center center","background-size":"auto","background-attachment":"scroll","background-type":"","background-media":"","overlay-type":"","overlay-color":"","overlay-opacity":"","overlay-gradient":""},"tablet":{"background-color":"","background-image":"","background-repeat":"repeat","background-position":"center center","background-size":"auto","background-attachment":"scroll","background-type":"","background-media":"","overlay-type":"","overlay-color":"","overlay-opacity":"","overlay-gradient":""},"mobile":{"background-color":"","background-image":"","background-repeat":"repeat","background-position":"center center","background-size":"auto","background-attachment":"scroll","background-type":"","background-media":"","overlay-type":"","overlay-color":"","overlay-opacity":"","overlay-gradient":""}},"ast-content-background-meta":{"desktop":{"background-color":"var(--ast-global-color-5)","background-image":"","background-repeat":"repeat","background-position":"center center","background-size":"auto","background-attachment":"scroll","background-type":"","background-media":"","overlay-type":"","overlay-color":"","overlay-opacity":"","overlay-gradient":""},"tablet":{"background-color":"var(--ast-global-color-5)","background-image":"","background-repeat":"repeat","background-position":"center center","background-size":"auto","background-attachment":"scroll","background-type":"","background-media":"","overlay-type":"","overlay-color":"","overlay-opacity":"","overlay-gradient":""},"mobile":{"background-color":"var(--ast-global-color-5)","background-image":"","background-repeat":"repeat","background-position":"center center","background-size":"auto","background-attachment":"scroll","background-type":"","background-media":"","overlay-type":"","overlay-color":"","overlay-opacity":"","overlay-gradient":""}},"footnotes":""},"categories":[14,4],"tags":[120,119,67],"class_list":["post-967","post","type-post","status-publish","format-standard","has-post-thumbnail","hentry","category-5e","category-portada","tag-consum-responsable","tag-denip","tag-tarragona"],"post_mailing_queue_ids":[],"_links":{"self":[{"href":"https:\/\/agora.xtec.cat\/escolapaudelclos\/wp-json\/wp\/v2\/posts\/967","targetHints":{"allow":["GET"]}}],"collection":[{"href":"https:\/\/agora.xtec.cat\/escolapaudelclos\/wp-json\/wp\/v2\/posts"}],"about":[{"href":"https:\/\/agora.xtec.cat\/escolapaudelclos\/wp-json\/wp\/v2\/types\/post"}],"author":[{"embeddable":true,"href":"https:\/\/agora.xtec.cat\/escolapaudelclos\/wp-json\/wp\/v2\/users\/1"}],"replies":[{"embeddable":true,"href":"https:\/\/agora.xtec.cat\/escolapaudelclos\/wp-json\/wp\/v2\/comments?post=967"}],"version-history":[{"count":1,"href":"https:\/\/agora.xtec.cat\/escolapaudelclos\/wp-json\/wp\/v2\/posts\/967\/revisions"}],"predecessor-version":[{"id":969,"href":"https:\/\/agora.xtec.cat\/escolapaudelclos\/wp-json\/wp\/v2\/posts\/967\/revisions\/969"}],"wp:featuredmedia":[{"embeddable":true,"href":"https:\/\/agora.xtec.cat\/escolapaudelclos\/wp-json\/wp\/v2\/media\/968"}],"wp:attachment":[{"href":"https:\/\/agora.xtec.cat\/escolapaudelclos\/wp-json\/wp\/v2\/media?parent=967"}],"wp:term":[{"taxonomy":"category","embeddable":true,"href":"https:\/\/agora.xtec.cat\/escolapaudelclos\/wp-json\/wp\/v2\/categories?post=967"},{"taxonomy":"post_tag","embeddable":true,"href":"https:\/\/agora.xtec.cat\/escolapaudelclos\/wp-json\/wp\/v2\/tags?post=967"}],"curies":[{"name":"wp","href":"https:\/\/api.w.org\/{rel}","templated":true}]}}