{"id":849,"date":"2022-01-19T16:18:09","date_gmt":"2022-01-19T15:18:09","guid":{"rendered":"https:\/\/agora.xtec.cat\/escolapaudelclos\/?p=849"},"modified":"2022-01-19T16:18:26","modified_gmt":"2022-01-19T15:18:26","slug":"coetren","status":"publish","type":"post","link":"https:\/\/agora.xtec.cat\/escolapaudelclos\/portada\/coetren\/","title":{"rendered":"COETREN"},"content":{"rendered":"<p>L&#8217;alumnat de sis\u00e8 ha realitzat un taller pertanyent al programa <strong>COETREN<\/strong>\u00a0que s\u2019ofereix \u00a0des de\u00a0<b>Pol\u00edtiques d\u2019Igualtat de l\u2019Ajuntament de Tarragona<\/b>\u00a0als centres de prim\u00e0ria. Aquest programa parteix de la necessitat de promoure i educar en els valors de la igualtat d\u2019oportunitats des del reconeixement de la difer\u00e8ncia i les diverses visions que conformen la realitat col\u00b7lectiva, i fomenta el lliure desenvolupament personal i l\u2019aparici\u00f3 d\u2019actituds, comportaments i relacions igualit\u00e0ries basades en la corresponsabilitat, el respecte a la diversitat, la cooperaci\u00f3 i la resoluci\u00f3 positiva de conflictes.<\/p>\n<table style=\"width: 100%; border-collapse: collapse; background-color: #eba328; border-color: #22e3d9;\">\n<tbody>\n<tr>\n<td style=\"width: 50%;\"><a href=\"https:\/\/agora.xtec.cat\/escolapaudelclos\/wp-content\/uploads\/usu2656\/2022\/01\/IMG-20220118-WA0027.jpg\"><img loading=\"lazy\" decoding=\"async\" class=\"wp-image-850 aligncenter\" src=\"https:\/\/agora.xtec.cat\/escolapaudelclos\/wp-content\/uploads\/usu2656\/2022\/01\/IMG-20220118-WA0027-1024x576.jpg\" alt=\"\" width=\"415\" height=\"233\" srcset=\"https:\/\/agora.xtec.cat\/escolapaudelclos\/wp-content\/uploads\/usu2656\/2022\/01\/IMG-20220118-WA0027-1024x576.jpg 1024w, https:\/\/agora.xtec.cat\/escolapaudelclos\/wp-content\/uploads\/usu2656\/2022\/01\/IMG-20220118-WA0027-300x169.jpg 300w, https:\/\/agora.xtec.cat\/escolapaudelclos\/wp-content\/uploads\/usu2656\/2022\/01\/IMG-20220118-WA0027-768x432.jpg 768w, https:\/\/agora.xtec.cat\/escolapaudelclos\/wp-content\/uploads\/usu2656\/2022\/01\/IMG-20220118-WA0027-1536x864.jpg 1536w, https:\/\/agora.xtec.cat\/escolapaudelclos\/wp-content\/uploads\/usu2656\/2022\/01\/IMG-20220118-WA0027.jpg 2000w\" sizes=\"auto, (max-width: 415px) 100vw, 415px\" \/><\/a><\/td>\n<td style=\"width: 50%;\"><a href=\"https:\/\/agora.xtec.cat\/escolapaudelclos\/wp-content\/uploads\/usu2656\/2022\/01\/IMG-20220118-WA0036.jpg\"><img loading=\"lazy\" decoding=\"async\" class=\"wp-image-851 aligncenter\" src=\"https:\/\/agora.xtec.cat\/escolapaudelclos\/wp-content\/uploads\/usu2656\/2022\/01\/IMG-20220118-WA0036-1024x810.jpg\" alt=\"\" width=\"367\" height=\"290\" srcset=\"https:\/\/agora.xtec.cat\/escolapaudelclos\/wp-content\/uploads\/usu2656\/2022\/01\/IMG-20220118-WA0036-1024x810.jpg 1024w, https:\/\/agora.xtec.cat\/escolapaudelclos\/wp-content\/uploads\/usu2656\/2022\/01\/IMG-20220118-WA0036-300x237.jpg 300w, https:\/\/agora.xtec.cat\/escolapaudelclos\/wp-content\/uploads\/usu2656\/2022\/01\/IMG-20220118-WA0036-768x607.jpg 768w, https:\/\/agora.xtec.cat\/escolapaudelclos\/wp-content\/uploads\/usu2656\/2022\/01\/IMG-20220118-WA0036.jpg 1443w\" sizes=\"auto, (max-width: 367px) 100vw, 367px\" \/><\/a><\/td>\n<\/tr>\n<\/tbody>\n<\/table>\n","protected":false},"excerpt":{"rendered":"<p>L&#8217;alumnat de sis\u00e8 ha realitzat un taller pertanyent al programa COETREN\u00a0que s\u2019ofereix \u00a0des de\u00a0Pol\u00edtiques d\u2019Igualtat de l\u2019Ajuntament de Tarragona\u00a0als centres de prim\u00e0ria. Aquest programa parteix de la necessitat de promoure i educar en els valors de la igualtat d\u2019oportunitats des del reconeixement de la difer\u00e8ncia i les diverses visions que conformen la realitat col\u00b7lectiva, i [&hellip;]<\/p>\n","protected":false},"author":1,"featured_media":0,"comment_status":"open","ping_status":"closed","sticky":false,"template":"","format":"standard","meta":{"_bbp_topic_count":0,"_bbp_reply_count":0,"_bbp_total_topic_count":0,"_bbp_total_reply_count":0,"_bbp_voice_count":0,"_bbp_anonymous_reply_count":0,"_bbp_topic_count_hidden":0,"_bbp_reply_count_hidden":0,"_bbp_forum_subforum_count":0,"site-sidebar-layout":"default","site-content-layout":"","ast-site-content-layout":"","site-content-style":"default","site-sidebar-style":"default","ast-global-header-display":"","ast-banner-title-visibility":"","ast-main-header-display":"","ast-hfb-above-header-display":"","ast-hfb-below-header-display":"","ast-hfb-mobile-header-display":"","site-post-title":"","ast-breadcrumbs-content":"","ast-featured-img":"","footer-sml-layout":"","theme-transparent-header-meta":"","adv-header-id-meta":"","stick-header-meta":"","header-above-stick-meta":"","header-main-stick-meta":"","header-below-stick-meta":"","astra-migrate-meta-layouts":"default","ast-page-background-enabled":"default","ast-page-background-meta":{"desktop":{"background-color":"var(--ast-global-color-4)","background-image":"","background-repeat":"repeat","background-position":"center center","background-size":"auto","background-attachment":"scroll","background-type":"","background-media":"","overlay-type":"","overlay-color":"","overlay-opacity":"","overlay-gradient":""},"tablet":{"background-color":"","background-image":"","background-repeat":"repeat","background-position":"center center","background-size":"auto","background-attachment":"scroll","background-type":"","background-media":"","overlay-type":"","overlay-color":"","overlay-opacity":"","overlay-gradient":""},"mobile":{"background-color":"","background-image":"","background-repeat":"repeat","background-position":"center center","background-size":"auto","background-attachment":"scroll","background-type":"","background-media":"","overlay-type":"","overlay-color":"","overlay-opacity":"","overlay-gradient":""}},"ast-content-background-meta":{"desktop":{"background-color":"var(--ast-global-color-5)","background-image":"","background-repeat":"repeat","background-position":"center center","background-size":"auto","background-attachment":"scroll","background-type":"","background-media":"","overlay-type":"","overlay-color":"","overlay-opacity":"","overlay-gradient":""},"tablet":{"background-color":"var(--ast-global-color-5)","background-image":"","background-repeat":"repeat","background-position":"center center","background-size":"auto","background-attachment":"scroll","background-type":"","background-media":"","overlay-type":"","overlay-color":"","overlay-opacity":"","overlay-gradient":""},"mobile":{"background-color":"var(--ast-global-color-5)","background-image":"","background-repeat":"repeat","background-position":"center center","background-size":"auto","background-attachment":"scroll","background-type":"","background-media":"","overlay-type":"","overlay-color":"","overlay-opacity":"","overlay-gradient":""}},"footnotes":""},"categories":[5,15,4],"tags":[104,106,105],"class_list":["post-849","post","type-post","status-publish","format-standard","hentry","category-primaria","category-6e","category-portada","tag-coetren","tag-equitat","tag-igualtat"],"post_mailing_queue_ids":[],"_links":{"self":[{"href":"https:\/\/agora.xtec.cat\/escolapaudelclos\/wp-json\/wp\/v2\/posts\/849","targetHints":{"allow":["GET"]}}],"collection":[{"href":"https:\/\/agora.xtec.cat\/escolapaudelclos\/wp-json\/wp\/v2\/posts"}],"about":[{"href":"https:\/\/agora.xtec.cat\/escolapaudelclos\/wp-json\/wp\/v2\/types\/post"}],"author":[{"embeddable":true,"href":"https:\/\/agora.xtec.cat\/escolapaudelclos\/wp-json\/wp\/v2\/users\/1"}],"replies":[{"embeddable":true,"href":"https:\/\/agora.xtec.cat\/escolapaudelclos\/wp-json\/wp\/v2\/comments?post=849"}],"version-history":[{"count":2,"href":"https:\/\/agora.xtec.cat\/escolapaudelclos\/wp-json\/wp\/v2\/posts\/849\/revisions"}],"predecessor-version":[{"id":853,"href":"https:\/\/agora.xtec.cat\/escolapaudelclos\/wp-json\/wp\/v2\/posts\/849\/revisions\/853"}],"wp:attachment":[{"href":"https:\/\/agora.xtec.cat\/escolapaudelclos\/wp-json\/wp\/v2\/media?parent=849"}],"wp:term":[{"taxonomy":"category","embeddable":true,"href":"https:\/\/agora.xtec.cat\/escolapaudelclos\/wp-json\/wp\/v2\/categories?post=849"},{"taxonomy":"post_tag","embeddable":true,"href":"https:\/\/agora.xtec.cat\/escolapaudelclos\/wp-json\/wp\/v2\/tags?post=849"}],"curies":[{"name":"wp","href":"https:\/\/api.w.org\/{rel}","templated":true}]}}