{"id":746,"date":"2021-12-21T13:13:54","date_gmt":"2021-12-21T12:13:54","guid":{"rendered":"https:\/\/agora.xtec.cat\/escolapaudelclos\/?p=746"},"modified":"2022-01-20T10:41:08","modified_gmt":"2022-01-20T09:41:08","slug":"internet-segura","status":"publish","type":"post","link":"https:\/\/agora.xtec.cat\/escolapaudelclos\/general\/internet-segura\/","title":{"rendered":"Internet Segura"},"content":{"rendered":"<p>Ens ha visitat el Xavier, mosso d&#8217;esquadra, per tal d&#8217;explicar-nos algunes coses molt interessants lligades a la seguretat a internet.<\/p>\n<p>En la diagnosi que ha fet dels grups de 6\u00e8, ens ha sorpr\u00e8s la quantitat d&#8217;hores setmanals que\u00a0 el nostre alumnat es passa connectat, al voltant de <strong>30 hores setmanals<\/strong>. Algunes de les apps que m\u00e9s s&#8217;anomenen s\u00f3n, Tiktok, Instagram o Youtube. Reflexionant sobre l&#8217;\u00fas d&#8217;aquestes eines arribem a la conclusi\u00f3 que ens poden aportar coses positives i negatives.<\/p>\n<p>Positives: <strong>comunicar-nos, crear continguts, gaudir amb responsabilitat<\/strong>, &#8230;<\/p>\n<p>Negatives: <strong>p\u00e8rdua del control de les imatges, addicions, sedentarisme<\/strong>, &#8230;<\/p>\n<p>En Xavier ens explica que estem utilitzant malament aquestes apps perqu\u00e8 moltes d&#8217;elles s\u00f3n per a majors de 13 anys i sempre amb el consentiment de les fam\u00edlies. Per aquest motiu, molts alumnes creen <strong>perfils amb identitats falses<\/strong>. Tamb\u00e9 ens apunta que un mal \u00fas d&#8217;aquestes eines pot provocar <strong>problemes de socialitzaci\u00f3<\/strong>, ens acostumem a parlar a trav\u00e9s d&#8217;aquestes eines i tenim moltes dificultats per fer-ho en persona. Tamb\u00e9 reflexionem sobre la facilitat per accedir a continguts per a adults. Tot aix\u00f2 ens <strong>pot afectar al desenvolupament f\u00edsic i emocional, facilitant l&#8217;aparici\u00f3 de problemes relacionats amb la pornografia, el consum de subst\u00e0ncies, l&#8217;annor\u00e8xia, les apostes<\/strong>, etc.<\/p>\n<p>Reflexionem, tamb\u00e9, sobre altres problemes que poden sorgir a partir d&#8217;un mal \u00fas d&#8217;internet i de les xarxes socials. Les <strong>amenaces, la usurpaci\u00f3 de la identitat, les estafes<\/strong>, etc. i posem sobre la taula mesures que caldria tenir en compte per no caure en tots aquests aspectes.<\/p>\n<p>Per acabar, visualitzem el v\u00eddeo<em> No seas la estrella<\/em> per adonar-nos de tota la informaci\u00f3 que oferim a les xarxes socials, molts cops sense adonar-nos, sense ser conscients.<\/p>\n<p>La xerrada ha estat del tot interessant i ens ha quedat clar\u00edssim que si tenim qualsevol problema \u00e9s important que sapiguem <strong>demanar ajuda<\/strong> a la gent que ens estima i ens envolta i tamb\u00e9 a Mossos d&#8217;Esquadra.<\/p>\n<p><a href=\"https:\/\/agora.xtec.cat\/escolapaudelclos\/wp-content\/uploads\/usu2656\/2021\/12\/mossos.jpg\"><img loading=\"lazy\" decoding=\"async\" class=\"alignnone wp-image-747\" src=\"https:\/\/agora.xtec.cat\/escolapaudelclos\/wp-content\/uploads\/usu2656\/2021\/12\/mossos-1024x576.jpg\" alt=\"\" width=\"523\" height=\"294\" srcset=\"https:\/\/agora.xtec.cat\/escolapaudelclos\/wp-content\/uploads\/usu2656\/2021\/12\/mossos-1024x576.jpg 1024w, https:\/\/agora.xtec.cat\/escolapaudelclos\/wp-content\/uploads\/usu2656\/2021\/12\/mossos-300x169.jpg 300w, https:\/\/agora.xtec.cat\/escolapaudelclos\/wp-content\/uploads\/usu2656\/2021\/12\/mossos-768x432.jpg 768w, https:\/\/agora.xtec.cat\/escolapaudelclos\/wp-content\/uploads\/usu2656\/2021\/12\/mossos-1536x864.jpg 1536w, https:\/\/agora.xtec.cat\/escolapaudelclos\/wp-content\/uploads\/usu2656\/2021\/12\/mossos.jpg 2000w\" sizes=\"auto, (max-width: 523px) 100vw, 523px\" \/><\/a><\/p>\n","protected":false},"excerpt":{"rendered":"<p>Ens ha visitat el Xavier, mosso d&#8217;esquadra, per tal d&#8217;explicar-nos algunes coses molt interessants lligades a la seguretat a internet. En la diagnosi que ha fet dels grups de 6\u00e8, ens ha sorpr\u00e8s la quantitat d&#8217;hores setmanals que\u00a0 el nostre alumnat es passa connectat, al voltant de 30 hores setmanals. Algunes de les apps que [&hellip;]<\/p>\n","protected":false},"author":1,"featured_media":747,"comment_status":"open","ping_status":"closed","sticky":false,"template":"","format":"standard","meta":{"_bbp_topic_count":0,"_bbp_reply_count":0,"_bbp_total_topic_count":0,"_bbp_total_reply_count":0,"_bbp_voice_count":0,"_bbp_anonymous_reply_count":0,"_bbp_topic_count_hidden":0,"_bbp_reply_count_hidden":0,"_bbp_forum_subforum_count":0,"site-sidebar-layout":"default","site-content-layout":"","ast-site-content-layout":"","site-content-style":"default","site-sidebar-style":"default","ast-global-header-display":"","ast-banner-title-visibility":"","ast-main-header-display":"","ast-hfb-above-header-display":"","ast-hfb-below-header-display":"","ast-hfb-mobile-header-display":"","site-post-title":"","ast-breadcrumbs-content":"","ast-featured-img":"","footer-sml-layout":"","theme-transparent-header-meta":"","adv-header-id-meta":"","stick-header-meta":"","header-above-stick-meta":"","header-main-stick-meta":"","header-below-stick-meta":"","astra-migrate-meta-layouts":"default","ast-page-background-enabled":"default","ast-page-background-meta":{"desktop":{"background-color":"var(--ast-global-color-4)","background-image":"","background-repeat":"repeat","background-position":"center center","background-size":"auto","background-attachment":"scroll","background-type":"","background-media":"","overlay-type":"","overlay-color":"","overlay-opacity":"","overlay-gradient":""},"tablet":{"background-color":"","background-image":"","background-repeat":"repeat","background-position":"center center","background-size":"auto","background-attachment":"scroll","background-type":"","background-media":"","overlay-type":"","overlay-color":"","overlay-opacity":"","overlay-gradient":""},"mobile":{"background-color":"","background-image":"","background-repeat":"repeat","background-position":"center center","background-size":"auto","background-attachment":"scroll","background-type":"","background-media":"","overlay-type":"","overlay-color":"","overlay-opacity":"","overlay-gradient":""}},"ast-content-background-meta":{"desktop":{"background-color":"var(--ast-global-color-5)","background-image":"","background-repeat":"repeat","background-position":"center center","background-size":"auto","background-attachment":"scroll","background-type":"","background-media":"","overlay-type":"","overlay-color":"","overlay-opacity":"","overlay-gradient":""},"tablet":{"background-color":"var(--ast-global-color-5)","background-image":"","background-repeat":"repeat","background-position":"center center","background-size":"auto","background-attachment":"scroll","background-type":"","background-media":"","overlay-type":"","overlay-color":"","overlay-opacity":"","overlay-gradient":""},"mobile":{"background-color":"var(--ast-global-color-5)","background-image":"","background-repeat":"repeat","background-position":"center center","background-size":"auto","background-attachment":"scroll","background-type":"","background-media":"","overlay-type":"","overlay-color":"","overlay-opacity":"","overlay-gradient":""}},"footnotes":""},"categories":[15,1,4],"tags":[62,93,92],"class_list":["post-746","post","type-post","status-publish","format-standard","has-post-thumbnail","hentry","category-6e","category-general","category-portada","tag-escola-pau-delclos","tag-internet-segura","tag-mossos-desquadra"],"post_mailing_queue_ids":[],"_links":{"self":[{"href":"https:\/\/agora.xtec.cat\/escolapaudelclos\/wp-json\/wp\/v2\/posts\/746","targetHints":{"allow":["GET"]}}],"collection":[{"href":"https:\/\/agora.xtec.cat\/escolapaudelclos\/wp-json\/wp\/v2\/posts"}],"about":[{"href":"https:\/\/agora.xtec.cat\/escolapaudelclos\/wp-json\/wp\/v2\/types\/post"}],"author":[{"embeddable":true,"href":"https:\/\/agora.xtec.cat\/escolapaudelclos\/wp-json\/wp\/v2\/users\/1"}],"replies":[{"embeddable":true,"href":"https:\/\/agora.xtec.cat\/escolapaudelclos\/wp-json\/wp\/v2\/comments?post=746"}],"version-history":[{"count":2,"href":"https:\/\/agora.xtec.cat\/escolapaudelclos\/wp-json\/wp\/v2\/posts\/746\/revisions"}],"predecessor-version":[{"id":858,"href":"https:\/\/agora.xtec.cat\/escolapaudelclos\/wp-json\/wp\/v2\/posts\/746\/revisions\/858"}],"wp:featuredmedia":[{"embeddable":true,"href":"https:\/\/agora.xtec.cat\/escolapaudelclos\/wp-json\/wp\/v2\/media\/747"}],"wp:attachment":[{"href":"https:\/\/agora.xtec.cat\/escolapaudelclos\/wp-json\/wp\/v2\/media?parent=746"}],"wp:term":[{"taxonomy":"category","embeddable":true,"href":"https:\/\/agora.xtec.cat\/escolapaudelclos\/wp-json\/wp\/v2\/categories?post=746"},{"taxonomy":"post_tag","embeddable":true,"href":"https:\/\/agora.xtec.cat\/escolapaudelclos\/wp-json\/wp\/v2\/tags?post=746"}],"curies":[{"name":"wp","href":"https:\/\/api.w.org\/{rel}","templated":true}]}}