{"id":524,"date":"2021-10-01T15:54:23","date_gmt":"2021-10-01T13:54:23","guid":{"rendered":"https:\/\/agora.xtec.cat\/escolapaudelclos\/?p=524"},"modified":"2021-10-08T16:18:01","modified_gmt":"2021-10-08T14:18:01","slug":"lescola-estrena-web","status":"publish","type":"post","link":"https:\/\/agora.xtec.cat\/escolapaudelclos\/infantil\/i3\/lescola-estrena-web\/","title":{"rendered":"Nova p\u00e0gina web de l&#8217;Escola Pau Delcl\u00f2s"},"content":{"rendered":"<p>Comencem un nou curs amb energies renovades, i no nom\u00e9s les energies, tamb\u00e9 canviem de p\u00e0gina web.<\/p>\n<p>Es tracta d&#8217;un nou espai que ens ofereix el Departament d&#8217;Educaci\u00f3 anomenat NODES. <strong>NODES<\/strong> \u00e9s un sistema flexible que\u00a0est\u00e0 allotjat a <a href=\"http:\/\/agora.xtec.cat\/\">\u00c0gora<\/a>, que garanteix programari actualitzat, c\u00f2pies de seguretat di\u00e0ries, alta disponibilitat i suport personalitzat. <span style=\"font-family: inherit; font-size: 1em;\">Proporciona un web amb funcionalitats avan\u00e7ades per als centres educatius de Catalunya.<\/span><\/p>\n<p>La nova web mostrar\u00e0 les caracter\u00edstiques m\u00e9s rellevants del nostre centre, els documents que el regeixen, informacions sobre els diferents serveis que oferim aix\u00ed com un recull actualitzat de les activitats m\u00e9s significatives que es realitzin a l&#8217;escola.<\/p>\n<p>Esperem que us trobeu c\u00f2modes i que gaudiu de l&#8217;experi\u00e8ncia de navegar pel nostre NODES.<\/p>\n<p><a href=\"https:\/\/agora.xtec.cat\/escolapaudelclos\/wp-content\/uploads\/usu2656\/2021\/10\/article-1.png\"><img loading=\"lazy\" decoding=\"async\" class=\"alignnone size-large wp-image-525\" src=\"https:\/\/agora.xtec.cat\/escolapaudelclos\/wp-content\/uploads\/usu2656\/2021\/10\/article-1-1024x399.png\" alt=\"\" width=\"1024\" height=\"399\" \/><\/a><\/p>\n<p>&nbsp;<\/p>\n","protected":false},"excerpt":{"rendered":"<p>Comencem un nou curs amb energies renovades, i no nom\u00e9s les energies, tamb\u00e9 canviem de p\u00e0gina web. Es tracta d&#8217;un nou espai que ens ofereix el Departament d&#8217;Educaci\u00f3 anomenat NODES. NODES \u00e9s un sistema flexible que\u00a0est\u00e0 allotjat a \u00c0gora, que garanteix programari actualitzat, c\u00f2pies de seguretat di\u00e0ries, alta disponibilitat i suport personalitzat. Proporciona un web [&hellip;]<\/p>\n","protected":false},"author":1,"featured_media":0,"comment_status":"open","ping_status":"closed","sticky":false,"template":"","format":"standard","meta":{"_bbp_topic_count":0,"_bbp_reply_count":0,"_bbp_total_topic_count":0,"_bbp_total_reply_count":0,"_bbp_voice_count":0,"_bbp_anonymous_reply_count":0,"_bbp_topic_count_hidden":0,"_bbp_reply_count_hidden":0,"_bbp_forum_subforum_count":0,"site-sidebar-layout":"default","site-content-layout":"","ast-site-content-layout":"","site-content-style":"default","site-sidebar-style":"default","ast-global-header-display":"","ast-banner-title-visibility":"","ast-main-header-display":"","ast-hfb-above-header-display":"","ast-hfb-below-header-display":"","ast-hfb-mobile-header-display":"","site-post-title":"","ast-breadcrumbs-content":"","ast-featured-img":"","footer-sml-layout":"","theme-transparent-header-meta":"","adv-header-id-meta":"","stick-header-meta":"","header-above-stick-meta":"","header-main-stick-meta":"","header-below-stick-meta":"","astra-migrate-meta-layouts":"default","ast-page-background-enabled":"default","ast-page-background-meta":{"desktop":{"background-color":"var(--ast-global-color-4)","background-image":"","background-repeat":"repeat","background-position":"center center","background-size":"auto","background-attachment":"scroll","background-type":"","background-media":"","overlay-type":"","overlay-color":"","overlay-opacity":"","overlay-gradient":""},"tablet":{"background-color":"","background-image":"","background-repeat":"repeat","background-position":"center center","background-size":"auto","background-attachment":"scroll","background-type":"","background-media":"","overlay-type":"","overlay-color":"","overlay-opacity":"","overlay-gradient":""},"mobile":{"background-color":"","background-image":"","background-repeat":"repeat","background-position":"center center","background-size":"auto","background-attachment":"scroll","background-type":"","background-media":"","overlay-type":"","overlay-color":"","overlay-opacity":"","overlay-gradient":""}},"ast-content-background-meta":{"desktop":{"background-color":"var(--ast-global-color-5)","background-image":"","background-repeat":"repeat","background-position":"center center","background-size":"auto","background-attachment":"scroll","background-type":"","background-media":"","overlay-type":"","overlay-color":"","overlay-opacity":"","overlay-gradient":""},"tablet":{"background-color":"var(--ast-global-color-5)","background-image":"","background-repeat":"repeat","background-position":"center center","background-size":"auto","background-attachment":"scroll","background-type":"","background-media":"","overlay-type":"","overlay-color":"","overlay-opacity":"","overlay-gradient":""},"mobile":{"background-color":"var(--ast-global-color-5)","background-image":"","background-repeat":"repeat","background-position":"center center","background-size":"auto","background-attachment":"scroll","background-type":"","background-media":"","overlay-type":"","overlay-color":"","overlay-opacity":"","overlay-gradient":""}},"footnotes":""},"categories":[10,11,12,13,14,15,3,8,9,4],"tags":[62,61,63,60],"class_list":["post-524","post","type-post","status-publish","format-standard","hentry","category-1r","category-2n","category-3r","category-4t","category-5e","category-6e","category-i3","category-i4","category-i5","category-portada","tag-escola-pau-delclos","tag-nodes","tag-nova-web","tag-web-pau-delclos"],"post_mailing_queue_ids":[],"_links":{"self":[{"href":"https:\/\/agora.xtec.cat\/escolapaudelclos\/wp-json\/wp\/v2\/posts\/524","targetHints":{"allow":["GET"]}}],"collection":[{"href":"https:\/\/agora.xtec.cat\/escolapaudelclos\/wp-json\/wp\/v2\/posts"}],"about":[{"href":"https:\/\/agora.xtec.cat\/escolapaudelclos\/wp-json\/wp\/v2\/types\/post"}],"author":[{"embeddable":true,"href":"https:\/\/agora.xtec.cat\/escolapaudelclos\/wp-json\/wp\/v2\/users\/1"}],"replies":[{"embeddable":true,"href":"https:\/\/agora.xtec.cat\/escolapaudelclos\/wp-json\/wp\/v2\/comments?post=524"}],"version-history":[{"count":3,"href":"https:\/\/agora.xtec.cat\/escolapaudelclos\/wp-json\/wp\/v2\/posts\/524\/revisions"}],"predecessor-version":[{"id":528,"href":"https:\/\/agora.xtec.cat\/escolapaudelclos\/wp-json\/wp\/v2\/posts\/524\/revisions\/528"}],"wp:attachment":[{"href":"https:\/\/agora.xtec.cat\/escolapaudelclos\/wp-json\/wp\/v2\/media?parent=524"}],"wp:term":[{"taxonomy":"category","embeddable":true,"href":"https:\/\/agora.xtec.cat\/escolapaudelclos\/wp-json\/wp\/v2\/categories?post=524"},{"taxonomy":"post_tag","embeddable":true,"href":"https:\/\/agora.xtec.cat\/escolapaudelclos\/wp-json\/wp\/v2\/tags?post=524"}],"curies":[{"name":"wp","href":"https:\/\/api.w.org\/{rel}","templated":true}]}}