{"id":4419,"date":"2026-04-28T11:08:25","date_gmt":"2026-04-28T09:08:25","guid":{"rendered":"https:\/\/agora.xtec.cat\/escolapaudelclos\/?p=4419"},"modified":"2026-04-28T11:08:25","modified_gmt":"2026-04-28T09:08:25","slug":"3r-ballada-de-sant-jordi-a-torreforta","status":"publish","type":"post","link":"https:\/\/agora.xtec.cat\/escolapaudelclos\/general\/3r-ballada-de-sant-jordi-a-torreforta\/","title":{"rendered":"3r &#8211; Ballada de Sant Jordi a Torreforta"},"content":{"rendered":"<p>Divendres 24 d\u2019abril al mat\u00ed, l\u2019alumnat de 3r va participar en una sortida al barri de Torreforta per assistir a una ballada de Sant Jordi. Aquesta activitat forma part de les actuacions del Pla Educatiu d\u2019Entorn de Tarragona i va comptar amb la participaci\u00f3 de diferents escoles de la ciutat.<\/p>\n<p>Durant la jornada, els nens i nenes van poder gaudir de diferents balls tradicionals catalans, com el ball del rogle, el Ball Franc\u00e8s d\u2019Enviny i la sardana. A m\u00e9s, van tenir l\u2019oportunitat de participar activament en la ballada i compartir l\u2019experi\u00e8ncia amb la resta d\u2019escoles.<\/p>\n<p>La trobada va finalitzar amb una gran sardana conjunta, en qu\u00e8 tots els alumnes participants van ballar plegats, creant un moment molt especial de conviv\u00e8ncia, m\u00fasica i tradici\u00f3.<\/p>\n<p>La sortida s\u2019emmarca dins la celebraci\u00f3 de la Diada de Sant Jordi i t\u00e9 com a objectiu fomentar la conviv\u00e8ncia entre escoles i donar a con\u00e8ixer les tradicions i els costums dansaires del nostre entorn.<\/p>\n<p>Va ser una jornada molt enriquidora en qu\u00e8 vam gaudir de la m\u00fasica, del moviment i de compartir la dansa amb altres escoles, vivint un moment de comunitat i alegria que recordarem amb molt bon record.<\/p>\n<table style=\"border-collapse: collapse; width: 100%;\">\n<tbody>\n<tr>\n<td style=\"width: 50%; border-style: hidden; text-align: center;\"><a href=\"https:\/\/agora.xtec.cat\/escolapaudelclos\/wp-content\/uploads\/usu2656\/2026\/04\/WhatsApp-Image-2026-04-26-at-20.18.34.jpeg\"><img loading=\"lazy\" decoding=\"async\" class=\"alignnone  wp-image-4420\" src=\"https:\/\/agora.xtec.cat\/escolapaudelclos\/wp-content\/uploads\/usu2656\/2026\/04\/WhatsApp-Image-2026-04-26-at-20.18.34.jpeg\" alt=\"\" width=\"599\" height=\"363\" srcset=\"https:\/\/agora.xtec.cat\/escolapaudelclos\/wp-content\/uploads\/usu2656\/2026\/04\/WhatsApp-Image-2026-04-26-at-20.18.34.jpeg 1961w, https:\/\/agora.xtec.cat\/escolapaudelclos\/wp-content\/uploads\/usu2656\/2026\/04\/WhatsApp-Image-2026-04-26-at-20.18.34-300x182.jpeg 300w, https:\/\/agora.xtec.cat\/escolapaudelclos\/wp-content\/uploads\/usu2656\/2026\/04\/WhatsApp-Image-2026-04-26-at-20.18.34-1024x621.jpeg 1024w, https:\/\/agora.xtec.cat\/escolapaudelclos\/wp-content\/uploads\/usu2656\/2026\/04\/WhatsApp-Image-2026-04-26-at-20.18.34-768x466.jpeg 768w, https:\/\/agora.xtec.cat\/escolapaudelclos\/wp-content\/uploads\/usu2656\/2026\/04\/WhatsApp-Image-2026-04-26-at-20.18.34-1536x932.jpeg 1536w\" sizes=\"auto, (max-width: 599px) 100vw, 599px\" \/><\/a><\/td>\n<td style=\"width: 50%; border-style: hidden; text-align: center;\"><a href=\"https:\/\/agora.xtec.cat\/escolapaudelclos\/wp-content\/uploads\/usu2656\/2026\/04\/Ballada-de-Sant-Jordi.jpeg\"><img loading=\"lazy\" decoding=\"async\" class=\"alignnone size-full wp-image-4421\" src=\"https:\/\/agora.xtec.cat\/escolapaudelclos\/wp-content\/uploads\/usu2656\/2026\/04\/Ballada-de-Sant-Jordi.jpeg\" alt=\"\" width=\"1920\" height=\"1080\" srcset=\"https:\/\/agora.xtec.cat\/escolapaudelclos\/wp-content\/uploads\/usu2656\/2026\/04\/Ballada-de-Sant-Jordi.jpeg 1920w, https:\/\/agora.xtec.cat\/escolapaudelclos\/wp-content\/uploads\/usu2656\/2026\/04\/Ballada-de-Sant-Jordi-300x169.jpeg 300w, https:\/\/agora.xtec.cat\/escolapaudelclos\/wp-content\/uploads\/usu2656\/2026\/04\/Ballada-de-Sant-Jordi-1024x576.jpeg 1024w, https:\/\/agora.xtec.cat\/escolapaudelclos\/wp-content\/uploads\/usu2656\/2026\/04\/Ballada-de-Sant-Jordi-768x432.jpeg 768w, https:\/\/agora.xtec.cat\/escolapaudelclos\/wp-content\/uploads\/usu2656\/2026\/04\/Ballada-de-Sant-Jordi-1536x864.jpeg 1536w\" sizes=\"auto, (max-width: 1920px) 100vw, 1920px\" \/><\/a><\/td>\n<\/tr>\n<\/tbody>\n<\/table>\n","protected":false},"excerpt":{"rendered":"<p>Divendres 24 d\u2019abril al mat\u00ed, l\u2019alumnat de 3r va participar en una sortida al barri de Torreforta per assistir a una ballada de Sant Jordi. Aquesta activitat forma part de les actuacions del Pla Educatiu d\u2019Entorn de Tarragona i va comptar amb la participaci\u00f3 de diferents escoles de la ciutat. Durant la jornada, els nens [&hellip;]<\/p>\n","protected":false},"author":1,"featured_media":4420,"comment_status":"open","ping_status":"open","sticky":false,"template":"","format":"standard","meta":{"_bbp_topic_count":0,"_bbp_reply_count":0,"_bbp_total_topic_count":0,"_bbp_total_reply_count":0,"_bbp_voice_count":0,"_bbp_anonymous_reply_count":0,"_bbp_topic_count_hidden":0,"_bbp_reply_count_hidden":0,"_bbp_forum_subforum_count":0,"site-sidebar-layout":"default","site-content-layout":"","ast-site-content-layout":"default","site-content-style":"default","site-sidebar-style":"default","ast-global-header-display":"","ast-banner-title-visibility":"","ast-main-header-display":"","ast-hfb-above-header-display":"","ast-hfb-below-header-display":"","ast-hfb-mobile-header-display":"","site-post-title":"","ast-breadcrumbs-content":"","ast-featured-img":"","footer-sml-layout":"","theme-transparent-header-meta":"default","adv-header-id-meta":"","stick-header-meta":"","header-above-stick-meta":"","header-main-stick-meta":"","header-below-stick-meta":"","astra-migrate-meta-layouts":"set","ast-page-background-enabled":"default","ast-page-background-meta":{"desktop":{"background-color":"var(--ast-global-color-4)","background-image":"","background-repeat":"repeat","background-position":"center center","background-size":"auto","background-attachment":"scroll","background-type":"","background-media":"","overlay-type":"","overlay-color":"","overlay-opacity":"","overlay-gradient":""},"tablet":{"background-color":"","background-image":"","background-repeat":"repeat","background-position":"center center","background-size":"auto","background-attachment":"scroll","background-type":"","background-media":"","overlay-type":"","overlay-color":"","overlay-opacity":"","overlay-gradient":""},"mobile":{"background-color":"","background-image":"","background-repeat":"repeat","background-position":"center center","background-size":"auto","background-attachment":"scroll","background-type":"","background-media":"","overlay-type":"","overlay-color":"","overlay-opacity":"","overlay-gradient":""}},"ast-content-background-meta":{"desktop":{"background-color":"var(--ast-global-color-5)","background-image":"","background-repeat":"repeat","background-position":"center center","background-size":"auto","background-attachment":"scroll","background-type":"","background-media":"","overlay-type":"","overlay-color":"","overlay-opacity":"","overlay-gradient":""},"tablet":{"background-color":"var(--ast-global-color-5)","background-image":"","background-repeat":"repeat","background-position":"center center","background-size":"auto","background-attachment":"scroll","background-type":"","background-media":"","overlay-type":"","overlay-color":"","overlay-opacity":"","overlay-gradient":""},"mobile":{"background-color":"var(--ast-global-color-5)","background-image":"","background-repeat":"repeat","background-position":"center center","background-size":"auto","background-attachment":"scroll","background-type":"","background-media":"","overlay-type":"","overlay-color":"","overlay-opacity":"","overlay-gradient":""}},"footnotes":""},"categories":[5,12,1,4],"tags":[266,816,819,820,522,470,272,476,62,818,81,817,67,815,103],"class_list":["post-4419","post","type-post","status-publish","format-standard","has-post-thumbnail","hentry","category-primaria","category-3r","category-general","category-portada","tag-3r","tag-ballada-de-sant-jordi","tag-balls-tradicionals-catalans","tag-costums","tag-curs-25-26","tag-dansa","tag-diada-de-sant-jordi","tag-entorn","tag-escola-pau-delclos","tag-escoles","tag-musica","tag-pla-educatiu-dentorn-de-tarragona","tag-tarragona","tag-torreforta","tag-tradicions"],"post_mailing_queue_ids":[],"_links":{"self":[{"href":"https:\/\/agora.xtec.cat\/escolapaudelclos\/wp-json\/wp\/v2\/posts\/4419","targetHints":{"allow":["GET"]}}],"collection":[{"href":"https:\/\/agora.xtec.cat\/escolapaudelclos\/wp-json\/wp\/v2\/posts"}],"about":[{"href":"https:\/\/agora.xtec.cat\/escolapaudelclos\/wp-json\/wp\/v2\/types\/post"}],"author":[{"embeddable":true,"href":"https:\/\/agora.xtec.cat\/escolapaudelclos\/wp-json\/wp\/v2\/users\/1"}],"replies":[{"embeddable":true,"href":"https:\/\/agora.xtec.cat\/escolapaudelclos\/wp-json\/wp\/v2\/comments?post=4419"}],"version-history":[{"count":1,"href":"https:\/\/agora.xtec.cat\/escolapaudelclos\/wp-json\/wp\/v2\/posts\/4419\/revisions"}],"predecessor-version":[{"id":4422,"href":"https:\/\/agora.xtec.cat\/escolapaudelclos\/wp-json\/wp\/v2\/posts\/4419\/revisions\/4422"}],"wp:featuredmedia":[{"embeddable":true,"href":"https:\/\/agora.xtec.cat\/escolapaudelclos\/wp-json\/wp\/v2\/media\/4420"}],"wp:attachment":[{"href":"https:\/\/agora.xtec.cat\/escolapaudelclos\/wp-json\/wp\/v2\/media?parent=4419"}],"wp:term":[{"taxonomy":"category","embeddable":true,"href":"https:\/\/agora.xtec.cat\/escolapaudelclos\/wp-json\/wp\/v2\/categories?post=4419"},{"taxonomy":"post_tag","embeddable":true,"href":"https:\/\/agora.xtec.cat\/escolapaudelclos\/wp-json\/wp\/v2\/tags?post=4419"}],"curies":[{"name":"wp","href":"https:\/\/api.w.org\/{rel}","templated":true}]}}