{"id":4356,"date":"2026-04-28T09:20:56","date_gmt":"2026-04-28T07:20:56","guid":{"rendered":"https:\/\/agora.xtec.cat\/escolapaudelclos\/?p=4356"},"modified":"2026-04-28T09:20:56","modified_gmt":"2026-04-28T07:20:56","slug":"ci-sant-jordi","status":"publish","type":"post","link":"https:\/\/agora.xtec.cat\/escolapaudelclos\/general\/ci-sant-jordi\/","title":{"rendered":"CI &#8211; Sant Jordi"},"content":{"rendered":"<p>Per celebrar la diada de Sant Jordi, les classes de 1r i 2n ens hem trobat per compartir una estona molt especial al voltant de la lectura.<\/p>\n<p>Al llarg del mat\u00ed, els nens i nenes han portat els seus llibres preferits i els han compartit amb els companys i companyes. Hem creat petits grups de lectura on cadasc\u00fa ha pogut explicar de qu\u00e8 tracta el seu llibre, llegir-ne un fragment i recomanar-lo als altres.<\/p>\n<p>Aquesta activitat ha estat una oportunitat molt bonica per fomentar el gust per la lectura, escoltar hist\u00f2ries diferents i descobrir nous llibres. A m\u00e9s, ha ajudat a enfortir els vincles entre els alumnes de diferents cursos, creant un ambient de respecte, inter\u00e8s i il\u00b7lusi\u00f3.<\/p>\n<p>Ha estat un mat\u00ed ple de contes, imaginaci\u00f3 i somriures, vivint junts l\u2019esperit de Sant Jordi.<\/p>\n<table style=\"border-collapse: collapse; width: 100%;\">\n<tbody>\n<tr>\n<td style=\"width: 50%; border-style: hidden;\"><a href=\"https:\/\/agora.xtec.cat\/escolapaudelclos\/wp-content\/uploads\/usu2656\/2026\/04\/PHOTO-2026-04-27-16-07-56.jpg\"><img loading=\"lazy\" decoding=\"async\" class=\"alignnone size-full wp-image-4357\" src=\"https:\/\/agora.xtec.cat\/escolapaudelclos\/wp-content\/uploads\/usu2656\/2026\/04\/PHOTO-2026-04-27-16-07-56.jpg\" alt=\"\" width=\"2048\" height=\"1536\" srcset=\"https:\/\/agora.xtec.cat\/escolapaudelclos\/wp-content\/uploads\/usu2656\/2026\/04\/PHOTO-2026-04-27-16-07-56.jpg 2048w, https:\/\/agora.xtec.cat\/escolapaudelclos\/wp-content\/uploads\/usu2656\/2026\/04\/PHOTO-2026-04-27-16-07-56-300x225.jpg 300w, https:\/\/agora.xtec.cat\/escolapaudelclos\/wp-content\/uploads\/usu2656\/2026\/04\/PHOTO-2026-04-27-16-07-56-1024x768.jpg 1024w, https:\/\/agora.xtec.cat\/escolapaudelclos\/wp-content\/uploads\/usu2656\/2026\/04\/PHOTO-2026-04-27-16-07-56-768x576.jpg 768w, https:\/\/agora.xtec.cat\/escolapaudelclos\/wp-content\/uploads\/usu2656\/2026\/04\/PHOTO-2026-04-27-16-07-56-1536x1152.jpg 1536w, https:\/\/agora.xtec.cat\/escolapaudelclos\/wp-content\/uploads\/usu2656\/2026\/04\/PHOTO-2026-04-27-16-07-56-200x150.jpg 200w\" sizes=\"auto, (max-width: 2048px) 100vw, 2048px\" \/><\/a><\/td>\n<td style=\"width: 50%; border-style: hidden;\"><a href=\"https:\/\/agora.xtec.cat\/escolapaudelclos\/wp-content\/uploads\/usu2656\/2026\/04\/IMG_4201.jpeg\"><img loading=\"lazy\" decoding=\"async\" class=\"alignnone size-full wp-image-4358\" src=\"https:\/\/agora.xtec.cat\/escolapaudelclos\/wp-content\/uploads\/usu2656\/2026\/04\/IMG_4201.jpeg\" alt=\"\" width=\"2056\" height=\"1542\" srcset=\"https:\/\/agora.xtec.cat\/escolapaudelclos\/wp-content\/uploads\/usu2656\/2026\/04\/IMG_4201.jpeg 2056w, https:\/\/agora.xtec.cat\/escolapaudelclos\/wp-content\/uploads\/usu2656\/2026\/04\/IMG_4201-300x225.jpeg 300w, https:\/\/agora.xtec.cat\/escolapaudelclos\/wp-content\/uploads\/usu2656\/2026\/04\/IMG_4201-1024x768.jpeg 1024w, https:\/\/agora.xtec.cat\/escolapaudelclos\/wp-content\/uploads\/usu2656\/2026\/04\/IMG_4201-768x576.jpeg 768w, https:\/\/agora.xtec.cat\/escolapaudelclos\/wp-content\/uploads\/usu2656\/2026\/04\/IMG_4201-1536x1152.jpeg 1536w, https:\/\/agora.xtec.cat\/escolapaudelclos\/wp-content\/uploads\/usu2656\/2026\/04\/IMG_4201-2048x1536.jpeg 2048w, https:\/\/agora.xtec.cat\/escolapaudelclos\/wp-content\/uploads\/usu2656\/2026\/04\/IMG_4201-200x150.jpeg 200w\" sizes=\"auto, (max-width: 2056px) 100vw, 2056px\" \/><\/a><\/td>\n<\/tr>\n<\/tbody>\n<\/table>\n<p>&nbsp;<\/p>\n<p>&nbsp;<\/p>\n","protected":false},"excerpt":{"rendered":"<p>Per celebrar la diada de Sant Jordi, les classes de 1r i 2n ens hem trobat per compartir una estona molt especial al voltant de la lectura. Al llarg del mat\u00ed, els nens i nenes han portat els seus llibres preferits i els han compartit amb els companys i companyes. Hem creat petits grups de [&hellip;]<\/p>\n","protected":false},"author":1,"featured_media":4357,"comment_status":"open","ping_status":"open","sticky":false,"template":"","format":"standard","meta":{"_bbp_topic_count":0,"_bbp_reply_count":0,"_bbp_total_topic_count":0,"_bbp_total_reply_count":0,"_bbp_voice_count":0,"_bbp_anonymous_reply_count":0,"_bbp_topic_count_hidden":0,"_bbp_reply_count_hidden":0,"_bbp_forum_subforum_count":0,"site-sidebar-layout":"default","site-content-layout":"","ast-site-content-layout":"","site-content-style":"default","site-sidebar-style":"default","ast-global-header-display":"","ast-banner-title-visibility":"","ast-main-header-display":"","ast-hfb-above-header-display":"","ast-hfb-below-header-display":"","ast-hfb-mobile-header-display":"","site-post-title":"","ast-breadcrumbs-content":"","ast-featured-img":"","footer-sml-layout":"","theme-transparent-header-meta":"","adv-header-id-meta":"","stick-header-meta":"","header-above-stick-meta":"","header-main-stick-meta":"","header-below-stick-meta":"","astra-migrate-meta-layouts":"default","ast-page-background-enabled":"default","ast-page-background-meta":{"desktop":{"background-color":"var(--ast-global-color-4)","background-image":"","background-repeat":"repeat","background-position":"center center","background-size":"auto","background-attachment":"scroll","background-type":"","background-media":"","overlay-type":"","overlay-color":"","overlay-opacity":"","overlay-gradient":""},"tablet":{"background-color":"","background-image":"","background-repeat":"repeat","background-position":"center center","background-size":"auto","background-attachment":"scroll","background-type":"","background-media":"","overlay-type":"","overlay-color":"","overlay-opacity":"","overlay-gradient":""},"mobile":{"background-color":"","background-image":"","background-repeat":"repeat","background-position":"center center","background-size":"auto","background-attachment":"scroll","background-type":"","background-media":"","overlay-type":"","overlay-color":"","overlay-opacity":"","overlay-gradient":""}},"ast-content-background-meta":{"desktop":{"background-color":"var(--ast-global-color-5)","background-image":"","background-repeat":"repeat","background-position":"center center","background-size":"auto","background-attachment":"scroll","background-type":"","background-media":"","overlay-type":"","overlay-color":"","overlay-opacity":"","overlay-gradient":""},"tablet":{"background-color":"var(--ast-global-color-5)","background-image":"","background-repeat":"repeat","background-position":"center center","background-size":"auto","background-attachment":"scroll","background-type":"","background-media":"","overlay-type":"","overlay-color":"","overlay-opacity":"","overlay-gradient":""},"mobile":{"background-color":"var(--ast-global-color-5)","background-image":"","background-repeat":"repeat","background-position":"center center","background-size":"auto","background-attachment":"scroll","background-type":"","background-media":"","overlay-type":"","overlay-color":"","overlay-opacity":"","overlay-gradient":""}},"footnotes":""},"categories":[5,10,11,1,4],"tags":[114,116,814,112,452,522,62,569,752,157,384],"class_list":["post-4356","post","type-post","status-publish","format-standard","has-post-thumbnail","hentry","category-primaria","category-1r","category-2n","category-general","category-portada","tag-1r","tag-2n","tag-ci","tag-cicle-inicial","tag-compartir","tag-curs-25-26","tag-escola-pau-delclos","tag-lectura","tag-llibres","tag-sant-jordi","tag-santa-jordina"],"post_mailing_queue_ids":[],"_links":{"self":[{"href":"https:\/\/agora.xtec.cat\/escolapaudelclos\/wp-json\/wp\/v2\/posts\/4356","targetHints":{"allow":["GET"]}}],"collection":[{"href":"https:\/\/agora.xtec.cat\/escolapaudelclos\/wp-json\/wp\/v2\/posts"}],"about":[{"href":"https:\/\/agora.xtec.cat\/escolapaudelclos\/wp-json\/wp\/v2\/types\/post"}],"author":[{"embeddable":true,"href":"https:\/\/agora.xtec.cat\/escolapaudelclos\/wp-json\/wp\/v2\/users\/1"}],"replies":[{"embeddable":true,"href":"https:\/\/agora.xtec.cat\/escolapaudelclos\/wp-json\/wp\/v2\/comments?post=4356"}],"version-history":[{"count":1,"href":"https:\/\/agora.xtec.cat\/escolapaudelclos\/wp-json\/wp\/v2\/posts\/4356\/revisions"}],"predecessor-version":[{"id":4359,"href":"https:\/\/agora.xtec.cat\/escolapaudelclos\/wp-json\/wp\/v2\/posts\/4356\/revisions\/4359"}],"wp:featuredmedia":[{"embeddable":true,"href":"https:\/\/agora.xtec.cat\/escolapaudelclos\/wp-json\/wp\/v2\/media\/4357"}],"wp:attachment":[{"href":"https:\/\/agora.xtec.cat\/escolapaudelclos\/wp-json\/wp\/v2\/media?parent=4356"}],"wp:term":[{"taxonomy":"category","embeddable":true,"href":"https:\/\/agora.xtec.cat\/escolapaudelclos\/wp-json\/wp\/v2\/categories?post=4356"},{"taxonomy":"post_tag","embeddable":true,"href":"https:\/\/agora.xtec.cat\/escolapaudelclos\/wp-json\/wp\/v2\/tags?post=4356"}],"curies":[{"name":"wp","href":"https:\/\/api.w.org\/{rel}","templated":true}]}}