{"id":4351,"date":"2026-04-28T09:18:13","date_gmt":"2026-04-28T07:18:13","guid":{"rendered":"https:\/\/agora.xtec.cat\/escolapaudelclos\/?p=4351"},"modified":"2026-04-28T09:18:13","modified_gmt":"2026-04-28T07:18:13","slug":"3r-sant-jordi","status":"publish","type":"post","link":"https:\/\/agora.xtec.cat\/escolapaudelclos\/general\/3r-sant-jordi\/","title":{"rendered":"3r &#8211; Sant Jordi"},"content":{"rendered":"<p>La setmana de Sant Jordi, l\u2019alumnat de tercer ha celebrat aquesta diada amb diferents activitats molt engrescadores.<\/p>\n<p>Durant la setmana, han estat preparant una rosa molt especial per endur-se-la a casa. L\u2019han feta reutilitzant oueres, que han pintat amb molta cura i creativitat. Tamb\u00e9 hi han afegit una mica de plastilina, la tija amb un pal de brotxeta de fusta i les fulles amb cartolina. El mateix dia de Sant Jordi van acabar d\u2019enllestir-la per poder-la portar a casa com a record d\u2019aquesta diada tan bonica.<\/p>\n<p>A m\u00e9s, han treballat la llegenda de Sant Jordi a trav\u00e9s de diferents activitats. Han fet la lectura de la llegenda, la seva comprensi\u00f3 lectora, un dibuix sobre la llegenda i tamb\u00e9 una sopa de lletres relacionada amb els personatges i elements principals de la hist\u00f2ria.<\/p>\n<p>Per complementar els aprenentatges, tamb\u00e9 han vist v\u00eddeos explicatius sobre la festivitat de Sant Jordi, com els del programa InfoK, que els han ajudat a entendre millor l\u2019origen i el significat d\u2019aquesta tradici\u00f3.<\/p>\n<p>Ha estat una setmana plena d\u2019aprenentatges, creativitat i il\u00b7lusi\u00f3!<\/p>\n<table style=\"border-collapse: collapse; width: 100%;\">\n<tbody>\n<tr>\n<td style=\"width: 33.3333%; border-style: hidden;\"><a href=\"https:\/\/agora.xtec.cat\/escolapaudelclos\/wp-content\/uploads\/usu2656\/2026\/04\/roses-3.jpeg\"><img loading=\"lazy\" decoding=\"async\" class=\"alignnone size-full wp-image-4352\" src=\"https:\/\/agora.xtec.cat\/escolapaudelclos\/wp-content\/uploads\/usu2656\/2026\/04\/roses-3.jpeg\" alt=\"\" width=\"918\" height=\"1351\" srcset=\"https:\/\/agora.xtec.cat\/escolapaudelclos\/wp-content\/uploads\/usu2656\/2026\/04\/roses-3.jpeg 918w, https:\/\/agora.xtec.cat\/escolapaudelclos\/wp-content\/uploads\/usu2656\/2026\/04\/roses-3-204x300.jpeg 204w, https:\/\/agora.xtec.cat\/escolapaudelclos\/wp-content\/uploads\/usu2656\/2026\/04\/roses-3-696x1024.jpeg 696w, https:\/\/agora.xtec.cat\/escolapaudelclos\/wp-content\/uploads\/usu2656\/2026\/04\/roses-3-768x1130.jpeg 768w\" sizes=\"auto, (max-width: 918px) 100vw, 918px\" \/><\/a><\/td>\n<td style=\"width: 33.3333%; border-style: hidden;\"><a href=\"https:\/\/agora.xtec.cat\/escolapaudelclos\/wp-content\/uploads\/usu2656\/2026\/04\/roses-2.jpeg\"><img loading=\"lazy\" decoding=\"async\" class=\"alignnone size-full wp-image-4353\" src=\"https:\/\/agora.xtec.cat\/escolapaudelclos\/wp-content\/uploads\/usu2656\/2026\/04\/roses-2.jpeg\" alt=\"\" width=\"2048\" height=\"1154\" srcset=\"https:\/\/agora.xtec.cat\/escolapaudelclos\/wp-content\/uploads\/usu2656\/2026\/04\/roses-2.jpeg 2048w, https:\/\/agora.xtec.cat\/escolapaudelclos\/wp-content\/uploads\/usu2656\/2026\/04\/roses-2-300x169.jpeg 300w, https:\/\/agora.xtec.cat\/escolapaudelclos\/wp-content\/uploads\/usu2656\/2026\/04\/roses-2-1024x577.jpeg 1024w, https:\/\/agora.xtec.cat\/escolapaudelclos\/wp-content\/uploads\/usu2656\/2026\/04\/roses-2-768x433.jpeg 768w, https:\/\/agora.xtec.cat\/escolapaudelclos\/wp-content\/uploads\/usu2656\/2026\/04\/roses-2-1536x866.jpeg 1536w\" sizes=\"auto, (max-width: 2048px) 100vw, 2048px\" \/><\/a><\/td>\n<td style=\"width: 33.3333%; border-style: hidden;\"><a href=\"https:\/\/agora.xtec.cat\/escolapaudelclos\/wp-content\/uploads\/usu2656\/2026\/04\/roses-1.jpeg\"><img loading=\"lazy\" decoding=\"async\" class=\"alignnone size-full wp-image-4354\" src=\"https:\/\/agora.xtec.cat\/escolapaudelclos\/wp-content\/uploads\/usu2656\/2026\/04\/roses-1.jpeg\" alt=\"\" width=\"1214\" height=\"2048\" srcset=\"https:\/\/agora.xtec.cat\/escolapaudelclos\/wp-content\/uploads\/usu2656\/2026\/04\/roses-1.jpeg 1214w, https:\/\/agora.xtec.cat\/escolapaudelclos\/wp-content\/uploads\/usu2656\/2026\/04\/roses-1-178x300.jpeg 178w, https:\/\/agora.xtec.cat\/escolapaudelclos\/wp-content\/uploads\/usu2656\/2026\/04\/roses-1-607x1024.jpeg 607w, https:\/\/agora.xtec.cat\/escolapaudelclos\/wp-content\/uploads\/usu2656\/2026\/04\/roses-1-768x1296.jpeg 768w, https:\/\/agora.xtec.cat\/escolapaudelclos\/wp-content\/uploads\/usu2656\/2026\/04\/roses-1-911x1536.jpeg 911w\" sizes=\"auto, (max-width: 1214px) 100vw, 1214px\" \/><\/a><\/td>\n<\/tr>\n<\/tbody>\n<\/table>\n","protected":false},"excerpt":{"rendered":"<p>La setmana de Sant Jordi, l\u2019alumnat de tercer ha celebrat aquesta diada amb diferents activitats molt engrescadores. Durant la setmana, han estat preparant una rosa molt especial per endur-se-la a casa. L\u2019han feta reutilitzant oueres, que han pintat amb molta cura i creativitat. Tamb\u00e9 hi han afegit una mica de plastilina, la tija amb un [&hellip;]<\/p>\n","protected":false},"author":1,"featured_media":4354,"comment_status":"open","ping_status":"open","sticky":false,"template":"","format":"standard","meta":{"_bbp_topic_count":0,"_bbp_reply_count":0,"_bbp_total_topic_count":0,"_bbp_total_reply_count":0,"_bbp_voice_count":0,"_bbp_anonymous_reply_count":0,"_bbp_topic_count_hidden":0,"_bbp_reply_count_hidden":0,"_bbp_forum_subforum_count":0,"site-sidebar-layout":"default","site-content-layout":"","ast-site-content-layout":"","site-content-style":"default","site-sidebar-style":"default","ast-global-header-display":"","ast-banner-title-visibility":"","ast-main-header-display":"","ast-hfb-above-header-display":"","ast-hfb-below-header-display":"","ast-hfb-mobile-header-display":"","site-post-title":"","ast-breadcrumbs-content":"","ast-featured-img":"","footer-sml-layout":"","theme-transparent-header-meta":"","adv-header-id-meta":"","stick-header-meta":"","header-above-stick-meta":"","header-main-stick-meta":"","header-below-stick-meta":"","astra-migrate-meta-layouts":"default","ast-page-background-enabled":"default","ast-page-background-meta":{"desktop":{"background-color":"var(--ast-global-color-4)","background-image":"","background-repeat":"repeat","background-position":"center center","background-size":"auto","background-attachment":"scroll","background-type":"","background-media":"","overlay-type":"","overlay-color":"","overlay-opacity":"","overlay-gradient":""},"tablet":{"background-color":"","background-image":"","background-repeat":"repeat","background-position":"center center","background-size":"auto","background-attachment":"scroll","background-type":"","background-media":"","overlay-type":"","overlay-color":"","overlay-opacity":"","overlay-gradient":""},"mobile":{"background-color":"","background-image":"","background-repeat":"repeat","background-position":"center center","background-size":"auto","background-attachment":"scroll","background-type":"","background-media":"","overlay-type":"","overlay-color":"","overlay-opacity":"","overlay-gradient":""}},"ast-content-background-meta":{"desktop":{"background-color":"var(--ast-global-color-5)","background-image":"","background-repeat":"repeat","background-position":"center center","background-size":"auto","background-attachment":"scroll","background-type":"","background-media":"","overlay-type":"","overlay-color":"","overlay-opacity":"","overlay-gradient":""},"tablet":{"background-color":"var(--ast-global-color-5)","background-image":"","background-repeat":"repeat","background-position":"center center","background-size":"auto","background-attachment":"scroll","background-type":"","background-media":"","overlay-type":"","overlay-color":"","overlay-opacity":"","overlay-gradient":""},"mobile":{"background-color":"var(--ast-global-color-5)","background-image":"","background-repeat":"repeat","background-position":"center center","background-size":"auto","background-attachment":"scroll","background-type":"","background-media":"","overlay-type":"","overlay-color":"","overlay-opacity":"","overlay-gradient":""}},"footnotes":""},"categories":[5,12,1,4],"tags":[266,607,522,62,639,813,469,67],"class_list":["post-4351","post","type-post","status-publish","format-standard","has-post-thumbnail","hentry","category-primaria","category-3r","category-general","category-portada","tag-3r","tag-creativitat","tag-curs-25-26","tag-escola-pau-delclos","tag-manualitats","tag-roses","tag-sant-jordi-i-santa-jordina","tag-tarragona"],"post_mailing_queue_ids":[],"_links":{"self":[{"href":"https:\/\/agora.xtec.cat\/escolapaudelclos\/wp-json\/wp\/v2\/posts\/4351","targetHints":{"allow":["GET"]}}],"collection":[{"href":"https:\/\/agora.xtec.cat\/escolapaudelclos\/wp-json\/wp\/v2\/posts"}],"about":[{"href":"https:\/\/agora.xtec.cat\/escolapaudelclos\/wp-json\/wp\/v2\/types\/post"}],"author":[{"embeddable":true,"href":"https:\/\/agora.xtec.cat\/escolapaudelclos\/wp-json\/wp\/v2\/users\/1"}],"replies":[{"embeddable":true,"href":"https:\/\/agora.xtec.cat\/escolapaudelclos\/wp-json\/wp\/v2\/comments?post=4351"}],"version-history":[{"count":1,"href":"https:\/\/agora.xtec.cat\/escolapaudelclos\/wp-json\/wp\/v2\/posts\/4351\/revisions"}],"predecessor-version":[{"id":4355,"href":"https:\/\/agora.xtec.cat\/escolapaudelclos\/wp-json\/wp\/v2\/posts\/4351\/revisions\/4355"}],"wp:featuredmedia":[{"embeddable":true,"href":"https:\/\/agora.xtec.cat\/escolapaudelclos\/wp-json\/wp\/v2\/media\/4354"}],"wp:attachment":[{"href":"https:\/\/agora.xtec.cat\/escolapaudelclos\/wp-json\/wp\/v2\/media?parent=4351"}],"wp:term":[{"taxonomy":"category","embeddable":true,"href":"https:\/\/agora.xtec.cat\/escolapaudelclos\/wp-json\/wp\/v2\/categories?post=4351"},{"taxonomy":"post_tag","embeddable":true,"href":"https:\/\/agora.xtec.cat\/escolapaudelclos\/wp-json\/wp\/v2\/tags?post=4351"}],"curies":[{"name":"wp","href":"https:\/\/api.w.org\/{rel}","templated":true}]}}