{"id":4348,"date":"2026-04-24T15:11:44","date_gmt":"2026-04-24T13:11:44","guid":{"rendered":"https:\/\/agora.xtec.cat\/escolapaudelclos\/?p=4348"},"modified":"2026-04-24T15:17:26","modified_gmt":"2026-04-24T13:17:26","slug":"i4-sortida-al-balco-del-mediterrani","status":"publish","type":"post","link":"https:\/\/agora.xtec.cat\/escolapaudelclos\/infantil\/i4-sortida-al-balco-del-mediterrani\/","title":{"rendered":"I4- SORTIDA AL BALC\u00d3 DEL MEDITERRANI"},"content":{"rendered":"<p>DIVENDRES 24 D&#8217;ABRIL, ELS I LES ALUMNES D&#8217;I4 HEM VISITAT EL BALC\u00d3 DEL MEDITERRANI, EL QUAL EST\u00c0 SITUAT AL PRINCIPI DE LA RAMBLA NOVA DE TARRAGONA. DES DEL BALC\u00d3 HEM APRECIAT UNA MAGN\u00cdFICA VISTA SOBRE EL MAR, EL PORT, L&#8217;ESTACI\u00d3 DEL TREN, LA PLATJA, LA PUNTA DEL MIRACLE I UNA PART DE LA CIUTAT.<br \/>\nPER SUPOSAT, I COM B\u00c9 DIUEN ELS TARRAGONINS QUAN PASSEGEN PER LA RAMBLA, HEM ANAT &#8220;A TOCAR FERRO&#8221; AL BALC\u00d3.<\/p>\n<p><a href=\"https:\/\/agora.xtec.cat\/escolapaudelclos\/wp-content\/uploads\/usu2656\/2026\/04\/IMG_20260424_093952-scaled.jpg\"><img loading=\"lazy\" decoding=\"async\" class=\" wp-image-4349 aligncenter\" src=\"https:\/\/agora.xtec.cat\/escolapaudelclos\/wp-content\/uploads\/usu2656\/2026\/04\/IMG_20260424_093952-scaled.jpg\" alt=\"\" width=\"755\" height=\"333\" srcset=\"https:\/\/agora.xtec.cat\/escolapaudelclos\/wp-content\/uploads\/usu2656\/2026\/04\/IMG_20260424_093952-scaled.jpg 2560w, https:\/\/agora.xtec.cat\/escolapaudelclos\/wp-content\/uploads\/usu2656\/2026\/04\/IMG_20260424_093952-300x132.jpg 300w, https:\/\/agora.xtec.cat\/escolapaudelclos\/wp-content\/uploads\/usu2656\/2026\/04\/IMG_20260424_093952-1024x452.jpg 1024w, https:\/\/agora.xtec.cat\/escolapaudelclos\/wp-content\/uploads\/usu2656\/2026\/04\/IMG_20260424_093952-768x339.jpg 768w, https:\/\/agora.xtec.cat\/escolapaudelclos\/wp-content\/uploads\/usu2656\/2026\/04\/IMG_20260424_093952-1536x678.jpg 1536w, https:\/\/agora.xtec.cat\/escolapaudelclos\/wp-content\/uploads\/usu2656\/2026\/04\/IMG_20260424_093952-2048x904.jpg 2048w\" sizes=\"auto, (max-width: 755px) 100vw, 755px\" \/><\/a><\/p>\n<p>&nbsp;<\/p>\n","protected":false},"excerpt":{"rendered":"<p>DIVENDRES 24 D&#8217;ABRIL, ELS I LES ALUMNES D&#8217;I4 HEM VISITAT EL BALC\u00d3 DEL MEDITERRANI, EL QUAL EST\u00c0 SITUAT AL PRINCIPI DE LA RAMBLA NOVA DE TARRAGONA. DES DEL BALC\u00d3 HEM APRECIAT UNA MAGN\u00cdFICA VISTA SOBRE EL MAR, EL PORT, L&#8217;ESTACI\u00d3 DEL TREN, LA PLATJA, LA PUNTA DEL MIRACLE I UNA PART DE LA CIUTAT. PER [&hellip;]<\/p>\n","protected":false},"author":1,"featured_media":4349,"comment_status":"open","ping_status":"open","sticky":false,"template":"","format":"standard","meta":{"_bbp_topic_count":0,"_bbp_reply_count":0,"_bbp_total_topic_count":0,"_bbp_total_reply_count":0,"_bbp_voice_count":0,"_bbp_anonymous_reply_count":0,"_bbp_topic_count_hidden":0,"_bbp_reply_count_hidden":0,"_bbp_forum_subforum_count":0,"site-sidebar-layout":"default","site-content-layout":"","ast-site-content-layout":"","site-content-style":"default","site-sidebar-style":"default","ast-global-header-display":"","ast-banner-title-visibility":"","ast-main-header-display":"","ast-hfb-above-header-display":"","ast-hfb-below-header-display":"","ast-hfb-mobile-header-display":"","site-post-title":"","ast-breadcrumbs-content":"","ast-featured-img":"","footer-sml-layout":"","theme-transparent-header-meta":"","adv-header-id-meta":"","stick-header-meta":"","header-above-stick-meta":"","header-main-stick-meta":"","header-below-stick-meta":"","astra-migrate-meta-layouts":"default","ast-page-background-enabled":"default","ast-page-background-meta":{"desktop":{"background-color":"var(--ast-global-color-4)","background-image":"","background-repeat":"repeat","background-position":"center center","background-size":"auto","background-attachment":"scroll","background-type":"","background-media":"","overlay-type":"","overlay-color":"","overlay-opacity":"","overlay-gradient":""},"tablet":{"background-color":"","background-image":"","background-repeat":"repeat","background-position":"center center","background-size":"auto","background-attachment":"scroll","background-type":"","background-media":"","overlay-type":"","overlay-color":"","overlay-opacity":"","overlay-gradient":""},"mobile":{"background-color":"","background-image":"","background-repeat":"repeat","background-position":"center center","background-size":"auto","background-attachment":"scroll","background-type":"","background-media":"","overlay-type":"","overlay-color":"","overlay-opacity":"","overlay-gradient":""}},"ast-content-background-meta":{"desktop":{"background-color":"var(--ast-global-color-5)","background-image":"","background-repeat":"repeat","background-position":"center center","background-size":"auto","background-attachment":"scroll","background-type":"","background-media":"","overlay-type":"","overlay-color":"","overlay-opacity":"","overlay-gradient":""},"tablet":{"background-color":"var(--ast-global-color-5)","background-image":"","background-repeat":"repeat","background-position":"center center","background-size":"auto","background-attachment":"scroll","background-type":"","background-media":"","overlay-type":"","overlay-color":"","overlay-opacity":"","overlay-gradient":""},"mobile":{"background-color":"var(--ast-global-color-5)","background-image":"","background-repeat":"repeat","background-position":"center center","background-size":"auto","background-attachment":"scroll","background-type":"","background-media":"","overlay-type":"","overlay-color":"","overlay-opacity":"","overlay-gradient":""}},"footnotes":""},"categories":[2,8],"tags":[496,522,476,62,413,811,810,812,809],"class_list":["post-4348","post","type-post","status-publish","format-standard","has-post-thumbnail","hentry","category-infantil","category-i4","tag-balco-del-mediterrani","tag-curs-25-26","tag-entorn","tag-escola-pau-delclos","tag-i4","tag-mar","tag-rambla","tag-sortides-i-excursions","tag-tocar-ferro"],"post_mailing_queue_ids":[],"_links":{"self":[{"href":"https:\/\/agora.xtec.cat\/escolapaudelclos\/wp-json\/wp\/v2\/posts\/4348","targetHints":{"allow":["GET"]}}],"collection":[{"href":"https:\/\/agora.xtec.cat\/escolapaudelclos\/wp-json\/wp\/v2\/posts"}],"about":[{"href":"https:\/\/agora.xtec.cat\/escolapaudelclos\/wp-json\/wp\/v2\/types\/post"}],"author":[{"embeddable":true,"href":"https:\/\/agora.xtec.cat\/escolapaudelclos\/wp-json\/wp\/v2\/users\/1"}],"replies":[{"embeddable":true,"href":"https:\/\/agora.xtec.cat\/escolapaudelclos\/wp-json\/wp\/v2\/comments?post=4348"}],"version-history":[{"count":1,"href":"https:\/\/agora.xtec.cat\/escolapaudelclos\/wp-json\/wp\/v2\/posts\/4348\/revisions"}],"predecessor-version":[{"id":4350,"href":"https:\/\/agora.xtec.cat\/escolapaudelclos\/wp-json\/wp\/v2\/posts\/4348\/revisions\/4350"}],"wp:featuredmedia":[{"embeddable":true,"href":"https:\/\/agora.xtec.cat\/escolapaudelclos\/wp-json\/wp\/v2\/media\/4349"}],"wp:attachment":[{"href":"https:\/\/agora.xtec.cat\/escolapaudelclos\/wp-json\/wp\/v2\/media?parent=4348"}],"wp:term":[{"taxonomy":"category","embeddable":true,"href":"https:\/\/agora.xtec.cat\/escolapaudelclos\/wp-json\/wp\/v2\/categories?post=4348"},{"taxonomy":"post_tag","embeddable":true,"href":"https:\/\/agora.xtec.cat\/escolapaudelclos\/wp-json\/wp\/v2\/tags?post=4348"}],"curies":[{"name":"wp","href":"https:\/\/api.w.org\/{rel}","templated":true}]}}