{"id":4314,"date":"2026-04-20T10:52:04","date_gmt":"2026-04-20T08:52:04","guid":{"rendered":"https:\/\/agora.xtec.cat\/escolapaudelclos\/?p=4314"},"modified":"2026-04-20T10:52:04","modified_gmt":"2026-04-20T08:52:04","slug":"i5-monument-als-castellers-i-castelleres","status":"publish","type":"post","link":"https:\/\/agora.xtec.cat\/escolapaudelclos\/general\/i5-monument-als-castellers-i-castelleres\/","title":{"rendered":"I5 &#8211; Monument als castellers i castelleres"},"content":{"rendered":"<p>Com cada curs l&#8217;escola Pau Delcl\u00f2s porta a terme el projecte &#8220;Una passejada per T\u00e0rraco&#8221;. A I5 fem el monument als castellers i castelleres, hem apr\u00e8s molt i hem realitzat una sortida per veure&#8217;l.<\/p>\n<p style=\"text-align: center;\"><a href=\"https:\/\/agora.xtec.cat\/escolapaudelclos\/wp-content\/uploads\/usu2656\/2026\/04\/20260417_094615_MOD-scaled.jpg\"><img loading=\"lazy\" decoding=\"async\" class=\"alignnone  wp-image-4315\" src=\"https:\/\/agora.xtec.cat\/escolapaudelclos\/wp-content\/uploads\/usu2656\/2026\/04\/20260417_094615_MOD-scaled.jpg\" alt=\"\" width=\"545\" height=\"411\" srcset=\"https:\/\/agora.xtec.cat\/escolapaudelclos\/wp-content\/uploads\/usu2656\/2026\/04\/20260417_094615_MOD-scaled.jpg 2560w, https:\/\/agora.xtec.cat\/escolapaudelclos\/wp-content\/uploads\/usu2656\/2026\/04\/20260417_094615_MOD-300x226.jpg 300w, https:\/\/agora.xtec.cat\/escolapaudelclos\/wp-content\/uploads\/usu2656\/2026\/04\/20260417_094615_MOD-1024x773.jpg 1024w, https:\/\/agora.xtec.cat\/escolapaudelclos\/wp-content\/uploads\/usu2656\/2026\/04\/20260417_094615_MOD-768x580.jpg 768w, https:\/\/agora.xtec.cat\/escolapaudelclos\/wp-content\/uploads\/usu2656\/2026\/04\/20260417_094615_MOD-1536x1159.jpg 1536w, https:\/\/agora.xtec.cat\/escolapaudelclos\/wp-content\/uploads\/usu2656\/2026\/04\/20260417_094615_MOD-2048x1545.jpg 2048w, https:\/\/agora.xtec.cat\/escolapaudelclos\/wp-content\/uploads\/usu2656\/2026\/04\/20260417_094615_MOD-200x150.jpg 200w\" sizes=\"auto, (max-width: 545px) 100vw, 545px\" \/><\/a><\/p>\n","protected":false},"excerpt":{"rendered":"<p>Com cada curs l&#8217;escola Pau Delcl\u00f2s porta a terme el projecte &#8220;Una passejada per T\u00e0rraco&#8221;. A I5 fem el monument als castellers i castelleres, hem apr\u00e8s molt i hem realitzat una sortida per veure&#8217;l.<\/p>\n","protected":false},"author":1,"featured_media":4315,"comment_status":"open","ping_status":"open","sticky":false,"template":"","format":"standard","meta":{"_bbp_topic_count":0,"_bbp_reply_count":0,"_bbp_total_topic_count":0,"_bbp_total_reply_count":0,"_bbp_voice_count":0,"_bbp_anonymous_reply_count":0,"_bbp_topic_count_hidden":0,"_bbp_reply_count_hidden":0,"_bbp_forum_subforum_count":0,"site-sidebar-layout":"default","site-content-layout":"","ast-site-content-layout":"","site-content-style":"default","site-sidebar-style":"default","ast-global-header-display":"","ast-banner-title-visibility":"","ast-main-header-display":"","ast-hfb-above-header-display":"","ast-hfb-below-header-display":"","ast-hfb-mobile-header-display":"","site-post-title":"","ast-breadcrumbs-content":"","ast-featured-img":"","footer-sml-layout":"","theme-transparent-header-meta":"","adv-header-id-meta":"","stick-header-meta":"","header-above-stick-meta":"","header-main-stick-meta":"","header-below-stick-meta":"","astra-migrate-meta-layouts":"default","ast-page-background-enabled":"default","ast-page-background-meta":{"desktop":{"background-color":"var(--ast-global-color-4)","background-image":"","background-repeat":"repeat","background-position":"center center","background-size":"auto","background-attachment":"scroll","background-type":"","background-media":"","overlay-type":"","overlay-color":"","overlay-opacity":"","overlay-gradient":""},"tablet":{"background-color":"","background-image":"","background-repeat":"repeat","background-position":"center center","background-size":"auto","background-attachment":"scroll","background-type":"","background-media":"","overlay-type":"","overlay-color":"","overlay-opacity":"","overlay-gradient":""},"mobile":{"background-color":"","background-image":"","background-repeat":"repeat","background-position":"center center","background-size":"auto","background-attachment":"scroll","background-type":"","background-media":"","overlay-type":"","overlay-color":"","overlay-opacity":"","overlay-gradient":""}},"ast-content-background-meta":{"desktop":{"background-color":"var(--ast-global-color-5)","background-image":"","background-repeat":"repeat","background-position":"center center","background-size":"auto","background-attachment":"scroll","background-type":"","background-media":"","overlay-type":"","overlay-color":"","overlay-opacity":"","overlay-gradient":""},"tablet":{"background-color":"var(--ast-global-color-5)","background-image":"","background-repeat":"repeat","background-position":"center center","background-size":"auto","background-attachment":"scroll","background-type":"","background-media":"","overlay-type":"","overlay-color":"","overlay-opacity":"","overlay-gradient":""},"mobile":{"background-color":"var(--ast-global-color-5)","background-image":"","background-repeat":"repeat","background-position":"center center","background-size":"auto","background-attachment":"scroll","background-type":"","background-media":"","overlay-type":"","overlay-color":"","overlay-opacity":"","overlay-gradient":""}},"footnotes":""},"categories":[2,1,9,4],"tags":[543,239,522,476,62,419,796,475,67,424,199],"class_list":["post-4314","post","type-post","status-publish","format-standard","has-post-thumbnail","hentry","category-infantil","category-general","category-i5","category-portada","tag-castells","tag-cultura","tag-curs-25-26","tag-entorn","tag-escola-pau-delclos","tag-i5","tag-monument-dels-castellers-i-castelleres","tag-projectes","tag-tarragona","tag-tradicio","tag-una-passejada-per-tarraco"],"post_mailing_queue_ids":[],"_links":{"self":[{"href":"https:\/\/agora.xtec.cat\/escolapaudelclos\/wp-json\/wp\/v2\/posts\/4314","targetHints":{"allow":["GET"]}}],"collection":[{"href":"https:\/\/agora.xtec.cat\/escolapaudelclos\/wp-json\/wp\/v2\/posts"}],"about":[{"href":"https:\/\/agora.xtec.cat\/escolapaudelclos\/wp-json\/wp\/v2\/types\/post"}],"author":[{"embeddable":true,"href":"https:\/\/agora.xtec.cat\/escolapaudelclos\/wp-json\/wp\/v2\/users\/1"}],"replies":[{"embeddable":true,"href":"https:\/\/agora.xtec.cat\/escolapaudelclos\/wp-json\/wp\/v2\/comments?post=4314"}],"version-history":[{"count":2,"href":"https:\/\/agora.xtec.cat\/escolapaudelclos\/wp-json\/wp\/v2\/posts\/4314\/revisions"}],"predecessor-version":[{"id":4317,"href":"https:\/\/agora.xtec.cat\/escolapaudelclos\/wp-json\/wp\/v2\/posts\/4314\/revisions\/4317"}],"wp:featuredmedia":[{"embeddable":true,"href":"https:\/\/agora.xtec.cat\/escolapaudelclos\/wp-json\/wp\/v2\/media\/4315"}],"wp:attachment":[{"href":"https:\/\/agora.xtec.cat\/escolapaudelclos\/wp-json\/wp\/v2\/media?parent=4314"}],"wp:term":[{"taxonomy":"category","embeddable":true,"href":"https:\/\/agora.xtec.cat\/escolapaudelclos\/wp-json\/wp\/v2\/categories?post=4314"},{"taxonomy":"post_tag","embeddable":true,"href":"https:\/\/agora.xtec.cat\/escolapaudelclos\/wp-json\/wp\/v2\/tags?post=4314"}],"curies":[{"name":"wp","href":"https:\/\/api.w.org\/{rel}","templated":true}]}}