{"id":4305,"date":"2026-04-10T08:57:23","date_gmt":"2026-04-10T06:57:23","guid":{"rendered":"https:\/\/agora.xtec.cat\/escolapaudelclos\/?p=4305"},"modified":"2026-04-13T16:37:20","modified_gmt":"2026-04-13T14:37:20","slug":"6e-exposicio-dinvents","status":"publish","type":"post","link":"https:\/\/agora.xtec.cat\/escolapaudelclos\/general\/6e-exposicio-dinvents\/","title":{"rendered":"6\u00e8 &#8211; Exposici\u00f3 d\u2019invents"},"content":{"rendered":"<p>El passat 27 de mar\u00e7, l&#8217;alumnat de sis\u00e8 van fer una exposici\u00f3 als infants de primer de prim\u00e0ria de l\u2019escola. Al vest\u00edbul de l\u2019escola van poder ensenyar i explicar els seus propis invents, exposats ja a les classes de sis\u00e8 dins del marc del projecte de la dona emprenedora Mileva Maric.<\/p>\n<p>Els m\u00e9s petits i petites d\u2019educaci\u00f3 prim\u00e0ria van quedar bocabadats davant l\u2019enginy dels nostres inventors i inventores.<\/p>\n<p><a href=\"https:\/\/agora.xtec.cat\/escolapaudelclos\/wp-content\/uploads\/usu2656\/2026\/04\/IMG_20260409_152816.jpg\"><img loading=\"lazy\" decoding=\"async\" class=\" wp-image-4306 aligncenter\" src=\"https:\/\/agora.xtec.cat\/escolapaudelclos\/wp-content\/uploads\/usu2656\/2026\/04\/IMG_20260409_152816.jpg\" alt=\"\" width=\"727\" height=\"392\" srcset=\"https:\/\/agora.xtec.cat\/escolapaudelclos\/wp-content\/uploads\/usu2656\/2026\/04\/IMG_20260409_152816.jpg 2325w, https:\/\/agora.xtec.cat\/escolapaudelclos\/wp-content\/uploads\/usu2656\/2026\/04\/IMG_20260409_152816-300x162.jpg 300w, https:\/\/agora.xtec.cat\/escolapaudelclos\/wp-content\/uploads\/usu2656\/2026\/04\/IMG_20260409_152816-1024x552.jpg 1024w, https:\/\/agora.xtec.cat\/escolapaudelclos\/wp-content\/uploads\/usu2656\/2026\/04\/IMG_20260409_152816-768x414.jpg 768w, https:\/\/agora.xtec.cat\/escolapaudelclos\/wp-content\/uploads\/usu2656\/2026\/04\/IMG_20260409_152816-1536x828.jpg 1536w, https:\/\/agora.xtec.cat\/escolapaudelclos\/wp-content\/uploads\/usu2656\/2026\/04\/IMG_20260409_152816-2048x1105.jpg 2048w\" sizes=\"auto, (max-width: 727px) 100vw, 727px\" \/><\/a><\/p>\n","protected":false},"excerpt":{"rendered":"<p>El passat 27 de mar\u00e7, l&#8217;alumnat de sis\u00e8 van fer una exposici\u00f3 als infants de primer de prim\u00e0ria de l\u2019escola. Al vest\u00edbul de l\u2019escola van poder ensenyar i explicar els seus propis invents, exposats ja a les classes de sis\u00e8 dins del marc del projecte de la dona emprenedora Mileva Maric. Els m\u00e9s petits i [&hellip;]<\/p>\n","protected":false},"author":1,"featured_media":4306,"comment_status":"open","ping_status":"open","sticky":false,"template":"","format":"standard","meta":{"_bbp_topic_count":0,"_bbp_reply_count":0,"_bbp_total_topic_count":0,"_bbp_total_reply_count":0,"_bbp_voice_count":0,"_bbp_anonymous_reply_count":0,"_bbp_topic_count_hidden":0,"_bbp_reply_count_hidden":0,"_bbp_forum_subforum_count":0,"site-sidebar-layout":"default","site-content-layout":"","ast-site-content-layout":"","site-content-style":"default","site-sidebar-style":"default","ast-global-header-display":"","ast-banner-title-visibility":"","ast-main-header-display":"","ast-hfb-above-header-display":"","ast-hfb-below-header-display":"","ast-hfb-mobile-header-display":"","site-post-title":"","ast-breadcrumbs-content":"","ast-featured-img":"","footer-sml-layout":"","theme-transparent-header-meta":"","adv-header-id-meta":"","stick-header-meta":"","header-above-stick-meta":"","header-main-stick-meta":"","header-below-stick-meta":"","astra-migrate-meta-layouts":"default","ast-page-background-enabled":"default","ast-page-background-meta":{"desktop":{"background-color":"var(--ast-global-color-4)","background-image":"","background-repeat":"repeat","background-position":"center center","background-size":"auto","background-attachment":"scroll","background-type":"","background-media":"","overlay-type":"","overlay-color":"","overlay-opacity":"","overlay-gradient":""},"tablet":{"background-color":"","background-image":"","background-repeat":"repeat","background-position":"center center","background-size":"auto","background-attachment":"scroll","background-type":"","background-media":"","overlay-type":"","overlay-color":"","overlay-opacity":"","overlay-gradient":""},"mobile":{"background-color":"","background-image":"","background-repeat":"repeat","background-position":"center center","background-size":"auto","background-attachment":"scroll","background-type":"","background-media":"","overlay-type":"","overlay-color":"","overlay-opacity":"","overlay-gradient":""}},"ast-content-background-meta":{"desktop":{"background-color":"var(--ast-global-color-5)","background-image":"","background-repeat":"repeat","background-position":"center center","background-size":"auto","background-attachment":"scroll","background-type":"","background-media":"","overlay-type":"","overlay-color":"","overlay-opacity":"","overlay-gradient":""},"tablet":{"background-color":"var(--ast-global-color-5)","background-image":"","background-repeat":"repeat","background-position":"center center","background-size":"auto","background-attachment":"scroll","background-type":"","background-media":"","overlay-type":"","overlay-color":"","overlay-opacity":"","overlay-gradient":""},"mobile":{"background-color":"var(--ast-global-color-5)","background-image":"","background-repeat":"repeat","background-position":"center center","background-size":"auto","background-attachment":"scroll","background-type":"","background-media":"","overlay-type":"","overlay-color":"","overlay-opacity":"","overlay-gradient":""}},"footnotes":""},"categories":[5,10,15,1,4],"tags":[114,321,552,522,359,62,790,792,763,791],"class_list":["post-4305","post","type-post","status-publish","format-standard","has-post-thumbnail","hentry","category-primaria","category-1r","category-6e","category-general","category-portada","tag-1r","tag-6e","tag-compartim","tag-curs-25-26","tag-dona-emprenedora","tag-escola-pau-delclos","tag-invents","tag-marc","tag-mileva-maric","tag-projecte-de-la-dona"],"post_mailing_queue_ids":[],"_links":{"self":[{"href":"https:\/\/agora.xtec.cat\/escolapaudelclos\/wp-json\/wp\/v2\/posts\/4305","targetHints":{"allow":["GET"]}}],"collection":[{"href":"https:\/\/agora.xtec.cat\/escolapaudelclos\/wp-json\/wp\/v2\/posts"}],"about":[{"href":"https:\/\/agora.xtec.cat\/escolapaudelclos\/wp-json\/wp\/v2\/types\/post"}],"author":[{"embeddable":true,"href":"https:\/\/agora.xtec.cat\/escolapaudelclos\/wp-json\/wp\/v2\/users\/1"}],"replies":[{"embeddable":true,"href":"https:\/\/agora.xtec.cat\/escolapaudelclos\/wp-json\/wp\/v2\/comments?post=4305"}],"version-history":[{"count":4,"href":"https:\/\/agora.xtec.cat\/escolapaudelclos\/wp-json\/wp\/v2\/posts\/4305\/revisions"}],"predecessor-version":[{"id":4310,"href":"https:\/\/agora.xtec.cat\/escolapaudelclos\/wp-json\/wp\/v2\/posts\/4305\/revisions\/4310"}],"wp:featuredmedia":[{"embeddable":true,"href":"https:\/\/agora.xtec.cat\/escolapaudelclos\/wp-json\/wp\/v2\/media\/4306"}],"wp:attachment":[{"href":"https:\/\/agora.xtec.cat\/escolapaudelclos\/wp-json\/wp\/v2\/media?parent=4305"}],"wp:term":[{"taxonomy":"category","embeddable":true,"href":"https:\/\/agora.xtec.cat\/escolapaudelclos\/wp-json\/wp\/v2\/categories?post=4305"},{"taxonomy":"post_tag","embeddable":true,"href":"https:\/\/agora.xtec.cat\/escolapaudelclos\/wp-json\/wp\/v2\/tags?post=4305"}],"curies":[{"name":"wp","href":"https:\/\/api.w.org\/{rel}","templated":true}]}}