{"id":4264,"date":"2026-03-21T11:10:02","date_gmt":"2026-03-21T10:10:02","guid":{"rendered":"https:\/\/agora.xtec.cat\/escolapaudelclos\/?p=4264"},"modified":"2026-03-22T12:21:34","modified_gmt":"2026-03-22T11:21:34","slug":"6e-cantata-amics-de-pedra-2","status":"publish","type":"post","link":"https:\/\/agora.xtec.cat\/escolapaudelclos\/general\/6e-cantata-amics-de-pedra-2\/","title":{"rendered":"6\u00e8 &#8211; Cantata Amics de pedra"},"content":{"rendered":"<p>El passat dijous 19 de mar\u00e7, l\u2019alumnat de 6\u00e8 vam anar al <strong>Teatre Tarragona<\/strong> per posar punt i final al projecte que fa mesos que est\u00e0vem treballant: la <strong>cantata Amics de pedra.<\/strong><\/p>\n<p>Aquesta cantata, centrada en la <strong>ciutat de Tarragona i el seu ric patrimoni hist\u00f2ric <\/strong>ens ha perm\u00e8s fer un viatge en el temps per con\u00e8ixer millor els nostres or\u00edgens. A trav\u00e9s de la m\u00fasica, el text i la interpretaci\u00f3, hem descobert elements clau de la hist\u00f2ria de la ciutat, especialment vinculats a l\u2019<strong>\u00e8poca romana.<\/strong><\/p>\n<p>Durant mesos, l\u2019alumnat ha estat preparant l\u2019espectacle amb molta il\u00b7lusi\u00f3: hem treballat les <strong>can\u00e7ons,<\/strong> les <strong>coreografies<\/strong> i l<strong>\u2019expressi\u00f3 corporal,<\/strong> alhora que aprofund\u00edem en el significat de cada pe\u00e7a. A m\u00e9s, <strong>el projecte ha estat interdisciplinari<\/strong> i ens ha perm\u00e8s treballar tamb\u00e9 l\u2019\u00e0rea de llengua catalana, amb activitats de comprensi\u00f3 de textos relacionats amb la cantata.<\/p>\n<p>Tamb\u00e9 hem conegut i treballat alguns <strong>mites cl\u00e0ssics,<\/strong> com el d\u2019Eco i Narc\u00eds, aix\u00ed com elements del <strong>patrimoni art\u00edstic i cultural<\/strong> com el<strong> mosaic de la Medusa,<\/strong> que formen part de la <strong>riquesa hist\u00f2rica de Tarragona.<\/strong> Tot plegat ens ha ajudat a entendre millor el context i el significat de l\u2019obra.<\/p>\n<p>L\u2019espectacle final va ser tot un \u00e8xit. L\u2019alumnat va poder viure, una vegada m\u00e9s, l\u2019experi\u00e8ncia \u00fanica de pujar a un escenari i compartir amb el p\u00fablic no nom\u00e9s el seu talent, sin\u00f3 tamb\u00e9 l\u2019esfor\u00e7, la const\u00e0ncia i la dedicaci\u00f3 de tots aquests mesos de treball.<\/p>\n<p>Va ser una jornada molt especial, plena d\u2019emocions, que de ben segur recordarem durant molt de temps.<\/p>\n<p>Gr\u00e0cies, fam\u00edlies, per assistir-hi i acompanyar-nos en aquest moment tan important!<\/p>\n<table style=\"border-collapse: collapse; width: 100%;\">\n<tbody>\n<tr>\n<td style=\"width: 50%; border-style: hidden;\"><a href=\"https:\/\/agora.xtec.cat\/escolapaudelclos\/wp-content\/uploads\/usu2656\/2026\/03\/IMG_20260319_163924.jpg\"><img loading=\"lazy\" decoding=\"async\" class=\" wp-image-4265 aligncenter\" src=\"https:\/\/agora.xtec.cat\/escolapaudelclos\/wp-content\/uploads\/usu2656\/2026\/03\/IMG_20260319_163924.jpg\" alt=\"\" width=\"836\" height=\"628\" srcset=\"https:\/\/agora.xtec.cat\/escolapaudelclos\/wp-content\/uploads\/usu2656\/2026\/03\/IMG_20260319_163924.jpg 2312w, https:\/\/agora.xtec.cat\/escolapaudelclos\/wp-content\/uploads\/usu2656\/2026\/03\/IMG_20260319_163924-300x225.jpg 300w, https:\/\/agora.xtec.cat\/escolapaudelclos\/wp-content\/uploads\/usu2656\/2026\/03\/IMG_20260319_163924-1024x769.jpg 1024w, https:\/\/agora.xtec.cat\/escolapaudelclos\/wp-content\/uploads\/usu2656\/2026\/03\/IMG_20260319_163924-768x577.jpg 768w, https:\/\/agora.xtec.cat\/escolapaudelclos\/wp-content\/uploads\/usu2656\/2026\/03\/IMG_20260319_163924-1536x1153.jpg 1536w, https:\/\/agora.xtec.cat\/escolapaudelclos\/wp-content\/uploads\/usu2656\/2026\/03\/IMG_20260319_163924-2048x1538.jpg 2048w, https:\/\/agora.xtec.cat\/escolapaudelclos\/wp-content\/uploads\/usu2656\/2026\/03\/IMG_20260319_163924-200x150.jpg 200w\" sizes=\"auto, (max-width: 836px) 100vw, 836px\" \/><\/a><\/td>\n<td style=\"width: 50%; border-style: hidden;\"><a href=\"https:\/\/agora.xtec.cat\/escolapaudelclos\/wp-content\/uploads\/usu2656\/2026\/03\/IMG-20260319-WA0055.jpg\"><img loading=\"lazy\" decoding=\"async\" class=\"alignnone size-full wp-image-4266\" src=\"https:\/\/agora.xtec.cat\/escolapaudelclos\/wp-content\/uploads\/usu2656\/2026\/03\/IMG-20260319-WA0055.jpg\" alt=\"\" width=\"2048\" height=\"920\" srcset=\"https:\/\/agora.xtec.cat\/escolapaudelclos\/wp-content\/uploads\/usu2656\/2026\/03\/IMG-20260319-WA0055.jpg 2048w, https:\/\/agora.xtec.cat\/escolapaudelclos\/wp-content\/uploads\/usu2656\/2026\/03\/IMG-20260319-WA0055-300x135.jpg 300w, https:\/\/agora.xtec.cat\/escolapaudelclos\/wp-content\/uploads\/usu2656\/2026\/03\/IMG-20260319-WA0055-1024x460.jpg 1024w, https:\/\/agora.xtec.cat\/escolapaudelclos\/wp-content\/uploads\/usu2656\/2026\/03\/IMG-20260319-WA0055-768x345.jpg 768w, https:\/\/agora.xtec.cat\/escolapaudelclos\/wp-content\/uploads\/usu2656\/2026\/03\/IMG-20260319-WA0055-1536x690.jpg 1536w\" sizes=\"auto, (max-width: 2048px) 100vw, 2048px\" \/><\/a><\/td>\n<\/tr>\n<\/tbody>\n<\/table>\n<p>&nbsp;<\/p>\n<p>&nbsp;<\/p>\n","protected":false},"excerpt":{"rendered":"<p>El passat dijous 19 de mar\u00e7, l\u2019alumnat de 6\u00e8 vam anar al Teatre Tarragona per posar punt i final al projecte que fa mesos que est\u00e0vem treballant: la cantata Amics de pedra. Aquesta cantata, centrada en la ciutat de Tarragona i el seu ric patrimoni hist\u00f2ric ens ha perm\u00e8s fer un viatge en el temps [&hellip;]<\/p>\n","protected":false},"author":1,"featured_media":4265,"comment_status":"open","ping_status":"open","sticky":false,"template":"","format":"standard","meta":{"_bbp_topic_count":0,"_bbp_reply_count":0,"_bbp_total_topic_count":0,"_bbp_total_reply_count":0,"_bbp_voice_count":0,"_bbp_anonymous_reply_count":0,"_bbp_topic_count_hidden":0,"_bbp_reply_count_hidden":0,"_bbp_forum_subforum_count":0,"site-sidebar-layout":"default","site-content-layout":"","ast-site-content-layout":"","site-content-style":"default","site-sidebar-style":"default","ast-global-header-display":"","ast-banner-title-visibility":"","ast-main-header-display":"","ast-hfb-above-header-display":"","ast-hfb-below-header-display":"","ast-hfb-mobile-header-display":"","site-post-title":"","ast-breadcrumbs-content":"","ast-featured-img":"","footer-sml-layout":"","theme-transparent-header-meta":"","adv-header-id-meta":"","stick-header-meta":"","header-above-stick-meta":"","header-main-stick-meta":"","header-below-stick-meta":"","astra-migrate-meta-layouts":"default","ast-page-background-enabled":"default","ast-page-background-meta":{"desktop":{"background-color":"var(--ast-global-color-4)","background-image":"","background-repeat":"repeat","background-position":"center center","background-size":"auto","background-attachment":"scroll","background-type":"","background-media":"","overlay-type":"","overlay-color":"","overlay-opacity":"","overlay-gradient":""},"tablet":{"background-color":"","background-image":"","background-repeat":"repeat","background-position":"center center","background-size":"auto","background-attachment":"scroll","background-type":"","background-media":"","overlay-type":"","overlay-color":"","overlay-opacity":"","overlay-gradient":""},"mobile":{"background-color":"","background-image":"","background-repeat":"repeat","background-position":"center center","background-size":"auto","background-attachment":"scroll","background-type":"","background-media":"","overlay-type":"","overlay-color":"","overlay-opacity":"","overlay-gradient":""}},"ast-content-background-meta":{"desktop":{"background-color":"var(--ast-global-color-5)","background-image":"","background-repeat":"repeat","background-position":"center center","background-size":"auto","background-attachment":"scroll","background-type":"","background-media":"","overlay-type":"","overlay-color":"","overlay-opacity":"","overlay-gradient":""},"tablet":{"background-color":"var(--ast-global-color-5)","background-image":"","background-repeat":"repeat","background-position":"center center","background-size":"auto","background-attachment":"scroll","background-type":"","background-media":"","overlay-type":"","overlay-color":"","overlay-opacity":"","overlay-gradient":""},"mobile":{"background-color":"var(--ast-global-color-5)","background-image":"","background-repeat":"repeat","background-position":"center center","background-size":"auto","background-attachment":"scroll","background-type":"","background-media":"","overlay-type":"","overlay-color":"","overlay-opacity":"","overlay-gradient":""}},"footnotes":""},"categories":[5,15,1,4],"tags":[],"class_list":["post-4264","post","type-post","status-publish","format-standard","has-post-thumbnail","hentry","category-primaria","category-6e","category-general","category-portada"],"post_mailing_queue_ids":[],"_links":{"self":[{"href":"https:\/\/agora.xtec.cat\/escolapaudelclos\/wp-json\/wp\/v2\/posts\/4264","targetHints":{"allow":["GET"]}}],"collection":[{"href":"https:\/\/agora.xtec.cat\/escolapaudelclos\/wp-json\/wp\/v2\/posts"}],"about":[{"href":"https:\/\/agora.xtec.cat\/escolapaudelclos\/wp-json\/wp\/v2\/types\/post"}],"author":[{"embeddable":true,"href":"https:\/\/agora.xtec.cat\/escolapaudelclos\/wp-json\/wp\/v2\/users\/1"}],"replies":[{"embeddable":true,"href":"https:\/\/agora.xtec.cat\/escolapaudelclos\/wp-json\/wp\/v2\/comments?post=4264"}],"version-history":[{"count":4,"href":"https:\/\/agora.xtec.cat\/escolapaudelclos\/wp-json\/wp\/v2\/posts\/4264\/revisions"}],"predecessor-version":[{"id":4270,"href":"https:\/\/agora.xtec.cat\/escolapaudelclos\/wp-json\/wp\/v2\/posts\/4264\/revisions\/4270"}],"wp:featuredmedia":[{"embeddable":true,"href":"https:\/\/agora.xtec.cat\/escolapaudelclos\/wp-json\/wp\/v2\/media\/4265"}],"wp:attachment":[{"href":"https:\/\/agora.xtec.cat\/escolapaudelclos\/wp-json\/wp\/v2\/media?parent=4264"}],"wp:term":[{"taxonomy":"category","embeddable":true,"href":"https:\/\/agora.xtec.cat\/escolapaudelclos\/wp-json\/wp\/v2\/categories?post=4264"},{"taxonomy":"post_tag","embeddable":true,"href":"https:\/\/agora.xtec.cat\/escolapaudelclos\/wp-json\/wp\/v2\/tags?post=4264"}],"curies":[{"name":"wp","href":"https:\/\/api.w.org\/{rel}","templated":true}]}}