{"id":4223,"date":"2026-03-06T15:50:15","date_gmt":"2026-03-06T14:50:15","guid":{"rendered":"https:\/\/agora.xtec.cat\/escolapaudelclos\/?p=4223"},"modified":"2026-03-06T15:53:00","modified_gmt":"2026-03-06T14:53:00","slug":"4t-una-visita-molt-especial","status":"publish","type":"post","link":"https:\/\/agora.xtec.cat\/escolapaudelclos\/general\/4t-una-visita-molt-especial\/","title":{"rendered":"4t &#8211; Una visita molt especial"},"content":{"rendered":"<p>L\u2019alumnat de quart ha tingut una visita molt especial dins del projecte interdisciplinari del segon trimestre: han entrevistat la nedadora S\u00edlvia Fontana!<\/p>\n<p>Amb molta curiositat i un munt de preguntes preparades, els nens i nenes s\u2019han convertit per una estona en periodistes. Volien saber de tot: com s\u00f3n els entrenaments, qu\u00e8 sent abans d\u2019una competici\u00f3 i fins i tot alguns dels seus trucs per no rendir-se.<\/p>\n<p>La S\u00edlvia ens ha explicat moltes experi\u00e8ncies del m\u00f3n de la nataci\u00f3 i ens ha encomanat la seva passi\u00f3 per l\u2019esport, l\u2019esfor\u00e7 i la const\u00e0ncia. L\u2019alumnat ha gaudit molt\u00edssim de l\u2019activitat i s\u2019ha mostrat molt interessat i motivat per aprendre m\u00e9s coses sobre ella i sobre el m\u00f3n de l\u2019esport.<\/p>\n<p>Ha estat una experi\u00e8ncia molt enriquidora\u2026 i qui sap si d\u2019aqu\u00ed uns anys tindrem algun futur campi\u00f3 o campiona a l\u2019escola!<\/p>\n<p style=\"text-align: center;\"><a href=\"https:\/\/agora.xtec.cat\/escolapaudelclos\/wp-content\/uploads\/usu2656\/2026\/03\/20260305_113945.jpg\"><img loading=\"lazy\" decoding=\"async\" class=\"alignnone wp-image-4224\" src=\"https:\/\/agora.xtec.cat\/escolapaudelclos\/wp-content\/uploads\/usu2656\/2026\/03\/20260305_113945.jpg\" alt=\"\" width=\"521\" height=\"253\" srcset=\"https:\/\/agora.xtec.cat\/escolapaudelclos\/wp-content\/uploads\/usu2656\/2026\/03\/20260305_113945.jpg 2016w, https:\/\/agora.xtec.cat\/escolapaudelclos\/wp-content\/uploads\/usu2656\/2026\/03\/20260305_113945-300x146.jpg 300w, https:\/\/agora.xtec.cat\/escolapaudelclos\/wp-content\/uploads\/usu2656\/2026\/03\/20260305_113945-1024x498.jpg 1024w, https:\/\/agora.xtec.cat\/escolapaudelclos\/wp-content\/uploads\/usu2656\/2026\/03\/20260305_113945-768x373.jpg 768w, https:\/\/agora.xtec.cat\/escolapaudelclos\/wp-content\/uploads\/usu2656\/2026\/03\/20260305_113945-1536x747.jpg 1536w\" sizes=\"auto, (max-width: 521px) 100vw, 521px\" \/><\/a><\/p>\n","protected":false},"excerpt":{"rendered":"<p>L\u2019alumnat de quart ha tingut una visita molt especial dins del projecte interdisciplinari del segon trimestre: han entrevistat la nedadora S\u00edlvia Fontana! Amb molta curiositat i un munt de preguntes preparades, els nens i nenes s\u2019han convertit per una estona en periodistes. Volien saber de tot: com s\u00f3n els entrenaments, qu\u00e8 sent abans d\u2019una competici\u00f3 [&hellip;]<\/p>\n","protected":false},"author":1,"featured_media":4224,"comment_status":"open","ping_status":"open","sticky":false,"template":"","format":"standard","meta":{"_bbp_topic_count":0,"_bbp_reply_count":0,"_bbp_total_topic_count":0,"_bbp_total_reply_count":0,"_bbp_voice_count":0,"_bbp_anonymous_reply_count":0,"_bbp_topic_count_hidden":0,"_bbp_reply_count_hidden":0,"_bbp_forum_subforum_count":0,"site-sidebar-layout":"default","site-content-layout":"","ast-site-content-layout":"","site-content-style":"default","site-sidebar-style":"default","ast-global-header-display":"","ast-banner-title-visibility":"","ast-main-header-display":"","ast-hfb-above-header-display":"","ast-hfb-below-header-display":"","ast-hfb-mobile-header-display":"","site-post-title":"","ast-breadcrumbs-content":"","ast-featured-img":"","footer-sml-layout":"","theme-transparent-header-meta":"","adv-header-id-meta":"","stick-header-meta":"","header-above-stick-meta":"","header-main-stick-meta":"","header-below-stick-meta":"","astra-migrate-meta-layouts":"default","ast-page-background-enabled":"default","ast-page-background-meta":{"desktop":{"background-color":"var(--ast-global-color-4)","background-image":"","background-repeat":"repeat","background-position":"center center","background-size":"auto","background-attachment":"scroll","background-type":"","background-media":"","overlay-type":"","overlay-color":"","overlay-opacity":"","overlay-gradient":""},"tablet":{"background-color":"","background-image":"","background-repeat":"repeat","background-position":"center center","background-size":"auto","background-attachment":"scroll","background-type":"","background-media":"","overlay-type":"","overlay-color":"","overlay-opacity":"","overlay-gradient":""},"mobile":{"background-color":"","background-image":"","background-repeat":"repeat","background-position":"center center","background-size":"auto","background-attachment":"scroll","background-type":"","background-media":"","overlay-type":"","overlay-color":"","overlay-opacity":"","overlay-gradient":""}},"ast-content-background-meta":{"desktop":{"background-color":"var(--ast-global-color-5)","background-image":"","background-repeat":"repeat","background-position":"center center","background-size":"auto","background-attachment":"scroll","background-type":"","background-media":"","overlay-type":"","overlay-color":"","overlay-opacity":"","overlay-gradient":""},"tablet":{"background-color":"var(--ast-global-color-5)","background-image":"","background-repeat":"repeat","background-position":"center center","background-size":"auto","background-attachment":"scroll","background-type":"","background-media":"","overlay-type":"","overlay-color":"","overlay-opacity":"","overlay-gradient":""},"mobile":{"background-color":"var(--ast-global-color-5)","background-image":"","background-repeat":"repeat","background-position":"center center","background-size":"auto","background-attachment":"scroll","background-type":"","background-media":"","overlay-type":"","overlay-color":"","overlay-opacity":"","overlay-gradient":""}},"footnotes":""},"categories":[5,13,1,4],"tags":[275,522,139,62,766,767,67],"class_list":["post-4223","post","type-post","status-publish","format-standard","has-post-thumbnail","hentry","category-primaria","category-4t","category-general","category-portada","tag-4t","tag-curs-25-26","tag-dones-emprenedores","tag-escola-pau-delclos","tag-projecte-interdisciplinari","tag-silvia-fontana","tag-tarragona"],"post_mailing_queue_ids":[],"_links":{"self":[{"href":"https:\/\/agora.xtec.cat\/escolapaudelclos\/wp-json\/wp\/v2\/posts\/4223","targetHints":{"allow":["GET"]}}],"collection":[{"href":"https:\/\/agora.xtec.cat\/escolapaudelclos\/wp-json\/wp\/v2\/posts"}],"about":[{"href":"https:\/\/agora.xtec.cat\/escolapaudelclos\/wp-json\/wp\/v2\/types\/post"}],"author":[{"embeddable":true,"href":"https:\/\/agora.xtec.cat\/escolapaudelclos\/wp-json\/wp\/v2\/users\/1"}],"replies":[{"embeddable":true,"href":"https:\/\/agora.xtec.cat\/escolapaudelclos\/wp-json\/wp\/v2\/comments?post=4223"}],"version-history":[{"count":1,"href":"https:\/\/agora.xtec.cat\/escolapaudelclos\/wp-json\/wp\/v2\/posts\/4223\/revisions"}],"predecessor-version":[{"id":4225,"href":"https:\/\/agora.xtec.cat\/escolapaudelclos\/wp-json\/wp\/v2\/posts\/4223\/revisions\/4225"}],"wp:featuredmedia":[{"embeddable":true,"href":"https:\/\/agora.xtec.cat\/escolapaudelclos\/wp-json\/wp\/v2\/media\/4224"}],"wp:attachment":[{"href":"https:\/\/agora.xtec.cat\/escolapaudelclos\/wp-json\/wp\/v2\/media?parent=4223"}],"wp:term":[{"taxonomy":"category","embeddable":true,"href":"https:\/\/agora.xtec.cat\/escolapaudelclos\/wp-json\/wp\/v2\/categories?post=4223"},{"taxonomy":"post_tag","embeddable":true,"href":"https:\/\/agora.xtec.cat\/escolapaudelclos\/wp-json\/wp\/v2\/tags?post=4223"}],"curies":[{"name":"wp","href":"https:\/\/api.w.org\/{rel}","templated":true}]}}