{"id":4193,"date":"2026-02-26T19:37:48","date_gmt":"2026-02-26T18:37:48","guid":{"rendered":"https:\/\/agora.xtec.cat\/escolapaudelclos\/?p=4193"},"modified":"2026-03-10T11:45:49","modified_gmt":"2026-03-10T10:45:49","slug":"3r-imma-pujol-bibliotecaria-de-tarragona","status":"publish","type":"post","link":"https:\/\/agora.xtec.cat\/escolapaudelclos\/general\/3r-imma-pujol-bibliotecaria-de-tarragona\/","title":{"rendered":"3r &#8211; Imma Pujol, bibliotec\u00e0ria de Tarragona"},"content":{"rendered":"<p>Ahir, dimecres 25 de febrer, els nens i nenes de 3r vam anar a la Biblioteca P\u00fablica de Tarragona per entrevistar l&#8217;Imma Pujol, protagonista del nostre projecte sobre dones emprenedores amb motiu del Dia Internacional de la Dona (8 de mar\u00e7).<\/p>\n<p>Durant les setmanes pr\u00e8vies hav\u00edem buscat informaci\u00f3 sobre la seva traject\u00f2ria, fet activitats de comprensi\u00f3 lectora i preparat una presentaci\u00f3. Tamb\u00e9 vam elaborar i ordenar un seguit de preguntes sobre la seva feina, la biblioteca, la lectura i la seva experi\u00e8ncia personal.<\/p>\n<p>A la visita, l\u2019Imma ens va atendre amb molta amabilitat i ens va explicar en qu\u00e8 consisteix la seva tasca com a bibliotec\u00e0ria: com es cataloguen i es trien els llibres, quantes persones treballen a la biblioteca infantil, com s\u2019organitzen els clubs de lectura i les diferents activitats, i fins i tot com funciona el magatzem on es guarden els llibres. Ens va parlar del seu cam\u00ed professional, dels seus anys d\u2019experi\u00e8ncia i de la seva passi\u00f3 per fomentar la lectura. Tamb\u00e9 va fer recomanacions de llibres al nostre alumnat.<\/p>\n<p>A m\u00e9s, vam descobrir la seva vessant m\u00e9s art\u00edstica, ja que \u00e9s una gran aficionada al teatre i ens va demostrar el seu talent com a contacontes explicant-nos una hist\u00f2ria que ens va encantar.<\/p>\n<p>Aquesta visita ens ha perm\u00e8s completar el nostre projecte, con\u00e8ixer de prop la feina d\u2019una bibliotec\u00e0ria i, sobretot, sortir encara m\u00e9s motivats per continuar llegint i gaudint dels llibres.<\/p>\n<p><a href=\"https:\/\/agora.xtec.cat\/escolapaudelclos\/wp-content\/uploads\/usu2656\/2026\/02\/WhatsApp-Image-2026-02-26-at-00.01.27.jpeg\"><img loading=\"lazy\" decoding=\"async\" class=\" wp-image-4195 aligncenter\" src=\"https:\/\/agora.xtec.cat\/escolapaudelclos\/wp-content\/uploads\/usu2656\/2026\/02\/WhatsApp-Image-2026-02-26-at-00.01.27.jpeg\" alt=\"\" width=\"566\" height=\"425\" srcset=\"https:\/\/agora.xtec.cat\/escolapaudelclos\/wp-content\/uploads\/usu2656\/2026\/02\/WhatsApp-Image-2026-02-26-at-00.01.27.jpeg 2040w, https:\/\/agora.xtec.cat\/escolapaudelclos\/wp-content\/uploads\/usu2656\/2026\/02\/WhatsApp-Image-2026-02-26-at-00.01.27-300x225.jpeg 300w, https:\/\/agora.xtec.cat\/escolapaudelclos\/wp-content\/uploads\/usu2656\/2026\/02\/WhatsApp-Image-2026-02-26-at-00.01.27-1024x768.jpeg 1024w, https:\/\/agora.xtec.cat\/escolapaudelclos\/wp-content\/uploads\/usu2656\/2026\/02\/WhatsApp-Image-2026-02-26-at-00.01.27-768x576.jpeg 768w, https:\/\/agora.xtec.cat\/escolapaudelclos\/wp-content\/uploads\/usu2656\/2026\/02\/WhatsApp-Image-2026-02-26-at-00.01.27-1536x1152.jpeg 1536w, https:\/\/agora.xtec.cat\/escolapaudelclos\/wp-content\/uploads\/usu2656\/2026\/02\/WhatsApp-Image-2026-02-26-at-00.01.27-200x150.jpeg 200w\" sizes=\"auto, (max-width: 566px) 100vw, 566px\" \/><\/a><\/p>\n<table style=\"width: 100%; border-collapse: collapse; border-style: hidden;\">\n<tbody>\n<tr>\n<td style=\"width: 50%; border-style: hidden;\"><\/td>\n<td style=\"width: 50%; border-style: hidden;\"><\/td>\n<\/tr>\n<\/tbody>\n<\/table>\n","protected":false},"excerpt":{"rendered":"<p>Ahir, dimecres 25 de febrer, els nens i nenes de 3r vam anar a la Biblioteca P\u00fablica de Tarragona per entrevistar l&#8217;Imma Pujol, protagonista del nostre projecte sobre dones emprenedores amb motiu del Dia Internacional de la Dona (8 de mar\u00e7). Durant les setmanes pr\u00e8vies hav\u00edem buscat informaci\u00f3 sobre la seva traject\u00f2ria, fet activitats de [&hellip;]<\/p>\n","protected":false},"author":1,"featured_media":4195,"comment_status":"open","ping_status":"open","sticky":false,"template":"","format":"standard","meta":{"_bbp_topic_count":0,"_bbp_reply_count":0,"_bbp_total_topic_count":0,"_bbp_total_reply_count":0,"_bbp_voice_count":0,"_bbp_anonymous_reply_count":0,"_bbp_topic_count_hidden":0,"_bbp_reply_count_hidden":0,"_bbp_forum_subforum_count":0,"site-sidebar-layout":"default","site-content-layout":"","ast-site-content-layout":"","site-content-style":"default","site-sidebar-style":"default","ast-global-header-display":"","ast-banner-title-visibility":"","ast-main-header-display":"","ast-hfb-above-header-display":"","ast-hfb-below-header-display":"","ast-hfb-mobile-header-display":"","site-post-title":"","ast-breadcrumbs-content":"","ast-featured-img":"","footer-sml-layout":"","theme-transparent-header-meta":"","adv-header-id-meta":"","stick-header-meta":"","header-above-stick-meta":"","header-main-stick-meta":"","header-below-stick-meta":"","astra-migrate-meta-layouts":"default","ast-page-background-enabled":"default","ast-page-background-meta":{"desktop":{"background-color":"var(--ast-global-color-4)","background-image":"","background-repeat":"repeat","background-position":"center center","background-size":"auto","background-attachment":"scroll","background-type":"","background-media":"","overlay-type":"","overlay-color":"","overlay-opacity":"","overlay-gradient":""},"tablet":{"background-color":"","background-image":"","background-repeat":"repeat","background-position":"center center","background-size":"auto","background-attachment":"scroll","background-type":"","background-media":"","overlay-type":"","overlay-color":"","overlay-opacity":"","overlay-gradient":""},"mobile":{"background-color":"","background-image":"","background-repeat":"repeat","background-position":"center center","background-size":"auto","background-attachment":"scroll","background-type":"","background-media":"","overlay-type":"","overlay-color":"","overlay-opacity":"","overlay-gradient":""}},"ast-content-background-meta":{"desktop":{"background-color":"var(--ast-global-color-5)","background-image":"","background-repeat":"repeat","background-position":"center center","background-size":"auto","background-attachment":"scroll","background-type":"","background-media":"","overlay-type":"","overlay-color":"","overlay-opacity":"","overlay-gradient":""},"tablet":{"background-color":"var(--ast-global-color-5)","background-image":"","background-repeat":"repeat","background-position":"center center","background-size":"auto","background-attachment":"scroll","background-type":"","background-media":"","overlay-type":"","overlay-color":"","overlay-opacity":"","overlay-gradient":""},"mobile":{"background-color":"var(--ast-global-color-5)","background-image":"","background-repeat":"repeat","background-position":"center center","background-size":"auto","background-attachment":"scroll","background-type":"","background-media":"","overlay-type":"","overlay-color":"","overlay-opacity":"","overlay-gradient":""}},"footnotes":""},"categories":[5,12,1,4],"tags":[567,750,753,522,62,526,751,569,570,752,67],"class_list":["post-4193","post","type-post","status-publish","format-standard","has-post-thumbnail","hentry","category-primaria","category-3r","category-general","category-portada","tag-biblioteca","tag-biblioteca-publica-de-tarragona","tag-bibliotecaria","tag-curs-25-26","tag-escola-pau-delclos","tag-gaudir","tag-imma-pujol","tag-lectura","tag-llegir","tag-llibres","tag-tarragona"],"post_mailing_queue_ids":[],"_links":{"self":[{"href":"https:\/\/agora.xtec.cat\/escolapaudelclos\/wp-json\/wp\/v2\/posts\/4193","targetHints":{"allow":["GET"]}}],"collection":[{"href":"https:\/\/agora.xtec.cat\/escolapaudelclos\/wp-json\/wp\/v2\/posts"}],"about":[{"href":"https:\/\/agora.xtec.cat\/escolapaudelclos\/wp-json\/wp\/v2\/types\/post"}],"author":[{"embeddable":true,"href":"https:\/\/agora.xtec.cat\/escolapaudelclos\/wp-json\/wp\/v2\/users\/1"}],"replies":[{"embeddable":true,"href":"https:\/\/agora.xtec.cat\/escolapaudelclos\/wp-json\/wp\/v2\/comments?post=4193"}],"version-history":[{"count":3,"href":"https:\/\/agora.xtec.cat\/escolapaudelclos\/wp-json\/wp\/v2\/posts\/4193\/revisions"}],"predecessor-version":[{"id":4237,"href":"https:\/\/agora.xtec.cat\/escolapaudelclos\/wp-json\/wp\/v2\/posts\/4193\/revisions\/4237"}],"wp:featuredmedia":[{"embeddable":true,"href":"https:\/\/agora.xtec.cat\/escolapaudelclos\/wp-json\/wp\/v2\/media\/4195"}],"wp:attachment":[{"href":"https:\/\/agora.xtec.cat\/escolapaudelclos\/wp-json\/wp\/v2\/media?parent=4193"}],"wp:term":[{"taxonomy":"category","embeddable":true,"href":"https:\/\/agora.xtec.cat\/escolapaudelclos\/wp-json\/wp\/v2\/categories?post=4193"},{"taxonomy":"post_tag","embeddable":true,"href":"https:\/\/agora.xtec.cat\/escolapaudelclos\/wp-json\/wp\/v2\/tags?post=4193"}],"curies":[{"name":"wp","href":"https:\/\/api.w.org\/{rel}","templated":true}]}}