{"id":4169,"date":"2026-02-26T15:23:19","date_gmt":"2026-02-26T14:23:19","guid":{"rendered":"https:\/\/agora.xtec.cat\/escolapaudelclos\/?p=4169"},"modified":"2026-02-26T15:24:21","modified_gmt":"2026-02-26T14:24:21","slug":"2n-treballem-les-emocions-a-larea-de-valors","status":"publish","type":"post","link":"https:\/\/agora.xtec.cat\/escolapaudelclos\/general\/2n-treballem-les-emocions-a-larea-de-valors\/","title":{"rendered":"2n &#8211; Treballem les emocions a l\u2019\u00e0rea de valors"},"content":{"rendered":"<p>A l\u2019\u00e0rea de valors, aquest trimestre estem immersos en un treball molt especial: el reconeixement i la gesti\u00f3 de les emocions. Per fer-ho, ens estem ajudant dels personatges de la pel\u00b7l\u00edcula Del rev\u00e9s, que ens permeten apropar-nos al m\u00f3n emocional d\u2019una manera visual, significativa i motivadora.<\/p>\n<p>A trav\u00e9s de l\u2019Alegria, la Tristesa, la Por, la Ira i el F\u00e0stic, l\u2019alumnat est\u00e0 descobrint que no existeixen emocions bones o dolentes. Totes s\u00f3n v\u00e0lides i necess\u00e0ries, ja que cadascuna t\u00e9 una funci\u00f3 i ens ajuda a entendre el que sentim en diferents situacions del nostre dia a dia.<\/p>\n<p>Durant les sessions tamb\u00e9 estem aprenent a identificar en quina part del cos situem cada emoci\u00f3. Mitjan\u00e7ant converses, din\u00e0miques i activitats pr\u00e0ctiques, els infants prenen consci\u00e8ncia de com el cos ens dona pistes sobre el que estem sentint, fet que facilita poder posar nom a les emocions.<\/p>\n<p>Paral\u00b7lelament, treballem estrat\u00e8gies per gestionar-les: respirar profundament, expressar el que sentim amb paraules, demanar ajuda, prendre un moment de calma o buscar solucions. L\u2019objectiu \u00e9s dotar l\u2019alumnat d\u2019eines \u00fatils per al seu benestar personal i per afavorir una conviv\u00e8ncia positiva.<\/p>\n<p>Aquest treball es far\u00e0 extensiu a tota la classe, ja que considerem que saber recon\u00e8ixer i gestionar les emocions \u00e9s un aprenentatge fonamental per cr\u00e9ixer i relacionar-nos de manera saludable amb els altres.<\/p>\n<table style=\"width: 100%; border-collapse: collapse; border-style: hidden;\">\n<tbody>\n<tr>\n<td style=\"width: 50%; border-style: hidden; text-align: center;\"><a href=\"https:\/\/agora.xtec.cat\/escolapaudelclos\/wp-content\/uploads\/usu2656\/2026\/02\/IMG20260225160734.jpg\"><img loading=\"lazy\" decoding=\"async\" class=\" wp-image-4170\" src=\"https:\/\/agora.xtec.cat\/escolapaudelclos\/wp-content\/uploads\/usu2656\/2026\/02\/IMG20260225160734.jpg\" alt=\"\" width=\"476\" height=\"357\" srcset=\"https:\/\/agora.xtec.cat\/escolapaudelclos\/wp-content\/uploads\/usu2656\/2026\/02\/IMG20260225160734.jpg 2048w, https:\/\/agora.xtec.cat\/escolapaudelclos\/wp-content\/uploads\/usu2656\/2026\/02\/IMG20260225160734-300x225.jpg 300w, https:\/\/agora.xtec.cat\/escolapaudelclos\/wp-content\/uploads\/usu2656\/2026\/02\/IMG20260225160734-1024x768.jpg 1024w, https:\/\/agora.xtec.cat\/escolapaudelclos\/wp-content\/uploads\/usu2656\/2026\/02\/IMG20260225160734-768x576.jpg 768w, https:\/\/agora.xtec.cat\/escolapaudelclos\/wp-content\/uploads\/usu2656\/2026\/02\/IMG20260225160734-1536x1152.jpg 1536w, https:\/\/agora.xtec.cat\/escolapaudelclos\/wp-content\/uploads\/usu2656\/2026\/02\/IMG20260225160734-200x150.jpg 200w\" sizes=\"auto, (max-width: 476px) 100vw, 476px\" \/><\/a><\/td>\n<td style=\"width: 50%; border-style: hidden; text-align: center;\"><a href=\"https:\/\/agora.xtec.cat\/escolapaudelclos\/wp-content\/uploads\/usu2656\/2026\/02\/IMG20260225160636.jpg\"><img loading=\"lazy\" decoding=\"async\" class=\" wp-image-4171\" src=\"https:\/\/agora.xtec.cat\/escolapaudelclos\/wp-content\/uploads\/usu2656\/2026\/02\/IMG20260225160636.jpg\" alt=\"\" width=\"284\" height=\"379\" srcset=\"https:\/\/agora.xtec.cat\/escolapaudelclos\/wp-content\/uploads\/usu2656\/2026\/02\/IMG20260225160636.jpg 1536w, https:\/\/agora.xtec.cat\/escolapaudelclos\/wp-content\/uploads\/usu2656\/2026\/02\/IMG20260225160636-225x300.jpg 225w, https:\/\/agora.xtec.cat\/escolapaudelclos\/wp-content\/uploads\/usu2656\/2026\/02\/IMG20260225160636-768x1024.jpg 768w, https:\/\/agora.xtec.cat\/escolapaudelclos\/wp-content\/uploads\/usu2656\/2026\/02\/IMG20260225160636-1152x1536.jpg 1152w\" sizes=\"auto, (max-width: 284px) 100vw, 284px\" \/><\/a><\/td>\n<\/tr>\n<\/tbody>\n<\/table>\n<p style=\"text-align: center;\"><a href=\"https:\/\/agora.xtec.cat\/escolapaudelclos\/wp-content\/uploads\/usu2656\/2026\/02\/IMG-20260225-WA0012.jpg\"><img loading=\"lazy\" decoding=\"async\" class=\"alignnone  wp-image-4176\" src=\"https:\/\/agora.xtec.cat\/escolapaudelclos\/wp-content\/uploads\/usu2656\/2026\/02\/IMG-20260225-WA0012.jpg\" alt=\"\" width=\"354\" height=\"472\" srcset=\"https:\/\/agora.xtec.cat\/escolapaudelclos\/wp-content\/uploads\/usu2656\/2026\/02\/IMG-20260225-WA0012.jpg 600w, https:\/\/agora.xtec.cat\/escolapaudelclos\/wp-content\/uploads\/usu2656\/2026\/02\/IMG-20260225-WA0012-225x300.jpg 225w\" sizes=\"auto, (max-width: 354px) 100vw, 354px\" \/><\/a><\/p>\n","protected":false},"excerpt":{"rendered":"<p>A l\u2019\u00e0rea de valors, aquest trimestre estem immersos en un treball molt especial: el reconeixement i la gesti\u00f3 de les emocions. Per fer-ho, ens estem ajudant dels personatges de la pel\u00b7l\u00edcula Del rev\u00e9s, que ens permeten apropar-nos al m\u00f3n emocional d\u2019una manera visual, significativa i motivadora. A trav\u00e9s de l\u2019Alegria, la Tristesa, la Por, la [&hellip;]<\/p>\n","protected":false},"author":1,"featured_media":4176,"comment_status":"open","ping_status":"open","sticky":false,"template":"","format":"standard","meta":{"_bbp_topic_count":0,"_bbp_reply_count":0,"_bbp_total_topic_count":0,"_bbp_total_reply_count":0,"_bbp_voice_count":0,"_bbp_anonymous_reply_count":0,"_bbp_topic_count_hidden":0,"_bbp_reply_count_hidden":0,"_bbp_forum_subforum_count":0,"site-sidebar-layout":"default","site-content-layout":"","ast-site-content-layout":"","site-content-style":"default","site-sidebar-style":"default","ast-global-header-display":"","ast-banner-title-visibility":"","ast-main-header-display":"","ast-hfb-above-header-display":"","ast-hfb-below-header-display":"","ast-hfb-mobile-header-display":"","site-post-title":"","ast-breadcrumbs-content":"","ast-featured-img":"","footer-sml-layout":"","theme-transparent-header-meta":"","adv-header-id-meta":"","stick-header-meta":"","header-above-stick-meta":"","header-main-stick-meta":"","header-below-stick-meta":"","astra-migrate-meta-layouts":"default","ast-page-background-enabled":"default","ast-page-background-meta":{"desktop":{"background-color":"var(--ast-global-color-4)","background-image":"","background-repeat":"repeat","background-position":"center center","background-size":"auto","background-attachment":"scroll","background-type":"","background-media":"","overlay-type":"","overlay-color":"","overlay-opacity":"","overlay-gradient":""},"tablet":{"background-color":"","background-image":"","background-repeat":"repeat","background-position":"center center","background-size":"auto","background-attachment":"scroll","background-type":"","background-media":"","overlay-type":"","overlay-color":"","overlay-opacity":"","overlay-gradient":""},"mobile":{"background-color":"","background-image":"","background-repeat":"repeat","background-position":"center center","background-size":"auto","background-attachment":"scroll","background-type":"","background-media":"","overlay-type":"","overlay-color":"","overlay-opacity":"","overlay-gradient":""}},"ast-content-background-meta":{"desktop":{"background-color":"var(--ast-global-color-5)","background-image":"","background-repeat":"repeat","background-position":"center center","background-size":"auto","background-attachment":"scroll","background-type":"","background-media":"","overlay-type":"","overlay-color":"","overlay-opacity":"","overlay-gradient":""},"tablet":{"background-color":"var(--ast-global-color-5)","background-image":"","background-repeat":"repeat","background-position":"center center","background-size":"auto","background-attachment":"scroll","background-type":"","background-media":"","overlay-type":"","overlay-color":"","overlay-opacity":"","overlay-gradient":""},"mobile":{"background-color":"var(--ast-global-color-5)","background-image":"","background-repeat":"repeat","background-position":"center center","background-size":"auto","background-attachment":"scroll","background-type":"","background-media":"","overlay-type":"","overlay-color":"","overlay-opacity":"","overlay-gradient":""}},"footnotes":""},"categories":[5,11,1,4],"tags":[116,522,731,62,742,150],"class_list":["post-4169","post","type-post","status-publish","format-standard","has-post-thumbnail","hentry","category-primaria","category-2n","category-general","category-portada","tag-2n","tag-curs-25-26","tag-emocions","tag-escola-pau-delclos","tag-estrategies","tag-valors"],"post_mailing_queue_ids":[],"_links":{"self":[{"href":"https:\/\/agora.xtec.cat\/escolapaudelclos\/wp-json\/wp\/v2\/posts\/4169","targetHints":{"allow":["GET"]}}],"collection":[{"href":"https:\/\/agora.xtec.cat\/escolapaudelclos\/wp-json\/wp\/v2\/posts"}],"about":[{"href":"https:\/\/agora.xtec.cat\/escolapaudelclos\/wp-json\/wp\/v2\/types\/post"}],"author":[{"embeddable":true,"href":"https:\/\/agora.xtec.cat\/escolapaudelclos\/wp-json\/wp\/v2\/users\/1"}],"replies":[{"embeddable":true,"href":"https:\/\/agora.xtec.cat\/escolapaudelclos\/wp-json\/wp\/v2\/comments?post=4169"}],"version-history":[{"count":6,"href":"https:\/\/agora.xtec.cat\/escolapaudelclos\/wp-json\/wp\/v2\/posts\/4169\/revisions"}],"predecessor-version":[{"id":4178,"href":"https:\/\/agora.xtec.cat\/escolapaudelclos\/wp-json\/wp\/v2\/posts\/4169\/revisions\/4178"}],"wp:featuredmedia":[{"embeddable":true,"href":"https:\/\/agora.xtec.cat\/escolapaudelclos\/wp-json\/wp\/v2\/media\/4176"}],"wp:attachment":[{"href":"https:\/\/agora.xtec.cat\/escolapaudelclos\/wp-json\/wp\/v2\/media?parent=4169"}],"wp:term":[{"taxonomy":"category","embeddable":true,"href":"https:\/\/agora.xtec.cat\/escolapaudelclos\/wp-json\/wp\/v2\/categories?post=4169"},{"taxonomy":"post_tag","embeddable":true,"href":"https:\/\/agora.xtec.cat\/escolapaudelclos\/wp-json\/wp\/v2\/tags?post=4169"}],"curies":[{"name":"wp","href":"https:\/\/api.w.org\/{rel}","templated":true}]}}