{"id":4161,"date":"2026-02-25T17:56:55","date_gmt":"2026-02-25T16:56:55","guid":{"rendered":"https:\/\/agora.xtec.cat\/escolapaudelclos\/?p=4161"},"modified":"2026-03-10T11:45:43","modified_gmt":"2026-03-10T10:45:43","slug":"5e-taller-primers-auxilis","status":"publish","type":"post","link":"https:\/\/agora.xtec.cat\/escolapaudelclos\/general\/5e-taller-primers-auxilis\/","title":{"rendered":"5\u00e8 &#8211; Taller Primers Auxilis"},"content":{"rendered":"<p>Un grup d&#8217;alumnes de l&#8217;Institut Cal\u00b7l\u00edpolis de Tarragona han vingut a l&#8217;escola i ens han impartit un taller sobre primers auxilis.<br \/>\nDurant la xerrada, els i les alumnes de l&#8217;institut ens han explicat d&#8217;una manera pr\u00e0ctica i din\u00e0mica qu\u00e8 s\u00f3n els primers auxilis i com s&#8217;ha d&#8217;actuar davant d&#8217;un accident. Tamb\u00e9 hem pogut practicar algunes de les t\u00e8cniques apreses.<br \/>\nAgra\u00efm als alumnes del Cal\u00b7l\u00edpolis per compartir els seus coneixements amb nosaltres mitjan\u00e7ant l&#8217;activitat.<\/p>\n<p><a href=\"https:\/\/agora.xtec.cat\/escolapaudelclos\/wp-content\/uploads\/usu2656\/2026\/02\/1000198162.jpg\"><img loading=\"lazy\" decoding=\"async\" class=\"wp-image-4233 aligncenter\" src=\"https:\/\/agora.xtec.cat\/escolapaudelclos\/wp-content\/uploads\/usu2656\/2026\/02\/1000198162.jpg\" alt=\"\" width=\"482\" height=\"362\" srcset=\"https:\/\/agora.xtec.cat\/escolapaudelclos\/wp-content\/uploads\/usu2656\/2026\/02\/1000198162.jpg 2040w, https:\/\/agora.xtec.cat\/escolapaudelclos\/wp-content\/uploads\/usu2656\/2026\/02\/1000198162-300x225.jpg 300w, https:\/\/agora.xtec.cat\/escolapaudelclos\/wp-content\/uploads\/usu2656\/2026\/02\/1000198162-1024x768.jpg 1024w, https:\/\/agora.xtec.cat\/escolapaudelclos\/wp-content\/uploads\/usu2656\/2026\/02\/1000198162-768x576.jpg 768w, https:\/\/agora.xtec.cat\/escolapaudelclos\/wp-content\/uploads\/usu2656\/2026\/02\/1000198162-1536x1152.jpg 1536w, https:\/\/agora.xtec.cat\/escolapaudelclos\/wp-content\/uploads\/usu2656\/2026\/02\/1000198162-200x150.jpg 200w\" sizes=\"auto, (max-width: 482px) 100vw, 482px\" \/><\/a><\/p>\n","protected":false},"excerpt":{"rendered":"<p>Un grup d&#8217;alumnes de l&#8217;Institut Cal\u00b7l\u00edpolis de Tarragona han vingut a l&#8217;escola i ens han impartit un taller sobre primers auxilis. Durant la xerrada, els i les alumnes de l&#8217;institut ens han explicat d&#8217;una manera pr\u00e0ctica i din\u00e0mica qu\u00e8 s\u00f3n els primers auxilis i com s&#8217;ha d&#8217;actuar davant d&#8217;un accident. Tamb\u00e9 hem pogut practicar algunes [&hellip;]<\/p>\n","protected":false},"author":1,"featured_media":4233,"comment_status":"open","ping_status":"open","sticky":false,"template":"","format":"standard","meta":{"_bbp_topic_count":0,"_bbp_reply_count":0,"_bbp_total_topic_count":0,"_bbp_total_reply_count":0,"_bbp_voice_count":0,"_bbp_anonymous_reply_count":0,"_bbp_topic_count_hidden":0,"_bbp_reply_count_hidden":0,"_bbp_forum_subforum_count":0,"site-sidebar-layout":"default","site-content-layout":"","ast-site-content-layout":"","site-content-style":"default","site-sidebar-style":"default","ast-global-header-display":"","ast-banner-title-visibility":"","ast-main-header-display":"","ast-hfb-above-header-display":"","ast-hfb-below-header-display":"","ast-hfb-mobile-header-display":"","site-post-title":"","ast-breadcrumbs-content":"","ast-featured-img":"","footer-sml-layout":"","theme-transparent-header-meta":"","adv-header-id-meta":"","stick-header-meta":"","header-above-stick-meta":"","header-main-stick-meta":"","header-below-stick-meta":"","astra-migrate-meta-layouts":"default","ast-page-background-enabled":"default","ast-page-background-meta":{"desktop":{"background-color":"var(--ast-global-color-4)","background-image":"","background-repeat":"repeat","background-position":"center center","background-size":"auto","background-attachment":"scroll","background-type":"","background-media":"","overlay-type":"","overlay-color":"","overlay-opacity":"","overlay-gradient":""},"tablet":{"background-color":"","background-image":"","background-repeat":"repeat","background-position":"center center","background-size":"auto","background-attachment":"scroll","background-type":"","background-media":"","overlay-type":"","overlay-color":"","overlay-opacity":"","overlay-gradient":""},"mobile":{"background-color":"","background-image":"","background-repeat":"repeat","background-position":"center center","background-size":"auto","background-attachment":"scroll","background-type":"","background-media":"","overlay-type":"","overlay-color":"","overlay-opacity":"","overlay-gradient":""}},"ast-content-background-meta":{"desktop":{"background-color":"var(--ast-global-color-5)","background-image":"","background-repeat":"repeat","background-position":"center center","background-size":"auto","background-attachment":"scroll","background-type":"","background-media":"","overlay-type":"","overlay-color":"","overlay-opacity":"","overlay-gradient":""},"tablet":{"background-color":"var(--ast-global-color-5)","background-image":"","background-repeat":"repeat","background-position":"center center","background-size":"auto","background-attachment":"scroll","background-type":"","background-media":"","overlay-type":"","overlay-color":"","overlay-opacity":"","overlay-gradient":""},"mobile":{"background-color":"var(--ast-global-color-5)","background-image":"","background-repeat":"repeat","background-position":"center center","background-size":"auto","background-attachment":"scroll","background-type":"","background-media":"","overlay-type":"","overlay-color":"","overlay-opacity":"","overlay-gradient":""}},"footnotes":""},"categories":[5,14,1,4],"tags":[374,522,62,739,740,741,67],"class_list":["post-4161","post","type-post","status-publish","format-standard","has-post-thumbnail","hentry","category-primaria","category-5e","category-general","category-portada","tag-5e","tag-curs-25-26","tag-escola-pau-delclos","tag-institut-callipolis","tag-primer-auxilis","tag-seguretat","tag-tarragona"],"post_mailing_queue_ids":[],"_links":{"self":[{"href":"https:\/\/agora.xtec.cat\/escolapaudelclos\/wp-json\/wp\/v2\/posts\/4161","targetHints":{"allow":["GET"]}}],"collection":[{"href":"https:\/\/agora.xtec.cat\/escolapaudelclos\/wp-json\/wp\/v2\/posts"}],"about":[{"href":"https:\/\/agora.xtec.cat\/escolapaudelclos\/wp-json\/wp\/v2\/types\/post"}],"author":[{"embeddable":true,"href":"https:\/\/agora.xtec.cat\/escolapaudelclos\/wp-json\/wp\/v2\/users\/1"}],"replies":[{"embeddable":true,"href":"https:\/\/agora.xtec.cat\/escolapaudelclos\/wp-json\/wp\/v2\/comments?post=4161"}],"version-history":[{"count":3,"href":"https:\/\/agora.xtec.cat\/escolapaudelclos\/wp-json\/wp\/v2\/posts\/4161\/revisions"}],"predecessor-version":[{"id":4235,"href":"https:\/\/agora.xtec.cat\/escolapaudelclos\/wp-json\/wp\/v2\/posts\/4161\/revisions\/4235"}],"wp:featuredmedia":[{"embeddable":true,"href":"https:\/\/agora.xtec.cat\/escolapaudelclos\/wp-json\/wp\/v2\/media\/4233"}],"wp:attachment":[{"href":"https:\/\/agora.xtec.cat\/escolapaudelclos\/wp-json\/wp\/v2\/media?parent=4161"}],"wp:term":[{"taxonomy":"category","embeddable":true,"href":"https:\/\/agora.xtec.cat\/escolapaudelclos\/wp-json\/wp\/v2\/categories?post=4161"},{"taxonomy":"post_tag","embeddable":true,"href":"https:\/\/agora.xtec.cat\/escolapaudelclos\/wp-json\/wp\/v2\/tags?post=4161"}],"curies":[{"name":"wp","href":"https:\/\/api.w.org\/{rel}","templated":true}]}}