{"id":4120,"date":"2026-02-18T16:29:59","date_gmt":"2026-02-18T15:29:59","guid":{"rendered":"https:\/\/agora.xtec.cat\/escolapaudelclos\/?p=4120"},"modified":"2026-02-18T16:29:59","modified_gmt":"2026-02-18T15:29:59","slug":"6e-videotrucada-molt-especial","status":"publish","type":"post","link":"https:\/\/agora.xtec.cat\/escolapaudelclos\/general\/6e-videotrucada-molt-especial\/","title":{"rendered":"6\u00e8 &#8211; Videotrucada molt especial"},"content":{"rendered":"<p data-start=\"75\" data-end=\"290\">Avui l\u2019alumnat de 6\u00e8 hem tingut la sort de con\u00e8ixer, per videotrucada, l\u2019Emma i l\u2019Evan, els actors que donaran veu a la Petra i a l\u2019August, protagonistes de la cantata <strong><em data-start=\"251\" data-end=\"267\">Amics de Pedra<\/em><\/strong> en la qual participem.<\/p>\n<p data-start=\"292\" data-end=\"544\">A m\u00e9s, les diferents escoles participants hem pogut fer preguntes tant als personatges de la cantata com a l\u2019actor i l\u2019actriu que els interpreten. Ha estat molt enriquidor poder descobrir com viuen ells la hist\u00f2ria i com preparen la seva interpretaci\u00f3.\u00a0Tamb\u00e9 volem agrair especialment a <strong data-start=\"580\" data-end=\"621\"><span class=\"hover:entity-accent entity-underline inline cursor-pointer align-baseline\"><span class=\"whitespace-normal\">Joan Vives<\/span><\/span><\/strong>, compositor de la cantata, que s\u2019ha connectat a la trobada i ens ha perm\u00e8s posar cara a qui va crear la m\u00fasica que estem treballant a classe. La lletra \u00e9s obra del poeta <strong data-start=\"792\" data-end=\"833\"><span class=\"hover:entity-accent entity-underline inline cursor-pointer align-baseline\"><span class=\"whitespace-normal\">Adri\u00e0 Targa<\/span><\/span><\/strong>.<\/p>\n<p data-start=\"889\" data-end=\"1088\" data-is-last-node=\"\" data-is-only-node=\"\">Portem setmanes assajant totes les can\u00e7ons. Tot i que encara ens queda feina, l\u2019estem fent amb molta il\u00b7lusi\u00f3 i moltes ganes.<\/p>\n<p data-start=\"889\" data-end=\"1088\" data-is-last-node=\"\" data-is-only-node=\"\">\ud83d\udcc5 <strong data-start=\"839\" data-end=\"887\">L\u2019actuaci\u00f3 ser\u00e0 el proper dijous 19 de mar\u00e7 al teatre Tarragona!<\/strong><\/p>\n<p data-start=\"889\" data-end=\"1088\" data-is-last-node=\"\" data-is-only-node=\"\"><a href=\"https:\/\/agora.xtec.cat\/escolapaudelclos\/wp-content\/uploads\/usu2656\/2026\/02\/IMG-20260218-WA0021.jpg\"><img loading=\"lazy\" decoding=\"async\" class=\" wp-image-4121 aligncenter\" src=\"https:\/\/agora.xtec.cat\/escolapaudelclos\/wp-content\/uploads\/usu2656\/2026\/02\/IMG-20260218-WA0021.jpg\" alt=\"\" width=\"650\" height=\"292\" srcset=\"https:\/\/agora.xtec.cat\/escolapaudelclos\/wp-content\/uploads\/usu2656\/2026\/02\/IMG-20260218-WA0021.jpg 2048w, https:\/\/agora.xtec.cat\/escolapaudelclos\/wp-content\/uploads\/usu2656\/2026\/02\/IMG-20260218-WA0021-300x135.jpg 300w, https:\/\/agora.xtec.cat\/escolapaudelclos\/wp-content\/uploads\/usu2656\/2026\/02\/IMG-20260218-WA0021-1024x460.jpg 1024w, https:\/\/agora.xtec.cat\/escolapaudelclos\/wp-content\/uploads\/usu2656\/2026\/02\/IMG-20260218-WA0021-768x345.jpg 768w, https:\/\/agora.xtec.cat\/escolapaudelclos\/wp-content\/uploads\/usu2656\/2026\/02\/IMG-20260218-WA0021-1536x690.jpg 1536w\" sizes=\"auto, (max-width: 650px) 100vw, 650px\" \/><\/a><\/p>\n","protected":false},"excerpt":{"rendered":"<p>Avui l\u2019alumnat de 6\u00e8 hem tingut la sort de con\u00e8ixer, per videotrucada, l\u2019Emma i l\u2019Evan, els actors que donaran veu a la Petra i a l\u2019August, protagonistes de la cantata Amics de Pedra en la qual participem. A m\u00e9s, les diferents escoles participants hem pogut fer preguntes tant als personatges de la cantata com a [&hellip;]<\/p>\n","protected":false},"author":1,"featured_media":4121,"comment_status":"open","ping_status":"open","sticky":false,"template":"","format":"standard","meta":{"_bbp_topic_count":0,"_bbp_reply_count":0,"_bbp_total_topic_count":0,"_bbp_total_reply_count":0,"_bbp_voice_count":0,"_bbp_anonymous_reply_count":0,"_bbp_topic_count_hidden":0,"_bbp_reply_count_hidden":0,"_bbp_forum_subforum_count":0,"site-sidebar-layout":"default","site-content-layout":"","ast-site-content-layout":"","site-content-style":"default","site-sidebar-style":"default","ast-global-header-display":"","ast-banner-title-visibility":"","ast-main-header-display":"","ast-hfb-above-header-display":"","ast-hfb-below-header-display":"","ast-hfb-mobile-header-display":"","site-post-title":"","ast-breadcrumbs-content":"","ast-featured-img":"","footer-sml-layout":"","theme-transparent-header-meta":"","adv-header-id-meta":"","stick-header-meta":"","header-above-stick-meta":"","header-main-stick-meta":"","header-below-stick-meta":"","astra-migrate-meta-layouts":"default","ast-page-background-enabled":"default","ast-page-background-meta":{"desktop":{"background-color":"var(--ast-global-color-4)","background-image":"","background-repeat":"repeat","background-position":"center center","background-size":"auto","background-attachment":"scroll","background-type":"","background-media":"","overlay-type":"","overlay-color":"","overlay-opacity":"","overlay-gradient":""},"tablet":{"background-color":"","background-image":"","background-repeat":"repeat","background-position":"center center","background-size":"auto","background-attachment":"scroll","background-type":"","background-media":"","overlay-type":"","overlay-color":"","overlay-opacity":"","overlay-gradient":""},"mobile":{"background-color":"","background-image":"","background-repeat":"repeat","background-position":"center center","background-size":"auto","background-attachment":"scroll","background-type":"","background-media":"","overlay-type":"","overlay-color":"","overlay-opacity":"","overlay-gradient":""}},"ast-content-background-meta":{"desktop":{"background-color":"var(--ast-global-color-5)","background-image":"","background-repeat":"repeat","background-position":"center center","background-size":"auto","background-attachment":"scroll","background-type":"","background-media":"","overlay-type":"","overlay-color":"","overlay-opacity":"","overlay-gradient":""},"tablet":{"background-color":"var(--ast-global-color-5)","background-image":"","background-repeat":"repeat","background-position":"center center","background-size":"auto","background-attachment":"scroll","background-type":"","background-media":"","overlay-type":"","overlay-color":"","overlay-opacity":"","overlay-gradient":""},"mobile":{"background-color":"var(--ast-global-color-5)","background-image":"","background-repeat":"repeat","background-position":"center center","background-size":"auto","background-attachment":"scroll","background-type":"","background-media":"","overlay-type":"","overlay-color":"","overlay-opacity":"","overlay-gradient":""}},"footnotes":""},"categories":[5,15,1,4],"tags":[321,719,467,522,62,717,81,718,475,67,429,716],"class_list":["post-4120","post","type-post","status-publish","format-standard","has-post-thumbnail","hentry","category-primaria","category-6e","category-general","category-portada","tag-6e","tag-adria-targa","tag-amics-de-pedra","tag-curs-25-26","tag-escola-pau-delclos","tag-joan-vives","tag-musica","tag-petra-i-august","tag-projectes","tag-tarragona","tag-teatre-tarragona","tag-videotrucada"],"post_mailing_queue_ids":[],"_links":{"self":[{"href":"https:\/\/agora.xtec.cat\/escolapaudelclos\/wp-json\/wp\/v2\/posts\/4120","targetHints":{"allow":["GET"]}}],"collection":[{"href":"https:\/\/agora.xtec.cat\/escolapaudelclos\/wp-json\/wp\/v2\/posts"}],"about":[{"href":"https:\/\/agora.xtec.cat\/escolapaudelclos\/wp-json\/wp\/v2\/types\/post"}],"author":[{"embeddable":true,"href":"https:\/\/agora.xtec.cat\/escolapaudelclos\/wp-json\/wp\/v2\/users\/1"}],"replies":[{"embeddable":true,"href":"https:\/\/agora.xtec.cat\/escolapaudelclos\/wp-json\/wp\/v2\/comments?post=4120"}],"version-history":[{"count":4,"href":"https:\/\/agora.xtec.cat\/escolapaudelclos\/wp-json\/wp\/v2\/posts\/4120\/revisions"}],"predecessor-version":[{"id":4125,"href":"https:\/\/agora.xtec.cat\/escolapaudelclos\/wp-json\/wp\/v2\/posts\/4120\/revisions\/4125"}],"wp:featuredmedia":[{"embeddable":true,"href":"https:\/\/agora.xtec.cat\/escolapaudelclos\/wp-json\/wp\/v2\/media\/4121"}],"wp:attachment":[{"href":"https:\/\/agora.xtec.cat\/escolapaudelclos\/wp-json\/wp\/v2\/media?parent=4120"}],"wp:term":[{"taxonomy":"category","embeddable":true,"href":"https:\/\/agora.xtec.cat\/escolapaudelclos\/wp-json\/wp\/v2\/categories?post=4120"},{"taxonomy":"post_tag","embeddable":true,"href":"https:\/\/agora.xtec.cat\/escolapaudelclos\/wp-json\/wp\/v2\/tags?post=4120"}],"curies":[{"name":"wp","href":"https:\/\/api.w.org\/{rel}","templated":true}]}}