{"id":4083,"date":"2026-02-12T18:57:58","date_gmt":"2026-02-12T17:57:58","guid":{"rendered":"https:\/\/agora.xtec.cat\/escolapaudelclos\/?p=4083"},"modified":"2026-02-12T19:07:47","modified_gmt":"2026-02-12T18:07:47","slug":"5e-la-jove-aida","status":"publish","type":"post","link":"https:\/\/agora.xtec.cat\/escolapaudelclos\/general\/5e-la-jove-aida\/","title":{"rendered":"5\u00e8 &#8211; La Jove A\u00efda"},"content":{"rendered":"<p data-start=\"0\" data-end=\"463\">El passat divendres 6 de febrer, l\u2019alumnat de <strong data-start=\"46\" data-end=\"52\">5\u00e8<\/strong> vam assistir a la representaci\u00f3 de <strong data-start=\"88\" data-end=\"106\"><em data-start=\"90\" data-end=\"104\">La Jove A\u00efda<\/em><\/strong>, una experi\u00e8ncia que ha posat el punt culminant al treball que hem estat fent a l\u2019escola sobre l\u2019\u00f2pera. Durant les darreres setmanes, hem aprofundit en aquest g\u00e8nere musical a trav\u00e9s de diverses propostes did\u00e0ctiques vinculades al projecte: hem conegut la hist\u00f2ria, els personatges, la m\u00fasica i tots els elements que formen part d\u2019una producci\u00f3 oper\u00edstica.<\/p>\n<p data-start=\"465\" data-end=\"645\">Poder gaudir de l\u2019\u00f2pera en directe va ser una experi\u00e8ncia molt enriquidora i emocionant que ens va permetre viure tot all\u00f2 que hav\u00edem treballat a l\u2019aula d\u2019una manera molt especial.<\/p>\n<p data-start=\"647\" data-end=\"811\" data-is-last-node=\"\" data-is-only-node=\"\">Ara tenim moltes ganes de fer el tancament del projecte a l\u2019escola amb alguna activitat extra relacionada que ens permeti compartir i celebrar tot el que hem apr\u00e8s!<\/p>\n<table style=\"width: 100%; border-collapse: collapse; border-style: hidden;\">\n<tbody>\n<tr>\n<td style=\"width: 50%; border-style: hidden; text-align: center;\"><a href=\"https:\/\/agora.xtec.cat\/escolapaudelclos\/wp-content\/uploads\/usu2656\/2026\/02\/WhatsApp-Image-2026-02-12-at-18.52.04.jpeg\"><img loading=\"lazy\" decoding=\"async\" class=\"wp-image-4085 aligncenter\" src=\"https:\/\/agora.xtec.cat\/escolapaudelclos\/wp-content\/uploads\/usu2656\/2026\/02\/WhatsApp-Image-2026-02-12-at-18.52.04.jpeg\" alt=\"\" width=\"443\" height=\"333\" srcset=\"https:\/\/agora.xtec.cat\/escolapaudelclos\/wp-content\/uploads\/usu2656\/2026\/02\/WhatsApp-Image-2026-02-12-at-18.52.04.jpeg 1600w, https:\/\/agora.xtec.cat\/escolapaudelclos\/wp-content\/uploads\/usu2656\/2026\/02\/WhatsApp-Image-2026-02-12-at-18.52.04-300x225.jpeg 300w, https:\/\/agora.xtec.cat\/escolapaudelclos\/wp-content\/uploads\/usu2656\/2026\/02\/WhatsApp-Image-2026-02-12-at-18.52.04-1024x769.jpeg 1024w, https:\/\/agora.xtec.cat\/escolapaudelclos\/wp-content\/uploads\/usu2656\/2026\/02\/WhatsApp-Image-2026-02-12-at-18.52.04-768x576.jpeg 768w, https:\/\/agora.xtec.cat\/escolapaudelclos\/wp-content\/uploads\/usu2656\/2026\/02\/WhatsApp-Image-2026-02-12-at-18.52.04-1536x1153.jpeg 1536w, https:\/\/agora.xtec.cat\/escolapaudelclos\/wp-content\/uploads\/usu2656\/2026\/02\/WhatsApp-Image-2026-02-12-at-18.52.04-200x150.jpeg 200w\" sizes=\"auto, (max-width: 443px) 100vw, 443px\" \/><\/a><\/td>\n<td style=\"width: 50%; border-style: hidden; text-align: center;\"><a href=\"https:\/\/agora.xtec.cat\/escolapaudelclos\/wp-content\/uploads\/usu2656\/2026\/02\/WhatsApp-Image-2026-02-12-at-18.52.04-2.jpeg\"><img loading=\"lazy\" decoding=\"async\" class=\"alignnone wp-image-4084\" src=\"https:\/\/agora.xtec.cat\/escolapaudelclos\/wp-content\/uploads\/usu2656\/2026\/02\/WhatsApp-Image-2026-02-12-at-18.52.04-2.jpeg\" alt=\"\" width=\"331\" height=\"441\" srcset=\"https:\/\/agora.xtec.cat\/escolapaudelclos\/wp-content\/uploads\/usu2656\/2026\/02\/WhatsApp-Image-2026-02-12-at-18.52.04-2.jpeg 1201w, https:\/\/agora.xtec.cat\/escolapaudelclos\/wp-content\/uploads\/usu2656\/2026\/02\/WhatsApp-Image-2026-02-12-at-18.52.04-2-225x300.jpeg 225w, https:\/\/agora.xtec.cat\/escolapaudelclos\/wp-content\/uploads\/usu2656\/2026\/02\/WhatsApp-Image-2026-02-12-at-18.52.04-2-769x1024.jpeg 769w, https:\/\/agora.xtec.cat\/escolapaudelclos\/wp-content\/uploads\/usu2656\/2026\/02\/WhatsApp-Image-2026-02-12-at-18.52.04-2-768x1023.jpeg 768w, https:\/\/agora.xtec.cat\/escolapaudelclos\/wp-content\/uploads\/usu2656\/2026\/02\/WhatsApp-Image-2026-02-12-at-18.52.04-2-1153x1536.jpeg 1153w\" sizes=\"auto, (max-width: 331px) 100vw, 331px\" \/><\/a><\/td>\n<\/tr>\n<\/tbody>\n<\/table>\n","protected":false},"excerpt":{"rendered":"<p>El passat divendres 6 de febrer, l\u2019alumnat de 5\u00e8 vam assistir a la representaci\u00f3 de La Jove A\u00efda, una experi\u00e8ncia que ha posat el punt culminant al treball que hem estat fent a l\u2019escola sobre l\u2019\u00f2pera. Durant les darreres setmanes, hem aprofundit en aquest g\u00e8nere musical a trav\u00e9s de diverses propostes did\u00e0ctiques vinculades al projecte: [&hellip;]<\/p>\n","protected":false},"author":1,"featured_media":4085,"comment_status":"open","ping_status":"open","sticky":false,"template":"","format":"standard","meta":{"_bbp_topic_count":0,"_bbp_reply_count":0,"_bbp_total_topic_count":0,"_bbp_total_reply_count":0,"_bbp_voice_count":0,"_bbp_anonymous_reply_count":0,"_bbp_topic_count_hidden":0,"_bbp_reply_count_hidden":0,"_bbp_forum_subforum_count":0,"site-sidebar-layout":"default","site-content-layout":"","ast-site-content-layout":"","site-content-style":"default","site-sidebar-style":"default","ast-global-header-display":"","ast-banner-title-visibility":"","ast-main-header-display":"","ast-hfb-above-header-display":"","ast-hfb-below-header-display":"","ast-hfb-mobile-header-display":"","site-post-title":"","ast-breadcrumbs-content":"","ast-featured-img":"","footer-sml-layout":"","theme-transparent-header-meta":"","adv-header-id-meta":"","stick-header-meta":"","header-above-stick-meta":"","header-main-stick-meta":"","header-below-stick-meta":"","astra-migrate-meta-layouts":"default","ast-page-background-enabled":"default","ast-page-background-meta":{"desktop":{"background-color":"var(--ast-global-color-4)","background-image":"","background-repeat":"repeat","background-position":"center center","background-size":"auto","background-attachment":"scroll","background-type":"","background-media":"","overlay-type":"","overlay-color":"","overlay-opacity":"","overlay-gradient":""},"tablet":{"background-color":"","background-image":"","background-repeat":"repeat","background-position":"center center","background-size":"auto","background-attachment":"scroll","background-type":"","background-media":"","overlay-type":"","overlay-color":"","overlay-opacity":"","overlay-gradient":""},"mobile":{"background-color":"","background-image":"","background-repeat":"repeat","background-position":"center center","background-size":"auto","background-attachment":"scroll","background-type":"","background-media":"","overlay-type":"","overlay-color":"","overlay-opacity":"","overlay-gradient":""}},"ast-content-background-meta":{"desktop":{"background-color":"var(--ast-global-color-5)","background-image":"","background-repeat":"repeat","background-position":"center center","background-size":"auto","background-attachment":"scroll","background-type":"","background-media":"","overlay-type":"","overlay-color":"","overlay-opacity":"","overlay-gradient":""},"tablet":{"background-color":"var(--ast-global-color-5)","background-image":"","background-repeat":"repeat","background-position":"center center","background-size":"auto","background-attachment":"scroll","background-type":"","background-media":"","overlay-type":"","overlay-color":"","overlay-opacity":"","overlay-gradient":""},"mobile":{"background-color":"var(--ast-global-color-5)","background-image":"","background-repeat":"repeat","background-position":"center center","background-size":"auto","background-attachment":"scroll","background-type":"","background-media":"","overlay-type":"","overlay-color":"","overlay-opacity":"","overlay-gradient":""}},"footnotes":""},"categories":[5,14,1,4],"tags":[374,709,62,710,81,415,711,67,429],"class_list":["post-4083","post","type-post","status-publish","format-standard","has-post-thumbnail","hentry","category-primaria","category-5e","category-general","category-portada","tag-5e","tag-curs-35-36","tag-escola-pau-delclos","tag-la-jove-aida","tag-musica","tag-opera","tag-petit-liceu","tag-tarragona","tag-teatre-tarragona"],"post_mailing_queue_ids":[],"_links":{"self":[{"href":"https:\/\/agora.xtec.cat\/escolapaudelclos\/wp-json\/wp\/v2\/posts\/4083","targetHints":{"allow":["GET"]}}],"collection":[{"href":"https:\/\/agora.xtec.cat\/escolapaudelclos\/wp-json\/wp\/v2\/posts"}],"about":[{"href":"https:\/\/agora.xtec.cat\/escolapaudelclos\/wp-json\/wp\/v2\/types\/post"}],"author":[{"embeddable":true,"href":"https:\/\/agora.xtec.cat\/escolapaudelclos\/wp-json\/wp\/v2\/users\/1"}],"replies":[{"embeddable":true,"href":"https:\/\/agora.xtec.cat\/escolapaudelclos\/wp-json\/wp\/v2\/comments?post=4083"}],"version-history":[{"count":3,"href":"https:\/\/agora.xtec.cat\/escolapaudelclos\/wp-json\/wp\/v2\/posts\/4083\/revisions"}],"predecessor-version":[{"id":4088,"href":"https:\/\/agora.xtec.cat\/escolapaudelclos\/wp-json\/wp\/v2\/posts\/4083\/revisions\/4088"}],"wp:featuredmedia":[{"embeddable":true,"href":"https:\/\/agora.xtec.cat\/escolapaudelclos\/wp-json\/wp\/v2\/media\/4085"}],"wp:attachment":[{"href":"https:\/\/agora.xtec.cat\/escolapaudelclos\/wp-json\/wp\/v2\/media?parent=4083"}],"wp:term":[{"taxonomy":"category","embeddable":true,"href":"https:\/\/agora.xtec.cat\/escolapaudelclos\/wp-json\/wp\/v2\/categories?post=4083"},{"taxonomy":"post_tag","embeddable":true,"href":"https:\/\/agora.xtec.cat\/escolapaudelclos\/wp-json\/wp\/v2\/tags?post=4083"}],"curies":[{"name":"wp","href":"https:\/\/api.w.org\/{rel}","templated":true}]}}