{"id":3881,"date":"2025-12-03T18:52:30","date_gmt":"2025-12-03T17:52:30","guid":{"rendered":"https:\/\/agora.xtec.cat\/escolapaudelclos\/?p=3881"},"modified":"2025-12-03T18:52:30","modified_gmt":"2025-12-03T17:52:30","slug":"2n-treballant-els-valors-amb-el-conte-cent-llavors-que-van-volar","status":"publish","type":"post","link":"https:\/\/agora.xtec.cat\/escolapaudelclos\/general\/2n-treballant-els-valors-amb-el-conte-cent-llavors-que-van-volar\/","title":{"rendered":"2n &#8211; Treballant els valors amb el conte \u201cCent llavors que van volar\u201d"},"content":{"rendered":"<p>A l\u2019\u00e0rea de Valors hem treballat el conte\u00a0<em>Cent llavors que van volar<\/em>, una hist\u00f2ria plena de sensibilitat que ens parla de les llavors d\u2019un arbre, de l\u2019esperan\u00e7a que alguna arreli i creixi, i de la paci\u00e8ncia necess\u00e0ria per confiar en els processos naturals. El conte tamb\u00e9 ens convida a reflexionar sobre el respecte pel medi ambient i la import\u00e0ncia de cuidar el nostre entorn.<\/p>\n<p>Durant les sessions hem comentat qu\u00e8 simbolitzen les llavors, com cada una representa una oportunitat i com, malgrat les dificultats o els entrebancs, sempre cal mantenir l\u2019esperan\u00e7a. Hem relacionat aquests aprenentatges amb la necessitat de tenir cura de la natura i d\u2019entendre que els canvis ecol\u00f2gics requereixen temps, const\u00e0ncia i responsabilitat.<\/p>\n<p>Com a activitat final, hem creat una\u00a0<strong>auca<\/strong> que explica el conte d\u2019una manera diferent, combinant dibuixos i rodolins elaborats per l&#8217;alumnat. Aquesta proposta creativa ens ha perm\u00e8s reinterpretar la hist\u00f2ria i posar en valor tot all\u00f2 que hem apr\u00e8s sobre la paci\u00e8ncia, l\u2019esperan\u00e7a i l\u2019ecologia.<\/p>\n<table style=\"border-collapse: collapse; width: 100%;\">\n<tbody>\n<tr>\n<td style=\"width: 50%; border-style: hidden;\"><a href=\"https:\/\/agora.xtec.cat\/escolapaudelclos\/wp-content\/uploads\/usu2656\/2025\/12\/IMG20251203161934.jpg\"><img loading=\"lazy\" decoding=\"async\" class=\"size-full wp-image-3882\" src=\"https:\/\/agora.xtec.cat\/escolapaudelclos\/wp-content\/uploads\/usu2656\/2025\/12\/IMG20251203161934.jpg\" alt=\"\" width=\"2048\" height=\"1536\" srcset=\"https:\/\/agora.xtec.cat\/escolapaudelclos\/wp-content\/uploads\/usu2656\/2025\/12\/IMG20251203161934.jpg 2048w, https:\/\/agora.xtec.cat\/escolapaudelclos\/wp-content\/uploads\/usu2656\/2025\/12\/IMG20251203161934-300x225.jpg 300w, https:\/\/agora.xtec.cat\/escolapaudelclos\/wp-content\/uploads\/usu2656\/2025\/12\/IMG20251203161934-1024x768.jpg 1024w, https:\/\/agora.xtec.cat\/escolapaudelclos\/wp-content\/uploads\/usu2656\/2025\/12\/IMG20251203161934-768x576.jpg 768w, https:\/\/agora.xtec.cat\/escolapaudelclos\/wp-content\/uploads\/usu2656\/2025\/12\/IMG20251203161934-1536x1152.jpg 1536w, https:\/\/agora.xtec.cat\/escolapaudelclos\/wp-content\/uploads\/usu2656\/2025\/12\/IMG20251203161934-200x150.jpg 200w\" sizes=\"auto, (max-width: 2048px) 100vw, 2048px\" \/><\/a><\/td>\n<td style=\"width: 50%; border-style: hidden;\"><a href=\"https:\/\/agora.xtec.cat\/escolapaudelclos\/wp-content\/uploads\/usu2656\/2025\/12\/IMG20251203162219.jpg\"><img loading=\"lazy\" decoding=\"async\" class=\"size-full wp-image-3883\" src=\"https:\/\/agora.xtec.cat\/escolapaudelclos\/wp-content\/uploads\/usu2656\/2025\/12\/IMG20251203162219.jpg\" alt=\"\" width=\"2048\" height=\"1536\" srcset=\"https:\/\/agora.xtec.cat\/escolapaudelclos\/wp-content\/uploads\/usu2656\/2025\/12\/IMG20251203162219.jpg 2048w, https:\/\/agora.xtec.cat\/escolapaudelclos\/wp-content\/uploads\/usu2656\/2025\/12\/IMG20251203162219-300x225.jpg 300w, https:\/\/agora.xtec.cat\/escolapaudelclos\/wp-content\/uploads\/usu2656\/2025\/12\/IMG20251203162219-1024x768.jpg 1024w, https:\/\/agora.xtec.cat\/escolapaudelclos\/wp-content\/uploads\/usu2656\/2025\/12\/IMG20251203162219-768x576.jpg 768w, https:\/\/agora.xtec.cat\/escolapaudelclos\/wp-content\/uploads\/usu2656\/2025\/12\/IMG20251203162219-1536x1152.jpg 1536w, https:\/\/agora.xtec.cat\/escolapaudelclos\/wp-content\/uploads\/usu2656\/2025\/12\/IMG20251203162219-200x150.jpg 200w\" sizes=\"auto, (max-width: 2048px) 100vw, 2048px\" \/><\/a><\/td>\n<\/tr>\n<\/tbody>\n<\/table>\n","protected":false},"excerpt":{"rendered":"<p>A l\u2019\u00e0rea de Valors hem treballat el conte\u00a0Cent llavors que van volar, una hist\u00f2ria plena de sensibilitat que ens parla de les llavors d\u2019un arbre, de l\u2019esperan\u00e7a que alguna arreli i creixi, i de la paci\u00e8ncia necess\u00e0ria per confiar en els processos naturals. El conte tamb\u00e9 ens convida a reflexionar sobre el respecte pel medi [&hellip;]<\/p>\n","protected":false},"author":1,"featured_media":3883,"comment_status":"open","ping_status":"open","sticky":false,"template":"","format":"standard","meta":{"_bbp_topic_count":0,"_bbp_reply_count":0,"_bbp_total_topic_count":0,"_bbp_total_reply_count":0,"_bbp_voice_count":0,"_bbp_anonymous_reply_count":0,"_bbp_topic_count_hidden":0,"_bbp_reply_count_hidden":0,"_bbp_forum_subforum_count":0,"site-sidebar-layout":"default","site-content-layout":"","ast-site-content-layout":"","site-content-style":"default","site-sidebar-style":"default","ast-global-header-display":"","ast-banner-title-visibility":"","ast-main-header-display":"","ast-hfb-above-header-display":"","ast-hfb-below-header-display":"","ast-hfb-mobile-header-display":"","site-post-title":"","ast-breadcrumbs-content":"","ast-featured-img":"","footer-sml-layout":"","theme-transparent-header-meta":"","adv-header-id-meta":"","stick-header-meta":"","header-above-stick-meta":"","header-main-stick-meta":"","header-below-stick-meta":"","astra-migrate-meta-layouts":"default","ast-page-background-enabled":"default","ast-page-background-meta":{"desktop":{"background-color":"var(--ast-global-color-4)","background-image":"","background-repeat":"repeat","background-position":"center center","background-size":"auto","background-attachment":"scroll","background-type":"","background-media":"","overlay-type":"","overlay-color":"","overlay-opacity":"","overlay-gradient":""},"tablet":{"background-color":"","background-image":"","background-repeat":"repeat","background-position":"center center","background-size":"auto","background-attachment":"scroll","background-type":"","background-media":"","overlay-type":"","overlay-color":"","overlay-opacity":"","overlay-gradient":""},"mobile":{"background-color":"","background-image":"","background-repeat":"repeat","background-position":"center center","background-size":"auto","background-attachment":"scroll","background-type":"","background-media":"","overlay-type":"","overlay-color":"","overlay-opacity":"","overlay-gradient":""}},"ast-content-background-meta":{"desktop":{"background-color":"var(--ast-global-color-5)","background-image":"","background-repeat":"repeat","background-position":"center center","background-size":"auto","background-attachment":"scroll","background-type":"","background-media":"","overlay-type":"","overlay-color":"","overlay-opacity":"","overlay-gradient":""},"tablet":{"background-color":"var(--ast-global-color-5)","background-image":"","background-repeat":"repeat","background-position":"center center","background-size":"auto","background-attachment":"scroll","background-type":"","background-media":"","overlay-type":"","overlay-color":"","overlay-opacity":"","overlay-gradient":""},"mobile":{"background-color":"var(--ast-global-color-5)","background-image":"","background-repeat":"repeat","background-position":"center center","background-size":"auto","background-attachment":"scroll","background-type":"","background-media":"","overlay-type":"","overlay-color":"","overlay-opacity":"","overlay-gradient":""}},"footnotes":""},"categories":[5,11,1,4],"tags":[116,624,620,619,623,522,627,626,62,622,456,625,621,629,628,150],"class_list":["post-3881","post","type-post","status-publish","format-standard","has-post-thumbnail","hentry","category-primaria","category-2n","category-general","category-portada","tag-2n","tag-auca","tag-cent-llavors-que-van-volar","tag-conte","tag-cuidar-lentorn","tag-curs-25-26","tag-dibuixos","tag-ecologia","tag-escola-pau-delclos","tag-esperanca","tag-medi-ambient","tag-oportunitat","tag-paciencia","tag-reinterpretar-la-historia","tag-rodolins","tag-valors"],"post_mailing_queue_ids":[],"_links":{"self":[{"href":"https:\/\/agora.xtec.cat\/escolapaudelclos\/wp-json\/wp\/v2\/posts\/3881","targetHints":{"allow":["GET"]}}],"collection":[{"href":"https:\/\/agora.xtec.cat\/escolapaudelclos\/wp-json\/wp\/v2\/posts"}],"about":[{"href":"https:\/\/agora.xtec.cat\/escolapaudelclos\/wp-json\/wp\/v2\/types\/post"}],"author":[{"embeddable":true,"href":"https:\/\/agora.xtec.cat\/escolapaudelclos\/wp-json\/wp\/v2\/users\/1"}],"replies":[{"embeddable":true,"href":"https:\/\/agora.xtec.cat\/escolapaudelclos\/wp-json\/wp\/v2\/comments?post=3881"}],"version-history":[{"count":1,"href":"https:\/\/agora.xtec.cat\/escolapaudelclos\/wp-json\/wp\/v2\/posts\/3881\/revisions"}],"predecessor-version":[{"id":3884,"href":"https:\/\/agora.xtec.cat\/escolapaudelclos\/wp-json\/wp\/v2\/posts\/3881\/revisions\/3884"}],"wp:featuredmedia":[{"embeddable":true,"href":"https:\/\/agora.xtec.cat\/escolapaudelclos\/wp-json\/wp\/v2\/media\/3883"}],"wp:attachment":[{"href":"https:\/\/agora.xtec.cat\/escolapaudelclos\/wp-json\/wp\/v2\/media?parent=3881"}],"wp:term":[{"taxonomy":"category","embeddable":true,"href":"https:\/\/agora.xtec.cat\/escolapaudelclos\/wp-json\/wp\/v2\/categories?post=3881"},{"taxonomy":"post_tag","embeddable":true,"href":"https:\/\/agora.xtec.cat\/escolapaudelclos\/wp-json\/wp\/v2\/tags?post=3881"}],"curies":[{"name":"wp","href":"https:\/\/api.w.org\/{rel}","templated":true}]}}