{"id":3823,"date":"2025-11-21T15:09:06","date_gmt":"2025-11-21T14:09:06","guid":{"rendered":"https:\/\/agora.xtec.cat\/escolapaudelclos\/?p=3823"},"modified":"2025-11-21T15:12:01","modified_gmt":"2025-11-21T14:12:01","slug":"santa-cecilia-%f0%9f%8e%b6","status":"publish","type":"post","link":"https:\/\/agora.xtec.cat\/escolapaudelclos\/general\/santa-cecilia-%f0%9f%8e%b6\/","title":{"rendered":"Santa Cec\u00edlia \ud83c\udfb6"},"content":{"rendered":"<p data-start=\"50\" data-end=\"202\"><strong data-start=\"50\" data-end=\"202\">Aquest divendres 21 hem tornat a celebrar Santa Cec\u00edlia, la patrona dels i les m\u00fasics, i l\u2019escola s\u2019ha omplert de ritme, somriures i molt de talent!<\/strong><\/p>\n<p data-start=\"204\" data-end=\"527\">Per commemorar aquest dia tan especial, l\u2019alumnat de prim\u00e0ria ha gaudit d\u2019un concert ple de bona energia, organitzat per la coral de l\u2019escola i pels nens i nenes m\u00fasics del centre, que ens han sorpr\u00e8s amb interpretacions fant\u00e0stiques. Cada actuaci\u00f3 ha estat una petita dosi d\u2019art i il\u00b7lusi\u00f3 que ha fet vibrar tot el p\u00fablic.<\/p>\n<p data-start=\"529\" data-end=\"669\">Ha estat una jornada per recordar que la m\u00fasica \u00e9s un llenguatge que ens acompanya, ens emociona i ens fa cr\u00e9ixer com a comunitat educativa.<\/p>\n<p data-start=\"671\" data-end=\"829\" data-is-last-node=\"\" data-is-only-node=\"\"><strong data-start=\"671\" data-end=\"780\">Moltes gr\u00e0cies a tots i totes les cantaires i m\u00fasics per fer d\u2019aquesta celebraci\u00f3 un moment tan especial!<\/strong><br data-start=\"780\" data-end=\"783\" \/>Ja tenim ganes de repetir-ho l\u2019any vinent!<\/p>\n<p data-start=\"671\" data-end=\"829\" data-is-last-node=\"\" data-is-only-node=\"\"><a href=\"https:\/\/agora.xtec.cat\/escolapaudelclos\/wp-content\/uploads\/usu2656\/2025\/11\/a247f684-4655-4bd9-8652-c70ee7666d2e.jpg\"><img loading=\"lazy\" decoding=\"async\" class=\"wp-image-3824 aligncenter\" src=\"https:\/\/agora.xtec.cat\/escolapaudelclos\/wp-content\/uploads\/usu2656\/2025\/11\/a247f684-4655-4bd9-8652-c70ee7666d2e.jpg\" alt=\"\" width=\"565\" height=\"424\" srcset=\"https:\/\/agora.xtec.cat\/escolapaudelclos\/wp-content\/uploads\/usu2656\/2025\/11\/a247f684-4655-4bd9-8652-c70ee7666d2e.jpg 2312w, https:\/\/agora.xtec.cat\/escolapaudelclos\/wp-content\/uploads\/usu2656\/2025\/11\/a247f684-4655-4bd9-8652-c70ee7666d2e-300x225.jpg 300w, https:\/\/agora.xtec.cat\/escolapaudelclos\/wp-content\/uploads\/usu2656\/2025\/11\/a247f684-4655-4bd9-8652-c70ee7666d2e-1024x769.jpg 1024w, https:\/\/agora.xtec.cat\/escolapaudelclos\/wp-content\/uploads\/usu2656\/2025\/11\/a247f684-4655-4bd9-8652-c70ee7666d2e-768x577.jpg 768w, https:\/\/agora.xtec.cat\/escolapaudelclos\/wp-content\/uploads\/usu2656\/2025\/11\/a247f684-4655-4bd9-8652-c70ee7666d2e-1536x1153.jpg 1536w, https:\/\/agora.xtec.cat\/escolapaudelclos\/wp-content\/uploads\/usu2656\/2025\/11\/a247f684-4655-4bd9-8652-c70ee7666d2e-2048x1538.jpg 2048w, https:\/\/agora.xtec.cat\/escolapaudelclos\/wp-content\/uploads\/usu2656\/2025\/11\/a247f684-4655-4bd9-8652-c70ee7666d2e-200x150.jpg 200w\" sizes=\"auto, (max-width: 565px) 100vw, 565px\" \/><\/a><\/p>\n","protected":false},"excerpt":{"rendered":"<p>Aquest divendres 21 hem tornat a celebrar Santa Cec\u00edlia, la patrona dels i les m\u00fasics, i l\u2019escola s\u2019ha omplert de ritme, somriures i molt de talent! Per commemorar aquest dia tan especial, l\u2019alumnat de prim\u00e0ria ha gaudit d\u2019un concert ple de bona energia, organitzat per la coral de l\u2019escola i pels nens i nenes m\u00fasics [&hellip;]<\/p>\n","protected":false},"author":1,"featured_media":3824,"comment_status":"open","ping_status":"open","sticky":false,"template":"","format":"standard","meta":{"_bbp_topic_count":0,"_bbp_reply_count":0,"_bbp_total_topic_count":0,"_bbp_total_reply_count":0,"_bbp_voice_count":0,"_bbp_anonymous_reply_count":0,"_bbp_topic_count_hidden":0,"_bbp_reply_count_hidden":0,"_bbp_forum_subforum_count":0,"site-sidebar-layout":"default","site-content-layout":"","ast-site-content-layout":"","site-content-style":"default","site-sidebar-style":"default","ast-global-header-display":"","ast-banner-title-visibility":"","ast-main-header-display":"","ast-hfb-above-header-display":"","ast-hfb-below-header-display":"","ast-hfb-mobile-header-display":"","site-post-title":"","ast-breadcrumbs-content":"","ast-featured-img":"","footer-sml-layout":"","theme-transparent-header-meta":"","adv-header-id-meta":"","stick-header-meta":"","header-above-stick-meta":"","header-main-stick-meta":"","header-below-stick-meta":"","astra-migrate-meta-layouts":"default","ast-page-background-enabled":"default","ast-page-background-meta":{"desktop":{"background-color":"var(--ast-global-color-4)","background-image":"","background-repeat":"repeat","background-position":"center center","background-size":"auto","background-attachment":"scroll","background-type":"","background-media":"","overlay-type":"","overlay-color":"","overlay-opacity":"","overlay-gradient":""},"tablet":{"background-color":"","background-image":"","background-repeat":"repeat","background-position":"center center","background-size":"auto","background-attachment":"scroll","background-type":"","background-media":"","overlay-type":"","overlay-color":"","overlay-opacity":"","overlay-gradient":""},"mobile":{"background-color":"","background-image":"","background-repeat":"repeat","background-position":"center center","background-size":"auto","background-attachment":"scroll","background-type":"","background-media":"","overlay-type":"","overlay-color":"","overlay-opacity":"","overlay-gradient":""}},"ast-content-background-meta":{"desktop":{"background-color":"var(--ast-global-color-5)","background-image":"","background-repeat":"repeat","background-position":"center center","background-size":"auto","background-attachment":"scroll","background-type":"","background-media":"","overlay-type":"","overlay-color":"","overlay-opacity":"","overlay-gradient":""},"tablet":{"background-color":"var(--ast-global-color-5)","background-image":"","background-repeat":"repeat","background-position":"center center","background-size":"auto","background-attachment":"scroll","background-type":"","background-media":"","overlay-type":"","overlay-color":"","overlay-opacity":"","overlay-gradient":""},"mobile":{"background-color":"var(--ast-global-color-5)","background-image":"","background-repeat":"repeat","background-position":"center center","background-size":"auto","background-attachment":"scroll","background-type":"","background-media":"","overlay-type":"","overlay-color":"","overlay-opacity":"","overlay-gradient":""}},"footnotes":""},"categories":[5,10,11,12,13,14,15,1,4],"tags":[596,522,62,81,80,67],"class_list":["post-3823","post","type-post","status-publish","format-standard","has-post-thumbnail","hentry","category-primaria","category-1r","category-2n","category-3r","category-4t","category-5e","category-6e","category-general","category-portada","tag-celebracio","tag-curs-25-26","tag-escola-pau-delclos","tag-musica","tag-santa-cecilia","tag-tarragona"],"post_mailing_queue_ids":[],"_links":{"self":[{"href":"https:\/\/agora.xtec.cat\/escolapaudelclos\/wp-json\/wp\/v2\/posts\/3823","targetHints":{"allow":["GET"]}}],"collection":[{"href":"https:\/\/agora.xtec.cat\/escolapaudelclos\/wp-json\/wp\/v2\/posts"}],"about":[{"href":"https:\/\/agora.xtec.cat\/escolapaudelclos\/wp-json\/wp\/v2\/types\/post"}],"author":[{"embeddable":true,"href":"https:\/\/agora.xtec.cat\/escolapaudelclos\/wp-json\/wp\/v2\/users\/1"}],"replies":[{"embeddable":true,"href":"https:\/\/agora.xtec.cat\/escolapaudelclos\/wp-json\/wp\/v2\/comments?post=3823"}],"version-history":[{"count":2,"href":"https:\/\/agora.xtec.cat\/escolapaudelclos\/wp-json\/wp\/v2\/posts\/3823\/revisions"}],"predecessor-version":[{"id":3826,"href":"https:\/\/agora.xtec.cat\/escolapaudelclos\/wp-json\/wp\/v2\/posts\/3823\/revisions\/3826"}],"wp:featuredmedia":[{"embeddable":true,"href":"https:\/\/agora.xtec.cat\/escolapaudelclos\/wp-json\/wp\/v2\/media\/3824"}],"wp:attachment":[{"href":"https:\/\/agora.xtec.cat\/escolapaudelclos\/wp-json\/wp\/v2\/media?parent=3823"}],"wp:term":[{"taxonomy":"category","embeddable":true,"href":"https:\/\/agora.xtec.cat\/escolapaudelclos\/wp-json\/wp\/v2\/categories?post=3823"},{"taxonomy":"post_tag","embeddable":true,"href":"https:\/\/agora.xtec.cat\/escolapaudelclos\/wp-json\/wp\/v2\/tags?post=3823"}],"curies":[{"name":"wp","href":"https:\/\/api.w.org\/{rel}","templated":true}]}}