{"id":3818,"date":"2025-11-20T15:12:01","date_gmt":"2025-11-20T14:12:01","guid":{"rendered":"https:\/\/agora.xtec.cat\/escolapaudelclos\/?p=3818"},"modified":"2025-11-20T15:12:01","modified_gmt":"2025-11-20T14:12:01","slug":"2n-visitem-caixaforum","status":"publish","type":"post","link":"https:\/\/agora.xtec.cat\/escolapaudelclos\/general\/2n-visitem-caixaforum\/","title":{"rendered":"2n &#8211; Visitem CaixaForum"},"content":{"rendered":"<p>Els dies 12 i 13 de novembre, els nens i nenes de 2n de Prim\u00e0ria van fer una sortida molt especial al CaixaForum de Tarragona per participar en l&#8217;activitat\u00a0<em>\u201cPlanetes i estrelles\u201d<\/em>.<\/p>\n<p>Durant la visita, l\u2019alumnat va poder descobrir alguns dels secrets de l&#8217;Univers a partir de r\u00e8pliques de planetes i explicacions visuals que els van ajudar a imaginar com \u00e9s el nostre sistema solar. Tamb\u00e9 van poder veure v\u00eddeos sobre les constel\u00b7lacions m\u00e9s famoses i con\u00e8ixer les formes i hist\u00f2ries que s&#8217;hi amaguen.<\/p>\n<p>Els infants van mostrar molt d\u2019inter\u00e8s i curiositat, gaudint d\u2019una experi\u00e8ncia que els va permetre apropar-se al fascinant m\u00f3n dels planetes i de les estrelles d&#8217;una manera l\u00fadica i significativa.<\/p>\n<p>Va ser una sortida enriquidora que segurament recordaran amb il\u00b7lusi\u00f3!<\/p>\n<table style=\"width: 100%; border-collapse: collapse; border-style: hidden;\">\n<tbody>\n<tr>\n<td style=\"width: 50%; border-style: hidden;\"><a href=\"https:\/\/agora.xtec.cat\/escolapaudelclos\/wp-content\/uploads\/usu2656\/2025\/11\/IMG20251113095202.jpg\"><img loading=\"lazy\" decoding=\"async\" class=\"wp-image-3820\" src=\"https:\/\/agora.xtec.cat\/escolapaudelclos\/wp-content\/uploads\/usu2656\/2025\/11\/IMG20251113095202.jpg\" alt=\"\" width=\"521\" height=\"391\" srcset=\"https:\/\/agora.xtec.cat\/escolapaudelclos\/wp-content\/uploads\/usu2656\/2025\/11\/IMG20251113095202.jpg 2000w, https:\/\/agora.xtec.cat\/escolapaudelclos\/wp-content\/uploads\/usu2656\/2025\/11\/IMG20251113095202-300x225.jpg 300w, https:\/\/agora.xtec.cat\/escolapaudelclos\/wp-content\/uploads\/usu2656\/2025\/11\/IMG20251113095202-1024x768.jpg 1024w, https:\/\/agora.xtec.cat\/escolapaudelclos\/wp-content\/uploads\/usu2656\/2025\/11\/IMG20251113095202-768x576.jpg 768w, https:\/\/agora.xtec.cat\/escolapaudelclos\/wp-content\/uploads\/usu2656\/2025\/11\/IMG20251113095202-1536x1152.jpg 1536w, https:\/\/agora.xtec.cat\/escolapaudelclos\/wp-content\/uploads\/usu2656\/2025\/11\/IMG20251113095202-200x150.jpg 200w\" sizes=\"auto, (max-width: 521px) 100vw, 521px\" \/><\/a><\/td>\n<td style=\"width: 50%; border-style: hidden;\"><a href=\"https:\/\/agora.xtec.cat\/escolapaudelclos\/wp-content\/uploads\/usu2656\/2025\/11\/foto-2n-A-Sortida-CaixaForum.jpg\"><img loading=\"lazy\" decoding=\"async\" class=\"alignnone wp-image-3819\" src=\"https:\/\/agora.xtec.cat\/escolapaudelclos\/wp-content\/uploads\/usu2656\/2025\/11\/foto-2n-A-Sortida-CaixaForum.jpg\" alt=\"\" width=\"522\" height=\"391\" srcset=\"https:\/\/agora.xtec.cat\/escolapaudelclos\/wp-content\/uploads\/usu2656\/2025\/11\/foto-2n-A-Sortida-CaixaForum.jpg 2040w, https:\/\/agora.xtec.cat\/escolapaudelclos\/wp-content\/uploads\/usu2656\/2025\/11\/foto-2n-A-Sortida-CaixaForum-300x225.jpg 300w, https:\/\/agora.xtec.cat\/escolapaudelclos\/wp-content\/uploads\/usu2656\/2025\/11\/foto-2n-A-Sortida-CaixaForum-1024x768.jpg 1024w, https:\/\/agora.xtec.cat\/escolapaudelclos\/wp-content\/uploads\/usu2656\/2025\/11\/foto-2n-A-Sortida-CaixaForum-768x576.jpg 768w, https:\/\/agora.xtec.cat\/escolapaudelclos\/wp-content\/uploads\/usu2656\/2025\/11\/foto-2n-A-Sortida-CaixaForum-1536x1152.jpg 1536w, https:\/\/agora.xtec.cat\/escolapaudelclos\/wp-content\/uploads\/usu2656\/2025\/11\/foto-2n-A-Sortida-CaixaForum-200x150.jpg 200w\" sizes=\"auto, (max-width: 522px) 100vw, 522px\" \/><\/a><\/td>\n<\/tr>\n<\/tbody>\n<\/table>\n","protected":false},"excerpt":{"rendered":"<p>Els dies 12 i 13 de novembre, els nens i nenes de 2n de Prim\u00e0ria van fer una sortida molt especial al CaixaForum de Tarragona per participar en l&#8217;activitat\u00a0\u201cPlanetes i estrelles\u201d. Durant la visita, l\u2019alumnat va poder descobrir alguns dels secrets de l&#8217;Univers a partir de r\u00e8pliques de planetes i explicacions visuals que els van [&hellip;]<\/p>\n","protected":false},"author":1,"featured_media":3819,"comment_status":"open","ping_status":"open","sticky":false,"template":"","format":"standard","meta":{"_bbp_topic_count":0,"_bbp_reply_count":0,"_bbp_total_topic_count":0,"_bbp_total_reply_count":0,"_bbp_voice_count":0,"_bbp_anonymous_reply_count":0,"_bbp_topic_count_hidden":0,"_bbp_reply_count_hidden":0,"_bbp_forum_subforum_count":0,"site-sidebar-layout":"default","site-content-layout":"","ast-site-content-layout":"","site-content-style":"default","site-sidebar-style":"default","ast-global-header-display":"","ast-banner-title-visibility":"","ast-main-header-display":"","ast-hfb-above-header-display":"","ast-hfb-below-header-display":"","ast-hfb-mobile-header-display":"","site-post-title":"","ast-breadcrumbs-content":"","ast-featured-img":"","footer-sml-layout":"","theme-transparent-header-meta":"","adv-header-id-meta":"","stick-header-meta":"","header-above-stick-meta":"","header-main-stick-meta":"","header-below-stick-meta":"","astra-migrate-meta-layouts":"default","ast-page-background-enabled":"default","ast-page-background-meta":{"desktop":{"background-color":"var(--ast-global-color-4)","background-image":"","background-repeat":"repeat","background-position":"center center","background-size":"auto","background-attachment":"scroll","background-type":"","background-media":"","overlay-type":"","overlay-color":"","overlay-opacity":"","overlay-gradient":""},"tablet":{"background-color":"","background-image":"","background-repeat":"repeat","background-position":"center center","background-size":"auto","background-attachment":"scroll","background-type":"","background-media":"","overlay-type":"","overlay-color":"","overlay-opacity":"","overlay-gradient":""},"mobile":{"background-color":"","background-image":"","background-repeat":"repeat","background-position":"center center","background-size":"auto","background-attachment":"scroll","background-type":"","background-media":"","overlay-type":"","overlay-color":"","overlay-opacity":"","overlay-gradient":""}},"ast-content-background-meta":{"desktop":{"background-color":"var(--ast-global-color-5)","background-image":"","background-repeat":"repeat","background-position":"center center","background-size":"auto","background-attachment":"scroll","background-type":"","background-media":"","overlay-type":"","overlay-color":"","overlay-opacity":"","overlay-gradient":""},"tablet":{"background-color":"var(--ast-global-color-5)","background-image":"","background-repeat":"repeat","background-position":"center center","background-size":"auto","background-attachment":"scroll","background-type":"","background-media":"","overlay-type":"","overlay-color":"","overlay-opacity":"","overlay-gradient":""},"mobile":{"background-color":"var(--ast-global-color-5)","background-image":"","background-repeat":"repeat","background-position":"center center","background-size":"auto","background-attachment":"scroll","background-type":"","background-media":"","overlay-type":"","overlay-color":"","overlay-opacity":"","overlay-gradient":""}},"footnotes":""},"categories":[5,11,1,4],"tags":[116,210,595,522,62,592,468,526,591,594,593],"class_list":["post-3818","post","type-post","status-publish","format-standard","has-post-thumbnail","hentry","category-primaria","category-2n","category-general","category-portada","tag-2n","tag-caixaforum","tag-constellacions","tag-curs-25-26","tag-escola-pau-delclos","tag-estrelles","tag-experiencies","tag-gaudir","tag-planetes","tag-sistema-solar","tag-univers"],"post_mailing_queue_ids":[],"_links":{"self":[{"href":"https:\/\/agora.xtec.cat\/escolapaudelclos\/wp-json\/wp\/v2\/posts\/3818","targetHints":{"allow":["GET"]}}],"collection":[{"href":"https:\/\/agora.xtec.cat\/escolapaudelclos\/wp-json\/wp\/v2\/posts"}],"about":[{"href":"https:\/\/agora.xtec.cat\/escolapaudelclos\/wp-json\/wp\/v2\/types\/post"}],"author":[{"embeddable":true,"href":"https:\/\/agora.xtec.cat\/escolapaudelclos\/wp-json\/wp\/v2\/users\/1"}],"replies":[{"embeddable":true,"href":"https:\/\/agora.xtec.cat\/escolapaudelclos\/wp-json\/wp\/v2\/comments?post=3818"}],"version-history":[{"count":2,"href":"https:\/\/agora.xtec.cat\/escolapaudelclos\/wp-json\/wp\/v2\/posts\/3818\/revisions"}],"predecessor-version":[{"id":3822,"href":"https:\/\/agora.xtec.cat\/escolapaudelclos\/wp-json\/wp\/v2\/posts\/3818\/revisions\/3822"}],"wp:featuredmedia":[{"embeddable":true,"href":"https:\/\/agora.xtec.cat\/escolapaudelclos\/wp-json\/wp\/v2\/media\/3819"}],"wp:attachment":[{"href":"https:\/\/agora.xtec.cat\/escolapaudelclos\/wp-json\/wp\/v2\/media?parent=3818"}],"wp:term":[{"taxonomy":"category","embeddable":true,"href":"https:\/\/agora.xtec.cat\/escolapaudelclos\/wp-json\/wp\/v2\/categories?post=3818"},{"taxonomy":"post_tag","embeddable":true,"href":"https:\/\/agora.xtec.cat\/escolapaudelclos\/wp-json\/wp\/v2\/tags?post=3818"}],"curies":[{"name":"wp","href":"https:\/\/api.w.org\/{rel}","templated":true}]}}