{"id":3811,"date":"2025-11-19T15:08:45","date_gmt":"2025-11-19T14:08:45","guid":{"rendered":"https:\/\/agora.xtec.cat\/escolapaudelclos\/?p=3811"},"modified":"2025-11-19T15:08:45","modified_gmt":"2025-11-19T14:08:45","slug":"6e-fem-un-mural-de-lescola-i-tarragona","status":"publish","type":"post","link":"https:\/\/agora.xtec.cat\/escolapaudelclos\/general\/6e-fem-un-mural-de-lescola-i-tarragona\/","title":{"rendered":"6\u00e8 &#8211; Fem un mural de l&#8217;escola i Tarragona"},"content":{"rendered":"<p>Aquest trimestre a sis\u00e8 hem engegat un projecte nou! Estem implicats en la realitzaci\u00f3 d\u2019un mural on es representa la nostra escola al bell mig de Tarragona. Hi tenen cabuda alguns dels monuments m\u00e9s emblem\u00e0tics de la nostra ciutat com l\u2019Amfiteatre, el Balc\u00f3, la Catedral, el Monument dels Castellers, la Muralla i el Pont del Diable. Tots ells s\u00f3n ben coneguts pels nostres infants ja que es treballen en el projecte d\u2019escola \u201cUna passejada per T\u00e0rraco\u201d. De moment estem molt contents de com va quedant, quines ganes de veure el resultat final!<\/p>\n<p><a href=\"https:\/\/agora.xtec.cat\/escolapaudelclos\/wp-content\/uploads\/usu2656\/2025\/11\/32ff69ce-a939-4259-a18a-c3d3ee60f570.jpeg\"><img loading=\"lazy\" decoding=\"async\" class=\"wp-image-3812 aligncenter\" src=\"https:\/\/agora.xtec.cat\/escolapaudelclos\/wp-content\/uploads\/usu2656\/2025\/11\/32ff69ce-a939-4259-a18a-c3d3ee60f570.jpeg\" alt=\"\" width=\"718\" height=\"323\" srcset=\"https:\/\/agora.xtec.cat\/escolapaudelclos\/wp-content\/uploads\/usu2656\/2025\/11\/32ff69ce-a939-4259-a18a-c3d3ee60f570.jpeg 2048w, https:\/\/agora.xtec.cat\/escolapaudelclos\/wp-content\/uploads\/usu2656\/2025\/11\/32ff69ce-a939-4259-a18a-c3d3ee60f570-300x135.jpeg 300w, https:\/\/agora.xtec.cat\/escolapaudelclos\/wp-content\/uploads\/usu2656\/2025\/11\/32ff69ce-a939-4259-a18a-c3d3ee60f570-1024x460.jpeg 1024w, https:\/\/agora.xtec.cat\/escolapaudelclos\/wp-content\/uploads\/usu2656\/2025\/11\/32ff69ce-a939-4259-a18a-c3d3ee60f570-768x345.jpeg 768w, https:\/\/agora.xtec.cat\/escolapaudelclos\/wp-content\/uploads\/usu2656\/2025\/11\/32ff69ce-a939-4259-a18a-c3d3ee60f570-1536x690.jpeg 1536w\" sizes=\"auto, (max-width: 718px) 100vw, 718px\" \/><\/a><\/p>\n","protected":false},"excerpt":{"rendered":"<p>Aquest trimestre a sis\u00e8 hem engegat un projecte nou! Estem implicats en la realitzaci\u00f3 d\u2019un mural on es representa la nostra escola al bell mig de Tarragona. Hi tenen cabuda alguns dels monuments m\u00e9s emblem\u00e0tics de la nostra ciutat com l\u2019Amfiteatre, el Balc\u00f3, la Catedral, el Monument dels Castellers, la Muralla i el Pont del [&hellip;]<\/p>\n","protected":false},"author":1,"featured_media":3812,"comment_status":"open","ping_status":"open","sticky":false,"template":"","format":"standard","meta":{"_bbp_topic_count":0,"_bbp_reply_count":0,"_bbp_total_topic_count":0,"_bbp_total_reply_count":0,"_bbp_voice_count":0,"_bbp_anonymous_reply_count":0,"_bbp_topic_count_hidden":0,"_bbp_reply_count_hidden":0,"_bbp_forum_subforum_count":0,"site-sidebar-layout":"default","site-content-layout":"","ast-site-content-layout":"","site-content-style":"default","site-sidebar-style":"default","ast-global-header-display":"","ast-banner-title-visibility":"","ast-main-header-display":"","ast-hfb-above-header-display":"","ast-hfb-below-header-display":"","ast-hfb-mobile-header-display":"","site-post-title":"","ast-breadcrumbs-content":"","ast-featured-img":"","footer-sml-layout":"","theme-transparent-header-meta":"","adv-header-id-meta":"","stick-header-meta":"","header-above-stick-meta":"","header-main-stick-meta":"","header-below-stick-meta":"","astra-migrate-meta-layouts":"default","ast-page-background-enabled":"default","ast-page-background-meta":{"desktop":{"background-color":"var(--ast-global-color-4)","background-image":"","background-repeat":"repeat","background-position":"center center","background-size":"auto","background-attachment":"scroll","background-type":"","background-media":"","overlay-type":"","overlay-color":"","overlay-opacity":"","overlay-gradient":""},"tablet":{"background-color":"","background-image":"","background-repeat":"repeat","background-position":"center center","background-size":"auto","background-attachment":"scroll","background-type":"","background-media":"","overlay-type":"","overlay-color":"","overlay-opacity":"","overlay-gradient":""},"mobile":{"background-color":"","background-image":"","background-repeat":"repeat","background-position":"center center","background-size":"auto","background-attachment":"scroll","background-type":"","background-media":"","overlay-type":"","overlay-color":"","overlay-opacity":"","overlay-gradient":""}},"ast-content-background-meta":{"desktop":{"background-color":"var(--ast-global-color-5)","background-image":"","background-repeat":"repeat","background-position":"center center","background-size":"auto","background-attachment":"scroll","background-type":"","background-media":"","overlay-type":"","overlay-color":"","overlay-opacity":"","overlay-gradient":""},"tablet":{"background-color":"var(--ast-global-color-5)","background-image":"","background-repeat":"repeat","background-position":"center center","background-size":"auto","background-attachment":"scroll","background-type":"","background-media":"","overlay-type":"","overlay-color":"","overlay-opacity":"","overlay-gradient":""},"mobile":{"background-color":"var(--ast-global-color-5)","background-image":"","background-repeat":"repeat","background-position":"center center","background-size":"auto","background-attachment":"scroll","background-type":"","background-media":"","overlay-type":"","overlay-color":"","overlay-opacity":"","overlay-gradient":""}},"footnotes":""},"categories":[5,15,1,4],"tags":[321,585,586,587,590,522,346,62,588,584,589,191,188,67],"class_list":["post-3811","post","type-post","status-publish","format-standard","has-post-thumbnail","hentry","category-primaria","category-6e","category-general","category-portada","tag-6e","tag-amfiteatr","tag-balco","tag-catedral","tag-comunitat","tag-curs-25-26","tag-escola","tag-escola-pau-delclos","tag-monument-dels-castellers","tag-mural","tag-muralla","tag-pont-del-diable","tag-tarraco","tag-tarragona"],"post_mailing_queue_ids":[],"_links":{"self":[{"href":"https:\/\/agora.xtec.cat\/escolapaudelclos\/wp-json\/wp\/v2\/posts\/3811","targetHints":{"allow":["GET"]}}],"collection":[{"href":"https:\/\/agora.xtec.cat\/escolapaudelclos\/wp-json\/wp\/v2\/posts"}],"about":[{"href":"https:\/\/agora.xtec.cat\/escolapaudelclos\/wp-json\/wp\/v2\/types\/post"}],"author":[{"embeddable":true,"href":"https:\/\/agora.xtec.cat\/escolapaudelclos\/wp-json\/wp\/v2\/users\/1"}],"replies":[{"embeddable":true,"href":"https:\/\/agora.xtec.cat\/escolapaudelclos\/wp-json\/wp\/v2\/comments?post=3811"}],"version-history":[{"count":5,"href":"https:\/\/agora.xtec.cat\/escolapaudelclos\/wp-json\/wp\/v2\/posts\/3811\/revisions"}],"predecessor-version":[{"id":3817,"href":"https:\/\/agora.xtec.cat\/escolapaudelclos\/wp-json\/wp\/v2\/posts\/3811\/revisions\/3817"}],"wp:featuredmedia":[{"embeddable":true,"href":"https:\/\/agora.xtec.cat\/escolapaudelclos\/wp-json\/wp\/v2\/media\/3812"}],"wp:attachment":[{"href":"https:\/\/agora.xtec.cat\/escolapaudelclos\/wp-json\/wp\/v2\/media?parent=3811"}],"wp:term":[{"taxonomy":"category","embeddable":true,"href":"https:\/\/agora.xtec.cat\/escolapaudelclos\/wp-json\/wp\/v2\/categories?post=3811"},{"taxonomy":"post_tag","embeddable":true,"href":"https:\/\/agora.xtec.cat\/escolapaudelclos\/wp-json\/wp\/v2\/tags?post=3811"}],"curies":[{"name":"wp","href":"https:\/\/api.w.org\/{rel}","templated":true}]}}