{"id":3729,"date":"2025-10-31T12:44:20","date_gmt":"2025-10-31T11:44:20","guid":{"rendered":"https:\/\/agora.xtec.cat\/escolapaudelclos\/?p=3729"},"modified":"2025-11-04T16:15:12","modified_gmt":"2025-11-04T15:15:12","slug":"3r-decorem-el-hall-per-la-tardor","status":"publish","type":"post","link":"https:\/\/agora.xtec.cat\/escolapaudelclos\/general\/3r-decorem-el-hall-per-la-tardor\/","title":{"rendered":"3r &#8211; Decorem el vest\u00edbul per la tardor"},"content":{"rendered":"<p dir=\"ltr\">A les classes de 3r hem treballat per donar un toc de tardor al vest\u00edbul de l\u2019escola.<\/p>\n<p dir=\"ltr\">Hem creat uns grans ra\u00efms amb oueres (caixes d\u2019ous reciclades) i els hem penjat simulant ra\u00efm penjat de la vinya. El resultat \u00e9s un espai ple de color i alegria que ens recorda els fruits t\u00edpics d\u2019aquesta estaci\u00f3.<\/p>\n<p dir=\"ltr\">A m\u00e9s, aquests dies estem gaudint de lectures sobre la Castanyera, llegim poemes de la tardor i cantem can\u00e7ons relacionades amb la Castanyada. Tamb\u00e9 hem vist v\u00eddeos sobre aquesta bonica estaci\u00f3, per aprendre m\u00e9s coses sobre els seus colors, fruits i tradicions.<\/p>\n<p dir=\"ltr\">Esperem que a tothom li agradi molt el ra\u00efm que hem fet amb tanta il\u00b7lusi\u00f3!<\/p>\n<p dir=\"ltr\" style=\"text-align: center;\"><a href=\"https:\/\/agora.xtec.cat\/escolapaudelclos\/wp-content\/uploads\/usu2656\/2025\/10\/WhatsApp-Image-2025-10-30-at-21.38.17.jpeg\"><img loading=\"lazy\" decoding=\"async\" class=\"alignnone wp-image-3730\" src=\"https:\/\/agora.xtec.cat\/escolapaudelclos\/wp-content\/uploads\/usu2656\/2025\/10\/WhatsApp-Image-2025-10-30-at-21.38.17.jpeg\" alt=\"\" width=\"416\" height=\"312\" srcset=\"https:\/\/agora.xtec.cat\/escolapaudelclos\/wp-content\/uploads\/usu2656\/2025\/10\/WhatsApp-Image-2025-10-30-at-21.38.17.jpeg 2040w, https:\/\/agora.xtec.cat\/escolapaudelclos\/wp-content\/uploads\/usu2656\/2025\/10\/WhatsApp-Image-2025-10-30-at-21.38.17-300x225.jpeg 300w, https:\/\/agora.xtec.cat\/escolapaudelclos\/wp-content\/uploads\/usu2656\/2025\/10\/WhatsApp-Image-2025-10-30-at-21.38.17-1024x768.jpeg 1024w, https:\/\/agora.xtec.cat\/escolapaudelclos\/wp-content\/uploads\/usu2656\/2025\/10\/WhatsApp-Image-2025-10-30-at-21.38.17-768x576.jpeg 768w, https:\/\/agora.xtec.cat\/escolapaudelclos\/wp-content\/uploads\/usu2656\/2025\/10\/WhatsApp-Image-2025-10-30-at-21.38.17-1536x1152.jpeg 1536w, https:\/\/agora.xtec.cat\/escolapaudelclos\/wp-content\/uploads\/usu2656\/2025\/10\/WhatsApp-Image-2025-10-30-at-21.38.17-200x150.jpeg 200w\" sizes=\"auto, (max-width: 416px) 100vw, 416px\" \/><\/a><\/p>\n","protected":false},"excerpt":{"rendered":"<p>A les classes de 3r hem treballat per donar un toc de tardor al vest\u00edbul de l\u2019escola. Hem creat uns grans ra\u00efms amb oueres (caixes d\u2019ous reciclades) i els hem penjat simulant ra\u00efm penjat de la vinya. El resultat \u00e9s un espai ple de color i alegria que ens recorda els fruits t\u00edpics d\u2019aquesta estaci\u00f3. [&hellip;]<\/p>\n","protected":false},"author":1,"featured_media":3730,"comment_status":"open","ping_status":"open","sticky":false,"template":"","format":"standard","meta":{"_bbp_topic_count":0,"_bbp_reply_count":0,"_bbp_total_topic_count":0,"_bbp_total_reply_count":0,"_bbp_voice_count":0,"_bbp_anonymous_reply_count":0,"_bbp_topic_count_hidden":0,"_bbp_reply_count_hidden":0,"_bbp_forum_subforum_count":0,"site-sidebar-layout":"default","site-content-layout":"","ast-site-content-layout":"","site-content-style":"default","site-sidebar-style":"default","ast-global-header-display":"","ast-banner-title-visibility":"","ast-main-header-display":"","ast-hfb-above-header-display":"","ast-hfb-below-header-display":"","ast-hfb-mobile-header-display":"","site-post-title":"","ast-breadcrumbs-content":"","ast-featured-img":"","footer-sml-layout":"","theme-transparent-header-meta":"","adv-header-id-meta":"","stick-header-meta":"","header-above-stick-meta":"","header-main-stick-meta":"","header-below-stick-meta":"","astra-migrate-meta-layouts":"default","ast-page-background-enabled":"default","ast-page-background-meta":{"desktop":{"background-color":"var(--ast-global-color-4)","background-image":"","background-repeat":"repeat","background-position":"center center","background-size":"auto","background-attachment":"scroll","background-type":"","background-media":"","overlay-type":"","overlay-color":"","overlay-opacity":"","overlay-gradient":""},"tablet":{"background-color":"","background-image":"","background-repeat":"repeat","background-position":"center center","background-size":"auto","background-attachment":"scroll","background-type":"","background-media":"","overlay-type":"","overlay-color":"","overlay-opacity":"","overlay-gradient":""},"mobile":{"background-color":"","background-image":"","background-repeat":"repeat","background-position":"center center","background-size":"auto","background-attachment":"scroll","background-type":"","background-media":"","overlay-type":"","overlay-color":"","overlay-opacity":"","overlay-gradient":""}},"ast-content-background-meta":{"desktop":{"background-color":"var(--ast-global-color-5)","background-image":"","background-repeat":"repeat","background-position":"center center","background-size":"auto","background-attachment":"scroll","background-type":"","background-media":"","overlay-type":"","overlay-color":"","overlay-opacity":"","overlay-gradient":""},"tablet":{"background-color":"var(--ast-global-color-5)","background-image":"","background-repeat":"repeat","background-position":"center center","background-size":"auto","background-attachment":"scroll","background-type":"","background-media":"","overlay-type":"","overlay-color":"","overlay-opacity":"","overlay-gradient":""},"mobile":{"background-color":"var(--ast-global-color-5)","background-image":"","background-repeat":"repeat","background-position":"center center","background-size":"auto","background-attachment":"scroll","background-type":"","background-media":"","overlay-type":"","overlay-color":"","overlay-opacity":"","overlay-gradient":""}},"footnotes":""},"categories":[5,12,1,4],"tags":[266,237,522,62,573,17,572,215],"class_list":["post-3729","post","type-post","status-publish","format-standard","has-post-thumbnail","hentry","category-primaria","category-3r","category-general","category-portada","tag-3r","tag-art","tag-curs-25-26","tag-escola-pau-delclos","tag-hall-de-lescola","tag-plastica","tag-raim","tag-tardor"],"post_mailing_queue_ids":[],"_links":{"self":[{"href":"https:\/\/agora.xtec.cat\/escolapaudelclos\/wp-json\/wp\/v2\/posts\/3729","targetHints":{"allow":["GET"]}}],"collection":[{"href":"https:\/\/agora.xtec.cat\/escolapaudelclos\/wp-json\/wp\/v2\/posts"}],"about":[{"href":"https:\/\/agora.xtec.cat\/escolapaudelclos\/wp-json\/wp\/v2\/types\/post"}],"author":[{"embeddable":true,"href":"https:\/\/agora.xtec.cat\/escolapaudelclos\/wp-json\/wp\/v2\/users\/1"}],"replies":[{"embeddable":true,"href":"https:\/\/agora.xtec.cat\/escolapaudelclos\/wp-json\/wp\/v2\/comments?post=3729"}],"version-history":[{"count":6,"href":"https:\/\/agora.xtec.cat\/escolapaudelclos\/wp-json\/wp\/v2\/posts\/3729\/revisions"}],"predecessor-version":[{"id":3752,"href":"https:\/\/agora.xtec.cat\/escolapaudelclos\/wp-json\/wp\/v2\/posts\/3729\/revisions\/3752"}],"wp:featuredmedia":[{"embeddable":true,"href":"https:\/\/agora.xtec.cat\/escolapaudelclos\/wp-json\/wp\/v2\/media\/3730"}],"wp:attachment":[{"href":"https:\/\/agora.xtec.cat\/escolapaudelclos\/wp-json\/wp\/v2\/media?parent=3729"}],"wp:term":[{"taxonomy":"category","embeddable":true,"href":"https:\/\/agora.xtec.cat\/escolapaudelclos\/wp-json\/wp\/v2\/categories?post=3729"},{"taxonomy":"post_tag","embeddable":true,"href":"https:\/\/agora.xtec.cat\/escolapaudelclos\/wp-json\/wp\/v2\/tags?post=3729"}],"curies":[{"name":"wp","href":"https:\/\/api.w.org\/{rel}","templated":true}]}}