{"id":3717,"date":"2025-10-30T13:41:11","date_gmt":"2025-10-30T12:41:11","guid":{"rendered":"https:\/\/agora.xtec.cat\/escolapaudelclos\/?p=3717"},"modified":"2025-10-30T13:41:27","modified_gmt":"2025-10-30T12:41:27","slug":"3r-visita-a-la-biblioteca-publica-de-tarragona","status":"publish","type":"post","link":"https:\/\/agora.xtec.cat\/escolapaudelclos\/general\/3r-visita-a-la-biblioteca-publica-de-tarragona\/","title":{"rendered":"3r &#8211; Visita a la Biblioteca P\u00fablica de Tarragona"},"content":{"rendered":"<p>El 9 i 16 d\u2019octubre, les classes de 3r A i 3r B vam visitar la Sala Infantil de la Biblioteca P\u00fablica de Tarragona.<br \/>\nDurant la sortida vam descobrir com est\u00e0 organitzada la biblioteca, vam veure que els llibres estan classificats per colors segons l&#8217;edat i per tem\u00e0tiques, i vam con\u00e8ixer la gran varietat de materials que s\u2019hi poden trobar: contes, llibres, revistes, pel\u00b7l\u00edcules i m\u00fasica.<br \/>\nEns van explicar que, amb el carnet de la biblioteca, es poden agafar fins a 30 documents (llibres, contes, revistes, pel\u00b7l\u00edcules i m\u00fasica) durant 30 dies.<br \/>\nTamb\u00e9 vam veure que s\u2019hi fan moltes activitats interessants, com clubs de lectura, contacontes i tallers d\u2019animaci\u00f3 a la lectura.<br \/>\nA m\u00e9s a m\u00e9s, vam escoltar un conte, gaudir de la lectura i aprendre la import\u00e0ncia de llegir cada dia.<br \/>\nVa ser una experi\u00e8ncia molt enriquidora i divertida!<\/p>\n<p><a href=\"https:\/\/agora.xtec.cat\/escolapaudelclos\/wp-content\/uploads\/usu2656\/2025\/10\/WhatsApp-Image-2025-10-28-at-21.39.52-1.jpeg\"><img loading=\"lazy\" decoding=\"async\" class=\"wp-image-3718 aligncenter\" src=\"https:\/\/agora.xtec.cat\/escolapaudelclos\/wp-content\/uploads\/usu2656\/2025\/10\/WhatsApp-Image-2025-10-28-at-21.39.52-1.jpeg\" alt=\"\" width=\"644\" height=\"483\" srcset=\"https:\/\/agora.xtec.cat\/escolapaudelclos\/wp-content\/uploads\/usu2656\/2025\/10\/WhatsApp-Image-2025-10-28-at-21.39.52-1.jpeg 2040w, https:\/\/agora.xtec.cat\/escolapaudelclos\/wp-content\/uploads\/usu2656\/2025\/10\/WhatsApp-Image-2025-10-28-at-21.39.52-1-300x225.jpeg 300w, https:\/\/agora.xtec.cat\/escolapaudelclos\/wp-content\/uploads\/usu2656\/2025\/10\/WhatsApp-Image-2025-10-28-at-21.39.52-1-1024x768.jpeg 1024w, https:\/\/agora.xtec.cat\/escolapaudelclos\/wp-content\/uploads\/usu2656\/2025\/10\/WhatsApp-Image-2025-10-28-at-21.39.52-1-768x576.jpeg 768w, https:\/\/agora.xtec.cat\/escolapaudelclos\/wp-content\/uploads\/usu2656\/2025\/10\/WhatsApp-Image-2025-10-28-at-21.39.52-1-1536x1152.jpeg 1536w, https:\/\/agora.xtec.cat\/escolapaudelclos\/wp-content\/uploads\/usu2656\/2025\/10\/WhatsApp-Image-2025-10-28-at-21.39.52-1-200x150.jpeg 200w\" sizes=\"auto, (max-width: 644px) 100vw, 644px\" \/><\/a><\/p>\n","protected":false},"excerpt":{"rendered":"<p>El 9 i 16 d\u2019octubre, les classes de 3r A i 3r B vam visitar la Sala Infantil de la Biblioteca P\u00fablica de Tarragona. Durant la sortida vam descobrir com est\u00e0 organitzada la biblioteca, vam veure que els llibres estan classificats per colors segons l&#8217;edat i per tem\u00e0tiques, i vam con\u00e8ixer la gran varietat de [&hellip;]<\/p>\n","protected":false},"author":1,"featured_media":3718,"comment_status":"open","ping_status":"open","sticky":false,"template":"","format":"standard","meta":{"_bbp_topic_count":0,"_bbp_reply_count":0,"_bbp_total_topic_count":0,"_bbp_total_reply_count":0,"_bbp_voice_count":0,"_bbp_anonymous_reply_count":0,"_bbp_topic_count_hidden":0,"_bbp_reply_count_hidden":0,"_bbp_forum_subforum_count":0,"site-sidebar-layout":"default","site-content-layout":"","ast-site-content-layout":"","site-content-style":"default","site-sidebar-style":"default","ast-global-header-display":"","ast-banner-title-visibility":"","ast-main-header-display":"","ast-hfb-above-header-display":"","ast-hfb-below-header-display":"","ast-hfb-mobile-header-display":"","site-post-title":"","ast-breadcrumbs-content":"","ast-featured-img":"","footer-sml-layout":"","theme-transparent-header-meta":"","adv-header-id-meta":"","stick-header-meta":"","header-above-stick-meta":"","header-main-stick-meta":"","header-below-stick-meta":"","astra-migrate-meta-layouts":"default","ast-page-background-enabled":"default","ast-page-background-meta":{"desktop":{"background-color":"var(--ast-global-color-4)","background-image":"","background-repeat":"repeat","background-position":"center center","background-size":"auto","background-attachment":"scroll","background-type":"","background-media":"","overlay-type":"","overlay-color":"","overlay-opacity":"","overlay-gradient":""},"tablet":{"background-color":"","background-image":"","background-repeat":"repeat","background-position":"center center","background-size":"auto","background-attachment":"scroll","background-type":"","background-media":"","overlay-type":"","overlay-color":"","overlay-opacity":"","overlay-gradient":""},"mobile":{"background-color":"","background-image":"","background-repeat":"repeat","background-position":"center center","background-size":"auto","background-attachment":"scroll","background-type":"","background-media":"","overlay-type":"","overlay-color":"","overlay-opacity":"","overlay-gradient":""}},"ast-content-background-meta":{"desktop":{"background-color":"var(--ast-global-color-5)","background-image":"","background-repeat":"repeat","background-position":"center center","background-size":"auto","background-attachment":"scroll","background-type":"","background-media":"","overlay-type":"","overlay-color":"","overlay-opacity":"","overlay-gradient":""},"tablet":{"background-color":"var(--ast-global-color-5)","background-image":"","background-repeat":"repeat","background-position":"center center","background-size":"auto","background-attachment":"scroll","background-type":"","background-media":"","overlay-type":"","overlay-color":"","overlay-opacity":"","overlay-gradient":""},"mobile":{"background-color":"var(--ast-global-color-5)","background-image":"","background-repeat":"repeat","background-position":"center center","background-size":"auto","background-attachment":"scroll","background-type":"","background-media":"","overlay-type":"","overlay-color":"","overlay-opacity":"","overlay-gradient":""}},"footnotes":""},"categories":[5,12,1,4],"tags":[266,567,522,62,569,570,67],"class_list":["post-3717","post","type-post","status-publish","format-standard","has-post-thumbnail","hentry","category-primaria","category-3r","category-general","category-portada","tag-3r","tag-biblioteca","tag-curs-25-26","tag-escola-pau-delclos","tag-lectura","tag-llegir","tag-tarragona"],"post_mailing_queue_ids":[],"_links":{"self":[{"href":"https:\/\/agora.xtec.cat\/escolapaudelclos\/wp-json\/wp\/v2\/posts\/3717","targetHints":{"allow":["GET"]}}],"collection":[{"href":"https:\/\/agora.xtec.cat\/escolapaudelclos\/wp-json\/wp\/v2\/posts"}],"about":[{"href":"https:\/\/agora.xtec.cat\/escolapaudelclos\/wp-json\/wp\/v2\/types\/post"}],"author":[{"embeddable":true,"href":"https:\/\/agora.xtec.cat\/escolapaudelclos\/wp-json\/wp\/v2\/users\/1"}],"replies":[{"embeddable":true,"href":"https:\/\/agora.xtec.cat\/escolapaudelclos\/wp-json\/wp\/v2\/comments?post=3717"}],"version-history":[{"count":5,"href":"https:\/\/agora.xtec.cat\/escolapaudelclos\/wp-json\/wp\/v2\/posts\/3717\/revisions"}],"predecessor-version":[{"id":3723,"href":"https:\/\/agora.xtec.cat\/escolapaudelclos\/wp-json\/wp\/v2\/posts\/3717\/revisions\/3723"}],"wp:featuredmedia":[{"embeddable":true,"href":"https:\/\/agora.xtec.cat\/escolapaudelclos\/wp-json\/wp\/v2\/media\/3718"}],"wp:attachment":[{"href":"https:\/\/agora.xtec.cat\/escolapaudelclos\/wp-json\/wp\/v2\/media?parent=3717"}],"wp:term":[{"taxonomy":"category","embeddable":true,"href":"https:\/\/agora.xtec.cat\/escolapaudelclos\/wp-json\/wp\/v2\/categories?post=3717"},{"taxonomy":"post_tag","embeddable":true,"href":"https:\/\/agora.xtec.cat\/escolapaudelclos\/wp-json\/wp\/v2\/tags?post=3717"}],"curies":[{"name":"wp","href":"https:\/\/api.w.org\/{rel}","templated":true}]}}