{"id":3683,"date":"2025-10-27T13:10:26","date_gmt":"2025-10-27T12:10:26","guid":{"rendered":"https:\/\/agora.xtec.cat\/escolapaudelclos\/?p=3683"},"modified":"2025-10-27T13:10:26","modified_gmt":"2025-10-27T12:10:26","slug":"zumba-al-pati","status":"publish","type":"post","link":"https:\/\/agora.xtec.cat\/escolapaudelclos\/general\/zumba-al-pati\/","title":{"rendered":"Zumba al pati!"},"content":{"rendered":"<p data-start=\"170\" data-end=\"461\">Despr\u00e9s de l\u2019\u00e8xit que va tenir la sessi\u00f3 de <strong>Zumba<\/strong> durant la <strong>Setmana de l\u2019Esport<\/strong>, les mestres d\u2019Educaci\u00f3 F\u00edsica, la <strong>Gemma<\/strong> i la <strong>Merc\u00e8<\/strong>, han decidit repetir l\u2019experi\u00e8ncia alguns dies a l\u2019hora del pati.<\/p>\n<p data-start=\"170\" data-end=\"461\">Tota la prim\u00e0ria balla, salta i riu al ritme de la m\u00fasica, convertint el pati en una gran pista de ball! \ud83c\udfb6<\/p>\n<p data-start=\"463\" data-end=\"606\">Aquestes estones ens omplen d\u2019energia i bon humor, i ens encanta veure com l\u2019esport i la m\u00fasica uneixen a grans i petits!<\/p>\n<p data-start=\"463\" data-end=\"606\"><a href=\"https:\/\/agora.xtec.cat\/escolapaudelclos\/wp-content\/uploads\/usu2656\/2025\/10\/WhatsApp-Image-2025-10-27-at-13.03.35-2.jpeg\"><img loading=\"lazy\" decoding=\"async\" class=\" wp-image-3684 aligncenter\" src=\"https:\/\/agora.xtec.cat\/escolapaudelclos\/wp-content\/uploads\/usu2656\/2025\/10\/WhatsApp-Image-2025-10-27-at-13.03.35-2.jpeg\" alt=\"\" width=\"678\" height=\"509\" srcset=\"https:\/\/agora.xtec.cat\/escolapaudelclos\/wp-content\/uploads\/usu2656\/2025\/10\/WhatsApp-Image-2025-10-27-at-13.03.35-2.jpeg 1024w, https:\/\/agora.xtec.cat\/escolapaudelclos\/wp-content\/uploads\/usu2656\/2025\/10\/WhatsApp-Image-2025-10-27-at-13.03.35-2-300x225.jpeg 300w, https:\/\/agora.xtec.cat\/escolapaudelclos\/wp-content\/uploads\/usu2656\/2025\/10\/WhatsApp-Image-2025-10-27-at-13.03.35-2-768x576.jpeg 768w, https:\/\/agora.xtec.cat\/escolapaudelclos\/wp-content\/uploads\/usu2656\/2025\/10\/WhatsApp-Image-2025-10-27-at-13.03.35-2-200x150.jpeg 200w\" sizes=\"auto, (max-width: 678px) 100vw, 678px\" \/><\/a><\/p>\n","protected":false},"excerpt":{"rendered":"<p>Despr\u00e9s de l\u2019\u00e8xit que va tenir la sessi\u00f3 de Zumba durant la Setmana de l\u2019Esport, les mestres d\u2019Educaci\u00f3 F\u00edsica, la Gemma i la Merc\u00e8, han decidit repetir l\u2019experi\u00e8ncia alguns dies a l\u2019hora del pati. Tota la prim\u00e0ria balla, salta i riu al ritme de la m\u00fasica, convertint el pati en una gran pista de ball! [&hellip;]<\/p>\n","protected":false},"author":1,"featured_media":3684,"comment_status":"open","ping_status":"open","sticky":false,"template":"","format":"standard","meta":{"_bbp_topic_count":0,"_bbp_reply_count":0,"_bbp_total_topic_count":0,"_bbp_total_reply_count":0,"_bbp_voice_count":0,"_bbp_anonymous_reply_count":0,"_bbp_topic_count_hidden":0,"_bbp_reply_count_hidden":0,"_bbp_forum_subforum_count":0,"site-sidebar-layout":"default","site-content-layout":"","ast-site-content-layout":"","site-content-style":"default","site-sidebar-style":"default","ast-global-header-display":"","ast-banner-title-visibility":"","ast-main-header-display":"","ast-hfb-above-header-display":"","ast-hfb-below-header-display":"","ast-hfb-mobile-header-display":"","site-post-title":"","ast-breadcrumbs-content":"","ast-featured-img":"","footer-sml-layout":"","theme-transparent-header-meta":"","adv-header-id-meta":"","stick-header-meta":"","header-above-stick-meta":"","header-main-stick-meta":"","header-below-stick-meta":"","astra-migrate-meta-layouts":"default","ast-page-background-enabled":"default","ast-page-background-meta":{"desktop":{"background-color":"var(--ast-global-color-4)","background-image":"","background-repeat":"repeat","background-position":"center center","background-size":"auto","background-attachment":"scroll","background-type":"","background-media":"","overlay-type":"","overlay-color":"","overlay-opacity":"","overlay-gradient":""},"tablet":{"background-color":"","background-image":"","background-repeat":"repeat","background-position":"center center","background-size":"auto","background-attachment":"scroll","background-type":"","background-media":"","overlay-type":"","overlay-color":"","overlay-opacity":"","overlay-gradient":""},"mobile":{"background-color":"","background-image":"","background-repeat":"repeat","background-position":"center center","background-size":"auto","background-attachment":"scroll","background-type":"","background-media":"","overlay-type":"","overlay-color":"","overlay-opacity":"","overlay-gradient":""}},"ast-content-background-meta":{"desktop":{"background-color":"var(--ast-global-color-5)","background-image":"","background-repeat":"repeat","background-position":"center center","background-size":"auto","background-attachment":"scroll","background-type":"","background-media":"","overlay-type":"","overlay-color":"","overlay-opacity":"","overlay-gradient":""},"tablet":{"background-color":"var(--ast-global-color-5)","background-image":"","background-repeat":"repeat","background-position":"center center","background-size":"auto","background-attachment":"scroll","background-type":"","background-media":"","overlay-type":"","overlay-color":"","overlay-opacity":"","overlay-gradient":""},"mobile":{"background-color":"var(--ast-global-color-5)","background-image":"","background-repeat":"repeat","background-position":"center center","background-size":"auto","background-attachment":"scroll","background-type":"","background-media":"","overlay-type":"","overlay-color":"","overlay-opacity":"","overlay-gradient":""}},"footnotes":""},"categories":[5,1,4],"tags":[522,564,62,565],"class_list":["post-3683","post","type-post","status-publish","format-standard","has-post-thumbnail","hentry","category-primaria","category-general","category-portada","tag-curs-25-26","tag-ef","tag-escola-pau-delclos","tag-zumba"],"post_mailing_queue_ids":[],"_links":{"self":[{"href":"https:\/\/agora.xtec.cat\/escolapaudelclos\/wp-json\/wp\/v2\/posts\/3683","targetHints":{"allow":["GET"]}}],"collection":[{"href":"https:\/\/agora.xtec.cat\/escolapaudelclos\/wp-json\/wp\/v2\/posts"}],"about":[{"href":"https:\/\/agora.xtec.cat\/escolapaudelclos\/wp-json\/wp\/v2\/types\/post"}],"author":[{"embeddable":true,"href":"https:\/\/agora.xtec.cat\/escolapaudelclos\/wp-json\/wp\/v2\/users\/1"}],"replies":[{"embeddable":true,"href":"https:\/\/agora.xtec.cat\/escolapaudelclos\/wp-json\/wp\/v2\/comments?post=3683"}],"version-history":[{"count":5,"href":"https:\/\/agora.xtec.cat\/escolapaudelclos\/wp-json\/wp\/v2\/posts\/3683\/revisions"}],"predecessor-version":[{"id":3689,"href":"https:\/\/agora.xtec.cat\/escolapaudelclos\/wp-json\/wp\/v2\/posts\/3683\/revisions\/3689"}],"wp:featuredmedia":[{"embeddable":true,"href":"https:\/\/agora.xtec.cat\/escolapaudelclos\/wp-json\/wp\/v2\/media\/3684"}],"wp:attachment":[{"href":"https:\/\/agora.xtec.cat\/escolapaudelclos\/wp-json\/wp\/v2\/media?parent=3683"}],"wp:term":[{"taxonomy":"category","embeddable":true,"href":"https:\/\/agora.xtec.cat\/escolapaudelclos\/wp-json\/wp\/v2\/categories?post=3683"},{"taxonomy":"post_tag","embeddable":true,"href":"https:\/\/agora.xtec.cat\/escolapaudelclos\/wp-json\/wp\/v2\/tags?post=3683"}],"curies":[{"name":"wp","href":"https:\/\/api.w.org\/{rel}","templated":true}]}}