{"id":3679,"date":"2025-10-24T15:24:20","date_gmt":"2025-10-24T13:24:20","guid":{"rendered":"https:\/\/agora.xtec.cat\/escolapaudelclos\/?p=3679"},"modified":"2025-10-24T15:24:59","modified_gmt":"2025-10-24T13:24:59","slug":"2n-treballant-la-cooperacio-i-la-diversitat","status":"publish","type":"post","link":"https:\/\/agora.xtec.cat\/escolapaudelclos\/general\/2n-treballant-la-cooperacio-i-la-diversitat\/","title":{"rendered":"2n &#8211; Treballant la cooperaci\u00f3 i la diversitat"},"content":{"rendered":"<div class=\"adn ads\" data-message-id=\"#msg-f:1846785028936548134\" data-legacy-message-id=\"19a11932fa45bf26\">\n<div class=\"gs\">\n<div class=\"\">\n<div id=\":op\" class=\"ii gt\">\n<div id=\":kh\" class=\"a3s aiL \">\n<div dir=\"ltr\">\n<p>A 2n hem estat treballant d\u2019una manera molt divertida i participativa dos valors fonamentals per a la conviv\u00e8ncia a l\u2019aula:\u00a0<strong>la cooperaci\u00f3<\/strong>\u00a0i\u00a0<strong>la valoraci\u00f3 de la diversitat<\/strong>. Ho hem fet a trav\u00e9s de dues din\u00e0miques que ens han ajudat a reflexionar, a compartir i, sobretot, a aprendre jugant.<\/p>\n<p>La primera activitat que vam fer van ser\u00a0<strong>les cadires cooperatives<\/strong>. A difer\u00e8ncia del joc tradicional, aqu\u00ed ning\u00fa quedava fora! Quan es treia una cadira, hav\u00edem de pensar com\u00a0<strong>tots i totes pod\u00edem continuar asseguts<\/strong>\u00a0sense que ning\u00fa qued\u00e9s sense lloc. Aix\u00f2 ens va fer veure com, quan col\u00b7laborem i busquem solucions conjuntes, tots hi sortim guanyant. Entre rialles i equilibris impossibles, vam aprendre que\u00a0<strong>ajudar els altres i adaptar-nos \u00e9s clau per treballar en equip<\/strong>.<\/p>\n<p>La segona din\u00e0mica va ser\u00a0<strong>\u201cEl m\u00f3n de colors\u201d<\/strong>, on cada alumne tenia un gomet enganxat al front amb un color que no podia veure. Sense parlar, hav\u00edem de trobar el nostre grup segons el color del gomet, observant les reaccions dels altres. Quan finalment vam poder parlar, vam comentar com ens hav\u00edem sentit: alguns es van adonar que\u00a0<strong>no sempre \u00e9s f\u00e0cil saber on pertanys<\/strong>\u00a0o que\u00a0<strong>a vegades ens guiem per aparences o gestos<\/strong>. Aquesta activitat ens va ajudar a comprendre la import\u00e0ncia de\u00a0<strong>respectar i valorar la diversitat<\/strong>\u00a0de cadasc\u00fa.<\/p>\n<p>Amb aquestes experi\u00e8ncies, hem descobert que la cooperaci\u00f3, l\u2019empatia i la inclusi\u00f3 no nom\u00e9s es treballen amb paraules, sin\u00f3 sobretot\u00a0<strong>amb accions i viv\u00e8ncies compartides<\/strong>. A 2n continuarem aprenent junts, perqu\u00e8\u00a0<strong>junts som un equip m\u00e9s fort!<\/strong><\/p>\n<table style=\"width: 100%; border-collapse: collapse; border-style: hidden;\">\n<tbody>\n<tr>\n<td style=\"width: 50%; border-style: hidden;\"><a href=\"https:\/\/agora.xtec.cat\/escolapaudelclos\/wp-content\/uploads\/usu2656\/2025\/10\/IMG_20251023_181350.jpg\"><img loading=\"lazy\" decoding=\"async\" class=\"alignnone size-full wp-image-3680\" src=\"https:\/\/agora.xtec.cat\/escolapaudelclos\/wp-content\/uploads\/usu2656\/2025\/10\/IMG_20251023_181350.jpg\" alt=\"\" width=\"2000\" height=\"1500\" srcset=\"https:\/\/agora.xtec.cat\/escolapaudelclos\/wp-content\/uploads\/usu2656\/2025\/10\/IMG_20251023_181350.jpg 2000w, https:\/\/agora.xtec.cat\/escolapaudelclos\/wp-content\/uploads\/usu2656\/2025\/10\/IMG_20251023_181350-300x225.jpg 300w, https:\/\/agora.xtec.cat\/escolapaudelclos\/wp-content\/uploads\/usu2656\/2025\/10\/IMG_20251023_181350-1024x768.jpg 1024w, https:\/\/agora.xtec.cat\/escolapaudelclos\/wp-content\/uploads\/usu2656\/2025\/10\/IMG_20251023_181350-768x576.jpg 768w, https:\/\/agora.xtec.cat\/escolapaudelclos\/wp-content\/uploads\/usu2656\/2025\/10\/IMG_20251023_181350-1536x1152.jpg 1536w, https:\/\/agora.xtec.cat\/escolapaudelclos\/wp-content\/uploads\/usu2656\/2025\/10\/IMG_20251023_181350-200x150.jpg 200w\" sizes=\"auto, (max-width: 2000px) 100vw, 2000px\" \/><\/a><\/td>\n<td style=\"width: 50%; border-style: hidden;\"><a href=\"https:\/\/agora.xtec.cat\/escolapaudelclos\/wp-content\/uploads\/usu2656\/2025\/10\/IMG_20251023_181203.jpg\"><img loading=\"lazy\" decoding=\"async\" class=\"alignnone size-full wp-image-3681\" src=\"https:\/\/agora.xtec.cat\/escolapaudelclos\/wp-content\/uploads\/usu2656\/2025\/10\/IMG_20251023_181203.jpg\" alt=\"\" width=\"2000\" height=\"1500\" srcset=\"https:\/\/agora.xtec.cat\/escolapaudelclos\/wp-content\/uploads\/usu2656\/2025\/10\/IMG_20251023_181203.jpg 2000w, https:\/\/agora.xtec.cat\/escolapaudelclos\/wp-content\/uploads\/usu2656\/2025\/10\/IMG_20251023_181203-300x225.jpg 300w, https:\/\/agora.xtec.cat\/escolapaudelclos\/wp-content\/uploads\/usu2656\/2025\/10\/IMG_20251023_181203-1024x768.jpg 1024w, https:\/\/agora.xtec.cat\/escolapaudelclos\/wp-content\/uploads\/usu2656\/2025\/10\/IMG_20251023_181203-768x576.jpg 768w, https:\/\/agora.xtec.cat\/escolapaudelclos\/wp-content\/uploads\/usu2656\/2025\/10\/IMG_20251023_181203-1536x1152.jpg 1536w, https:\/\/agora.xtec.cat\/escolapaudelclos\/wp-content\/uploads\/usu2656\/2025\/10\/IMG_20251023_181203-200x150.jpg 200w\" sizes=\"auto, (max-width: 2000px) 100vw, 2000px\" \/><\/a><\/td>\n<\/tr>\n<\/tbody>\n<\/table>\n<\/div>\n<div class=\"adL\"><\/div>\n<\/div>\n<\/div>\n<\/div>\n<\/div>\n<\/div>\n","protected":false},"excerpt":{"rendered":"<p>A 2n hem estat treballant d\u2019una manera molt divertida i participativa dos valors fonamentals per a la conviv\u00e8ncia a l\u2019aula:\u00a0la cooperaci\u00f3\u00a0i\u00a0la valoraci\u00f3 de la diversitat. Ho hem fet a trav\u00e9s de dues din\u00e0miques que ens han ajudat a reflexionar, a compartir i, sobretot, a aprendre jugant. La primera activitat que vam fer van ser\u00a0les cadires [&hellip;]<\/p>\n","protected":false},"author":1,"featured_media":3681,"comment_status":"open","ping_status":"open","sticky":false,"template":"","format":"standard","meta":{"_bbp_topic_count":0,"_bbp_reply_count":0,"_bbp_total_topic_count":0,"_bbp_total_reply_count":0,"_bbp_voice_count":0,"_bbp_anonymous_reply_count":0,"_bbp_topic_count_hidden":0,"_bbp_reply_count_hidden":0,"_bbp_forum_subforum_count":0,"site-sidebar-layout":"default","site-content-layout":"","ast-site-content-layout":"","site-content-style":"default","site-sidebar-style":"default","ast-global-header-display":"","ast-banner-title-visibility":"","ast-main-header-display":"","ast-hfb-above-header-display":"","ast-hfb-below-header-display":"","ast-hfb-mobile-header-display":"","site-post-title":"","ast-breadcrumbs-content":"","ast-featured-img":"","footer-sml-layout":"","theme-transparent-header-meta":"","adv-header-id-meta":"","stick-header-meta":"","header-above-stick-meta":"","header-main-stick-meta":"","header-below-stick-meta":"","astra-migrate-meta-layouts":"default","ast-page-background-enabled":"default","ast-page-background-meta":{"desktop":{"background-color":"var(--ast-global-color-4)","background-image":"","background-repeat":"repeat","background-position":"center center","background-size":"auto","background-attachment":"scroll","background-type":"","background-media":"","overlay-type":"","overlay-color":"","overlay-opacity":"","overlay-gradient":""},"tablet":{"background-color":"","background-image":"","background-repeat":"repeat","background-position":"center center","background-size":"auto","background-attachment":"scroll","background-type":"","background-media":"","overlay-type":"","overlay-color":"","overlay-opacity":"","overlay-gradient":""},"mobile":{"background-color":"","background-image":"","background-repeat":"repeat","background-position":"center center","background-size":"auto","background-attachment":"scroll","background-type":"","background-media":"","overlay-type":"","overlay-color":"","overlay-opacity":"","overlay-gradient":""}},"ast-content-background-meta":{"desktop":{"background-color":"var(--ast-global-color-5)","background-image":"","background-repeat":"repeat","background-position":"center center","background-size":"auto","background-attachment":"scroll","background-type":"","background-media":"","overlay-type":"","overlay-color":"","overlay-opacity":"","overlay-gradient":""},"tablet":{"background-color":"var(--ast-global-color-5)","background-image":"","background-repeat":"repeat","background-position":"center center","background-size":"auto","background-attachment":"scroll","background-type":"","background-media":"","overlay-type":"","overlay-color":"","overlay-opacity":"","overlay-gradient":""},"mobile":{"background-color":"var(--ast-global-color-5)","background-image":"","background-repeat":"repeat","background-position":"center center","background-size":"auto","background-attachment":"scroll","background-type":"","background-media":"","overlay-type":"","overlay-color":"","overlay-opacity":"","overlay-gradient":""}},"footnotes":""},"categories":[5,11,1,4],"tags":[116,554,522,560,563,62,562,561],"class_list":["post-3679","post","type-post","status-publish","format-standard","has-post-thumbnail","hentry","category-primaria","category-2n","category-general","category-portada","tag-2n","tag-cooperacio","tag-curs-25-26","tag-diversitat","tag-equip","tag-escola-pau-delclos","tag-treballem-per-ser-millors","tag-vivencies-compartides"],"post_mailing_queue_ids":[],"_links":{"self":[{"href":"https:\/\/agora.xtec.cat\/escolapaudelclos\/wp-json\/wp\/v2\/posts\/3679","targetHints":{"allow":["GET"]}}],"collection":[{"href":"https:\/\/agora.xtec.cat\/escolapaudelclos\/wp-json\/wp\/v2\/posts"}],"about":[{"href":"https:\/\/agora.xtec.cat\/escolapaudelclos\/wp-json\/wp\/v2\/types\/post"}],"author":[{"embeddable":true,"href":"https:\/\/agora.xtec.cat\/escolapaudelclos\/wp-json\/wp\/v2\/users\/1"}],"replies":[{"embeddable":true,"href":"https:\/\/agora.xtec.cat\/escolapaudelclos\/wp-json\/wp\/v2\/comments?post=3679"}],"version-history":[{"count":1,"href":"https:\/\/agora.xtec.cat\/escolapaudelclos\/wp-json\/wp\/v2\/posts\/3679\/revisions"}],"predecessor-version":[{"id":3682,"href":"https:\/\/agora.xtec.cat\/escolapaudelclos\/wp-json\/wp\/v2\/posts\/3679\/revisions\/3682"}],"wp:featuredmedia":[{"embeddable":true,"href":"https:\/\/agora.xtec.cat\/escolapaudelclos\/wp-json\/wp\/v2\/media\/3681"}],"wp:attachment":[{"href":"https:\/\/agora.xtec.cat\/escolapaudelclos\/wp-json\/wp\/v2\/media?parent=3679"}],"wp:term":[{"taxonomy":"category","embeddable":true,"href":"https:\/\/agora.xtec.cat\/escolapaudelclos\/wp-json\/wp\/v2\/categories?post=3679"},{"taxonomy":"post_tag","embeddable":true,"href":"https:\/\/agora.xtec.cat\/escolapaudelclos\/wp-json\/wp\/v2\/tags?post=3679"}],"curies":[{"name":"wp","href":"https:\/\/api.w.org\/{rel}","templated":true}]}}