{"id":3631,"date":"2025-10-03T14:53:00","date_gmt":"2025-10-03T12:53:00","guid":{"rendered":"https:\/\/agora.xtec.cat\/escolapaudelclos\/?p=3631"},"modified":"2025-10-20T15:09:53","modified_gmt":"2025-10-20T13:09:53","slug":"2n-santa-tecla-laliga","status":"publish","type":"post","link":"https:\/\/agora.xtec.cat\/escolapaudelclos\/general\/2n-santa-tecla-laliga\/","title":{"rendered":"2n &#8211; Santa Tecla &#8211; L&#8217;\u00c0liga"},"content":{"rendered":"<p>Aquestes setmanes, els nens i nenes de 2n han estat immersos en el projecte de Santa Tecla i, en concret, han centrat la seva recerca en una de les figures m\u00e9s emblem\u00e0tiques del seguici: l\u2019\u00c0liga.<\/p>\n<p>Al llarg del projecte han apr\u00e8s moltes coses interessants, com ara:<\/p>\n<ul>\n<li>Quin \u00e9s l\u2019origen de l\u2019\u00c0liga i qu\u00e8 simbolitza.<\/li>\n<li>Com participa al Seguici Popular i quin paper t\u00e9 a la festa.<\/li>\n<li>Les parts que la formen i com es decora.<\/li>\n<li>La m\u00fasica i els balls que l\u2019acompanyen.<\/li>\n<li>La relaci\u00f3 de l\u2019\u00c0liga amb altres elements de la festa major.<\/li>\n<\/ul>\n<p>Despr\u00e9s de tot aquest aprenentatge, han volgut plasmar-ho d\u2019una manera creativa. Per aix\u00f2 han elaborat un gran mural de l\u2019\u00c0liga, compost per moltes petites aliguetes i corones fetes per cada alumne i alumna.<\/p>\n<p>I encara m\u00e9s: per compartir el que han apr\u00e8s, han anat a la classe de 1r, on, amb l\u2019ajuda d\u2019una presentaci\u00f3 PowerPoint, han explicat amb molta il\u00b7lusi\u00f3 tot el que saben sobre aquesta figura tan especial. Els m\u00e9s petits han escoltat amb atenci\u00f3 i han pogut con\u00e8ixer millor l\u2019\u00c0liga gr\u00e0cies als seus companys i companyes de 2n.<\/p>\n<p>Ha estat una experi\u00e8ncia enriquidora, plena de festa, aprenentatge i tradici\u00f3!<\/p>\n<table style=\"border-collapse: collapse; width: 100%;\">\n<tbody>\n<tr>\n<td style=\"width: 50%; border-style: hidden;\"><a href=\"https:\/\/agora.xtec.cat\/escolapaudelclos\/wp-content\/uploads\/usu2656\/2025\/10\/fotos-entrada-blog-aliga.jpg\"><img loading=\"lazy\" decoding=\"async\" class=\" wp-image-3632 aligncenter\" src=\"https:\/\/agora.xtec.cat\/escolapaudelclos\/wp-content\/uploads\/usu2656\/2025\/10\/fotos-entrada-blog-aliga.jpg\" alt=\"\" width=\"728\" height=\"1030\" srcset=\"https:\/\/agora.xtec.cat\/escolapaudelclos\/wp-content\/uploads\/usu2656\/2025\/10\/fotos-entrada-blog-aliga.jpg 1414w, https:\/\/agora.xtec.cat\/escolapaudelclos\/wp-content\/uploads\/usu2656\/2025\/10\/fotos-entrada-blog-aliga-212x300.jpg 212w, https:\/\/agora.xtec.cat\/escolapaudelclos\/wp-content\/uploads\/usu2656\/2025\/10\/fotos-entrada-blog-aliga-724x1024.jpg 724w, https:\/\/agora.xtec.cat\/escolapaudelclos\/wp-content\/uploads\/usu2656\/2025\/10\/fotos-entrada-blog-aliga-768x1086.jpg 768w, https:\/\/agora.xtec.cat\/escolapaudelclos\/wp-content\/uploads\/usu2656\/2025\/10\/fotos-entrada-blog-aliga-1086x1536.jpg 1086w\" sizes=\"auto, (max-width: 728px) 100vw, 728px\" \/><\/a><\/td>\n<td style=\"width: 50%; border-style: hidden;\"><a href=\"https:\/\/agora.xtec.cat\/escolapaudelclos\/wp-content\/uploads\/usu2656\/2025\/10\/IMG_20251003_124252.jpg\"><img loading=\"lazy\" decoding=\"async\" class=\"alignnone size-full wp-image-3641\" src=\"https:\/\/agora.xtec.cat\/escolapaudelclos\/wp-content\/uploads\/usu2656\/2025\/10\/IMG_20251003_124252.jpg\" alt=\"\" width=\"1431\" height=\"1291\" srcset=\"https:\/\/agora.xtec.cat\/escolapaudelclos\/wp-content\/uploads\/usu2656\/2025\/10\/IMG_20251003_124252.jpg 1431w, https:\/\/agora.xtec.cat\/escolapaudelclos\/wp-content\/uploads\/usu2656\/2025\/10\/IMG_20251003_124252-300x271.jpg 300w, https:\/\/agora.xtec.cat\/escolapaudelclos\/wp-content\/uploads\/usu2656\/2025\/10\/IMG_20251003_124252-1024x924.jpg 1024w, https:\/\/agora.xtec.cat\/escolapaudelclos\/wp-content\/uploads\/usu2656\/2025\/10\/IMG_20251003_124252-768x693.jpg 768w\" sizes=\"auto, (max-width: 1431px) 100vw, 1431px\" \/><\/a><\/td>\n<\/tr>\n<\/tbody>\n<\/table>\n<p>&nbsp;<\/p>\n","protected":false},"excerpt":{"rendered":"<p>Aquestes setmanes, els nens i nenes de 2n han estat immersos en el projecte de Santa Tecla i, en concret, han centrat la seva recerca en una de les figures m\u00e9s emblem\u00e0tiques del seguici: l\u2019\u00c0liga. Al llarg del projecte han apr\u00e8s moltes coses interessants, com ara: Quin \u00e9s l\u2019origen de l\u2019\u00c0liga i qu\u00e8 simbolitza. Com [&hellip;]<\/p>\n","protected":false},"author":1,"featured_media":3632,"comment_status":"open","ping_status":"open","sticky":false,"template":"","format":"standard","meta":{"_bbp_topic_count":0,"_bbp_reply_count":0,"_bbp_total_topic_count":0,"_bbp_total_reply_count":0,"_bbp_voice_count":0,"_bbp_anonymous_reply_count":0,"_bbp_topic_count_hidden":0,"_bbp_reply_count_hidden":0,"_bbp_forum_subforum_count":0,"site-sidebar-layout":"default","site-content-layout":"","ast-site-content-layout":"","site-content-style":"default","site-sidebar-style":"default","ast-global-header-display":"","ast-banner-title-visibility":"","ast-main-header-display":"","ast-hfb-above-header-display":"","ast-hfb-below-header-display":"","ast-hfb-mobile-header-display":"","site-post-title":"","ast-breadcrumbs-content":"","ast-featured-img":"","footer-sml-layout":"","theme-transparent-header-meta":"","adv-header-id-meta":"","stick-header-meta":"","header-above-stick-meta":"","header-main-stick-meta":"","header-below-stick-meta":"","astra-migrate-meta-layouts":"default","ast-page-background-enabled":"default","ast-page-background-meta":{"desktop":{"background-color":"var(--ast-global-color-4)","background-image":"","background-repeat":"repeat","background-position":"center center","background-size":"auto","background-attachment":"scroll","background-type":"","background-media":"","overlay-type":"","overlay-color":"","overlay-opacity":"","overlay-gradient":""},"tablet":{"background-color":"","background-image":"","background-repeat":"repeat","background-position":"center center","background-size":"auto","background-attachment":"scroll","background-type":"","background-media":"","overlay-type":"","overlay-color":"","overlay-opacity":"","overlay-gradient":""},"mobile":{"background-color":"","background-image":"","background-repeat":"repeat","background-position":"center center","background-size":"auto","background-attachment":"scroll","background-type":"","background-media":"","overlay-type":"","overlay-color":"","overlay-opacity":"","overlay-gradient":""}},"ast-content-background-meta":{"desktop":{"background-color":"var(--ast-global-color-5)","background-image":"","background-repeat":"repeat","background-position":"center center","background-size":"auto","background-attachment":"scroll","background-type":"","background-media":"","overlay-type":"","overlay-color":"","overlay-opacity":"","overlay-gradient":""},"tablet":{"background-color":"var(--ast-global-color-5)","background-image":"","background-repeat":"repeat","background-position":"center center","background-size":"auto","background-attachment":"scroll","background-type":"","background-media":"","overlay-type":"","overlay-color":"","overlay-opacity":"","overlay-gradient":""},"mobile":{"background-color":"var(--ast-global-color-5)","background-image":"","background-repeat":"repeat","background-position":"center center","background-size":"auto","background-attachment":"scroll","background-type":"","background-media":"","overlay-type":"","overlay-color":"","overlay-opacity":"","overlay-gradient":""}},"footnotes":""},"categories":[5,11,1,4],"tags":[116,551,552,239,522,405,553,205,67,424],"class_list":["post-3631","post","type-post","status-publish","format-standard","has-post-thumbnail","hentry","category-primaria","category-2n","category-general","category-portada","tag-2n","tag-aliga","tag-compartim","tag-cultura","tag-curs-25-26","tag-fem-escola","tag-grans-i-petits","tag-santa-tecla","tag-tarragona","tag-tradicio"],"post_mailing_queue_ids":[],"_links":{"self":[{"href":"https:\/\/agora.xtec.cat\/escolapaudelclos\/wp-json\/wp\/v2\/posts\/3631","targetHints":{"allow":["GET"]}}],"collection":[{"href":"https:\/\/agora.xtec.cat\/escolapaudelclos\/wp-json\/wp\/v2\/posts"}],"about":[{"href":"https:\/\/agora.xtec.cat\/escolapaudelclos\/wp-json\/wp\/v2\/types\/post"}],"author":[{"embeddable":true,"href":"https:\/\/agora.xtec.cat\/escolapaudelclos\/wp-json\/wp\/v2\/users\/1"}],"replies":[{"embeddable":true,"href":"https:\/\/agora.xtec.cat\/escolapaudelclos\/wp-json\/wp\/v2\/comments?post=3631"}],"version-history":[{"count":4,"href":"https:\/\/agora.xtec.cat\/escolapaudelclos\/wp-json\/wp\/v2\/posts\/3631\/revisions"}],"predecessor-version":[{"id":3643,"href":"https:\/\/agora.xtec.cat\/escolapaudelclos\/wp-json\/wp\/v2\/posts\/3631\/revisions\/3643"}],"wp:featuredmedia":[{"embeddable":true,"href":"https:\/\/agora.xtec.cat\/escolapaudelclos\/wp-json\/wp\/v2\/media\/3632"}],"wp:attachment":[{"href":"https:\/\/agora.xtec.cat\/escolapaudelclos\/wp-json\/wp\/v2\/media?parent=3631"}],"wp:term":[{"taxonomy":"category","embeddable":true,"href":"https:\/\/agora.xtec.cat\/escolapaudelclos\/wp-json\/wp\/v2\/categories?post=3631"},{"taxonomy":"post_tag","embeddable":true,"href":"https:\/\/agora.xtec.cat\/escolapaudelclos\/wp-json\/wp\/v2\/tags?post=3631"}],"curies":[{"name":"wp","href":"https:\/\/api.w.org\/{rel}","templated":true}]}}