{"id":3626,"date":"2025-10-02T18:09:35","date_gmt":"2025-10-02T16:09:35","guid":{"rendered":"https:\/\/agora.xtec.cat\/escolapaudelclos\/?p=3626"},"modified":"2025-10-20T15:10:02","modified_gmt":"2025-10-20T13:10:02","slug":"3r-santa-tecla-nanos-de-tarragona","status":"publish","type":"post","link":"https:\/\/agora.xtec.cat\/escolapaudelclos\/general\/3r-santa-tecla-nanos-de-tarragona\/","title":{"rendered":"3r &#8211; Santa Tecla &#8211; Nanos de Tarragona"},"content":{"rendered":"<p>Aquest primer trimestre, l\u2019alumnat de tercer ha treballat un projecte molt especial dedicat als <strong>nanos de Tarragona<\/strong>. Hem buscat informaci\u00f3 sobre la seva hist\u00f2ria, tant dels nanos vells com dels nanos nous, i hem fet lectures, comprensions i un dossier ben complet. A m\u00e9s, per grups, hem pintat les seves cares i, amb caixes, hem creat uns nanos ben originals amb els quals hem pogut jugar i gaudir fent de nanos.<\/p>\n<p>Ha estat una experi\u00e8ncia molt divertida i enriquidora que ens ha ajudat a con\u00e8ixer millor la nostra festa major.<br \/>\nVisca Santa Tecla i visca els nanos de Tarragona!<\/p>\n<p style=\"text-align: center;\"><a href=\"https:\/\/agora.xtec.cat\/escolapaudelclos\/wp-content\/uploads\/usu2656\/2025\/10\/WhatsApp-Image-2025-10-02-at-11.19.44.jpeg\"><img loading=\"lazy\" decoding=\"async\" class=\"alignnone wp-image-3627\" src=\"https:\/\/agora.xtec.cat\/escolapaudelclos\/wp-content\/uploads\/usu2656\/2025\/10\/WhatsApp-Image-2025-10-02-at-11.19.44.jpeg\" alt=\"\" width=\"529\" height=\"353\" srcset=\"https:\/\/agora.xtec.cat\/escolapaudelclos\/wp-content\/uploads\/usu2656\/2025\/10\/WhatsApp-Image-2025-10-02-at-11.19.44.jpeg 1874w, https:\/\/agora.xtec.cat\/escolapaudelclos\/wp-content\/uploads\/usu2656\/2025\/10\/WhatsApp-Image-2025-10-02-at-11.19.44-300x200.jpeg 300w, https:\/\/agora.xtec.cat\/escolapaudelclos\/wp-content\/uploads\/usu2656\/2025\/10\/WhatsApp-Image-2025-10-02-at-11.19.44-1024x684.jpeg 1024w, https:\/\/agora.xtec.cat\/escolapaudelclos\/wp-content\/uploads\/usu2656\/2025\/10\/WhatsApp-Image-2025-10-02-at-11.19.44-768x513.jpeg 768w, https:\/\/agora.xtec.cat\/escolapaudelclos\/wp-content\/uploads\/usu2656\/2025\/10\/WhatsApp-Image-2025-10-02-at-11.19.44-1536x1025.jpeg 1536w\" sizes=\"auto, (max-width: 529px) 100vw, 529px\" \/><\/a><\/p>\n","protected":false},"excerpt":{"rendered":"<p>Aquest primer trimestre, l\u2019alumnat de tercer ha treballat un projecte molt especial dedicat als nanos de Tarragona. Hem buscat informaci\u00f3 sobre la seva hist\u00f2ria, tant dels nanos vells com dels nanos nous, i hem fet lectures, comprensions i un dossier ben complet. A m\u00e9s, per grups, hem pintat les seves cares i, amb caixes, hem [&hellip;]<\/p>\n","protected":false},"author":1,"featured_media":3627,"comment_status":"open","ping_status":"open","sticky":false,"template":"","format":"standard","meta":{"_bbp_topic_count":0,"_bbp_reply_count":0,"_bbp_total_topic_count":0,"_bbp_total_reply_count":0,"_bbp_voice_count":0,"_bbp_anonymous_reply_count":0,"_bbp_topic_count_hidden":0,"_bbp_reply_count_hidden":0,"_bbp_forum_subforum_count":0,"site-sidebar-layout":"default","site-content-layout":"","ast-site-content-layout":"","site-content-style":"default","site-sidebar-style":"default","ast-global-header-display":"","ast-banner-title-visibility":"","ast-main-header-display":"","ast-hfb-above-header-display":"","ast-hfb-below-header-display":"","ast-hfb-mobile-header-display":"","site-post-title":"","ast-breadcrumbs-content":"","ast-featured-img":"","footer-sml-layout":"","theme-transparent-header-meta":"","adv-header-id-meta":"","stick-header-meta":"","header-above-stick-meta":"","header-main-stick-meta":"","header-below-stick-meta":"","astra-migrate-meta-layouts":"default","ast-page-background-enabled":"default","ast-page-background-meta":{"desktop":{"background-color":"var(--ast-global-color-4)","background-image":"","background-repeat":"repeat","background-position":"center center","background-size":"auto","background-attachment":"scroll","background-type":"","background-media":"","overlay-type":"","overlay-color":"","overlay-opacity":"","overlay-gradient":""},"tablet":{"background-color":"","background-image":"","background-repeat":"repeat","background-position":"center center","background-size":"auto","background-attachment":"scroll","background-type":"","background-media":"","overlay-type":"","overlay-color":"","overlay-opacity":"","overlay-gradient":""},"mobile":{"background-color":"","background-image":"","background-repeat":"repeat","background-position":"center center","background-size":"auto","background-attachment":"scroll","background-type":"","background-media":"","overlay-type":"","overlay-color":"","overlay-opacity":"","overlay-gradient":""}},"ast-content-background-meta":{"desktop":{"background-color":"var(--ast-global-color-5)","background-image":"","background-repeat":"repeat","background-position":"center center","background-size":"auto","background-attachment":"scroll","background-type":"","background-media":"","overlay-type":"","overlay-color":"","overlay-opacity":"","overlay-gradient":""},"tablet":{"background-color":"var(--ast-global-color-5)","background-image":"","background-repeat":"repeat","background-position":"center center","background-size":"auto","background-attachment":"scroll","background-type":"","background-media":"","overlay-type":"","overlay-color":"","overlay-opacity":"","overlay-gradient":""},"mobile":{"background-color":"var(--ast-global-color-5)","background-image":"","background-repeat":"repeat","background-position":"center center","background-size":"auto","background-attachment":"scroll","background-type":"","background-media":"","overlay-type":"","overlay-color":"","overlay-opacity":"","overlay-gradient":""}},"footnotes":""},"categories":[5,12,1,4],"tags":[266,239,522,62,205,67,424],"class_list":["post-3626","post","type-post","status-publish","format-standard","has-post-thumbnail","hentry","category-primaria","category-3r","category-general","category-portada","tag-3r","tag-cultura","tag-curs-25-26","tag-escola-pau-delclos","tag-santa-tecla","tag-tarragona","tag-tradicio"],"post_mailing_queue_ids":[],"_links":{"self":[{"href":"https:\/\/agora.xtec.cat\/escolapaudelclos\/wp-json\/wp\/v2\/posts\/3626","targetHints":{"allow":["GET"]}}],"collection":[{"href":"https:\/\/agora.xtec.cat\/escolapaudelclos\/wp-json\/wp\/v2\/posts"}],"about":[{"href":"https:\/\/agora.xtec.cat\/escolapaudelclos\/wp-json\/wp\/v2\/types\/post"}],"author":[{"embeddable":true,"href":"https:\/\/agora.xtec.cat\/escolapaudelclos\/wp-json\/wp\/v2\/users\/1"}],"replies":[{"embeddable":true,"href":"https:\/\/agora.xtec.cat\/escolapaudelclos\/wp-json\/wp\/v2\/comments?post=3626"}],"version-history":[{"count":3,"href":"https:\/\/agora.xtec.cat\/escolapaudelclos\/wp-json\/wp\/v2\/posts\/3626\/revisions"}],"predecessor-version":[{"id":3630,"href":"https:\/\/agora.xtec.cat\/escolapaudelclos\/wp-json\/wp\/v2\/posts\/3626\/revisions\/3630"}],"wp:featuredmedia":[{"embeddable":true,"href":"https:\/\/agora.xtec.cat\/escolapaudelclos\/wp-json\/wp\/v2\/media\/3627"}],"wp:attachment":[{"href":"https:\/\/agora.xtec.cat\/escolapaudelclos\/wp-json\/wp\/v2\/media?parent=3626"}],"wp:term":[{"taxonomy":"category","embeddable":true,"href":"https:\/\/agora.xtec.cat\/escolapaudelclos\/wp-json\/wp\/v2\/categories?post=3626"},{"taxonomy":"post_tag","embeddable":true,"href":"https:\/\/agora.xtec.cat\/escolapaudelclos\/wp-json\/wp\/v2\/tags?post=3626"}],"curies":[{"name":"wp","href":"https:\/\/api.w.org\/{rel}","templated":true}]}}