{"id":3569,"date":"2025-09-24T14:02:37","date_gmt":"2025-09-24T12:02:37","guid":{"rendered":"https:\/\/agora.xtec.cat\/escolapaudelclos\/?p=3569"},"modified":"2025-10-20T15:11:03","modified_gmt":"2025-10-20T13:11:03","slug":"6e-projecte-santa-tecla","status":"publish","type":"post","link":"https:\/\/agora.xtec.cat\/escolapaudelclos\/general\/6e-projecte-santa-tecla\/","title":{"rendered":"6\u00e8 &#8211; Projecte Santa Tecla &#8211; El Drac"},"content":{"rendered":"<p>Aquests dies, en motiu de les festes de Santa Tecla, els nens i les nenes de 6\u00e8 han estat treballant el projecte del primer trimestre de l\u2019escola, centrant-se en les b\u00e8sties de foc. L\u2019alumnat de sis\u00e8 A ha apr\u00e8s moltes coses sobre <strong>el Drac<\/strong>, mentre que els infants de sis\u00e8 B han estat coneixedors de les peculiaritats de la V\u00edbria. Tots ells han elaborat presentacions que han exposat a la resta de la casse, convertint-se en experts sobre aquests elements de la festa. Visca Santa Tecla!<\/p>\n<table style=\"border-collapse: collapse; width: 100%;\">\n<tbody>\n<tr>\n<td style=\"width: 50%; border-style: hidden; text-align: center;\"><a href=\"https:\/\/agora.xtec.cat\/escolapaudelclos\/wp-content\/uploads\/usu2656\/2025\/09\/d7f28104-bdc0-40b5-a7f3-33f25ef71044.jpeg\"><img loading=\"lazy\" decoding=\"async\" class=\"alignnone wp-image-3570\" src=\"https:\/\/agora.xtec.cat\/escolapaudelclos\/wp-content\/uploads\/usu2656\/2025\/09\/d7f28104-bdc0-40b5-a7f3-33f25ef71044.jpeg\" alt=\"\" width=\"451\" height=\"802\" srcset=\"https:\/\/agora.xtec.cat\/escolapaudelclos\/wp-content\/uploads\/usu2656\/2025\/09\/d7f28104-bdc0-40b5-a7f3-33f25ef71044.jpeg 1080w, https:\/\/agora.xtec.cat\/escolapaudelclos\/wp-content\/uploads\/usu2656\/2025\/09\/d7f28104-bdc0-40b5-a7f3-33f25ef71044-169x300.jpeg 169w, https:\/\/agora.xtec.cat\/escolapaudelclos\/wp-content\/uploads\/usu2656\/2025\/09\/d7f28104-bdc0-40b5-a7f3-33f25ef71044-576x1024.jpeg 576w, https:\/\/agora.xtec.cat\/escolapaudelclos\/wp-content\/uploads\/usu2656\/2025\/09\/d7f28104-bdc0-40b5-a7f3-33f25ef71044-768x1365.jpeg 768w, https:\/\/agora.xtec.cat\/escolapaudelclos\/wp-content\/uploads\/usu2656\/2025\/09\/d7f28104-bdc0-40b5-a7f3-33f25ef71044-864x1536.jpeg 864w\" sizes=\"auto, (max-width: 451px) 100vw, 451px\" \/><\/a><\/td>\n<td style=\"width: 50%; border-style: hidden; text-align: center;\"><a href=\"https:\/\/agora.xtec.cat\/escolapaudelclos\/wp-content\/uploads\/usu2656\/2025\/09\/c8e87e72-0851-4911-9bf9-cbaab436b689.jpeg\"><img loading=\"lazy\" decoding=\"async\" class=\"alignnone wp-image-3571\" src=\"https:\/\/agora.xtec.cat\/escolapaudelclos\/wp-content\/uploads\/usu2656\/2025\/09\/c8e87e72-0851-4911-9bf9-cbaab436b689.jpeg\" alt=\"\" width=\"451\" height=\"801\" srcset=\"https:\/\/agora.xtec.cat\/escolapaudelclos\/wp-content\/uploads\/usu2656\/2025\/09\/c8e87e72-0851-4911-9bf9-cbaab436b689.jpeg 1080w, https:\/\/agora.xtec.cat\/escolapaudelclos\/wp-content\/uploads\/usu2656\/2025\/09\/c8e87e72-0851-4911-9bf9-cbaab436b689-169x300.jpeg 169w, https:\/\/agora.xtec.cat\/escolapaudelclos\/wp-content\/uploads\/usu2656\/2025\/09\/c8e87e72-0851-4911-9bf9-cbaab436b689-576x1024.jpeg 576w, https:\/\/agora.xtec.cat\/escolapaudelclos\/wp-content\/uploads\/usu2656\/2025\/09\/c8e87e72-0851-4911-9bf9-cbaab436b689-768x1365.jpeg 768w, https:\/\/agora.xtec.cat\/escolapaudelclos\/wp-content\/uploads\/usu2656\/2025\/09\/c8e87e72-0851-4911-9bf9-cbaab436b689-864x1536.jpeg 864w\" sizes=\"auto, (max-width: 451px) 100vw, 451px\" \/><\/a><\/td>\n<\/tr>\n<\/tbody>\n<\/table>\n","protected":false},"excerpt":{"rendered":"<p>Aquests dies, en motiu de les festes de Santa Tecla, els nens i les nenes de 6\u00e8 han estat treballant el projecte del primer trimestre de l\u2019escola, centrant-se en les b\u00e8sties de foc. L\u2019alumnat de sis\u00e8 A ha apr\u00e8s moltes coses sobre el Drac, mentre que els infants de sis\u00e8 B han estat coneixedors de [&hellip;]<\/p>\n","protected":false},"author":1,"featured_media":3570,"comment_status":"open","ping_status":"open","sticky":false,"template":"","format":"standard","meta":{"_bbp_topic_count":0,"_bbp_reply_count":0,"_bbp_total_topic_count":0,"_bbp_total_reply_count":0,"_bbp_voice_count":0,"_bbp_anonymous_reply_count":0,"_bbp_topic_count_hidden":0,"_bbp_reply_count_hidden":0,"_bbp_forum_subforum_count":0,"site-sidebar-layout":"default","site-content-layout":"","ast-site-content-layout":"","site-content-style":"default","site-sidebar-style":"default","ast-global-header-display":"","ast-banner-title-visibility":"","ast-main-header-display":"","ast-hfb-above-header-display":"","ast-hfb-below-header-display":"","ast-hfb-mobile-header-display":"","site-post-title":"","ast-breadcrumbs-content":"","ast-featured-img":"","footer-sml-layout":"","theme-transparent-header-meta":"","adv-header-id-meta":"","stick-header-meta":"","header-above-stick-meta":"","header-main-stick-meta":"","header-below-stick-meta":"","astra-migrate-meta-layouts":"default","ast-page-background-enabled":"default","ast-page-background-meta":{"desktop":{"background-color":"var(--ast-global-color-4)","background-image":"","background-repeat":"repeat","background-position":"center center","background-size":"auto","background-attachment":"scroll","background-type":"","background-media":"","overlay-type":"","overlay-color":"","overlay-opacity":"","overlay-gradient":""},"tablet":{"background-color":"","background-image":"","background-repeat":"repeat","background-position":"center center","background-size":"auto","background-attachment":"scroll","background-type":"","background-media":"","overlay-type":"","overlay-color":"","overlay-opacity":"","overlay-gradient":""},"mobile":{"background-color":"","background-image":"","background-repeat":"repeat","background-position":"center center","background-size":"auto","background-attachment":"scroll","background-type":"","background-media":"","overlay-type":"","overlay-color":"","overlay-opacity":"","overlay-gradient":""}},"ast-content-background-meta":{"desktop":{"background-color":"var(--ast-global-color-5)","background-image":"","background-repeat":"repeat","background-position":"center center","background-size":"auto","background-attachment":"scroll","background-type":"","background-media":"","overlay-type":"","overlay-color":"","overlay-opacity":"","overlay-gradient":""},"tablet":{"background-color":"var(--ast-global-color-5)","background-image":"","background-repeat":"repeat","background-position":"center center","background-size":"auto","background-attachment":"scroll","background-type":"","background-media":"","overlay-type":"","overlay-color":"","overlay-opacity":"","overlay-gradient":""},"mobile":{"background-color":"var(--ast-global-color-5)","background-image":"","background-repeat":"repeat","background-position":"center center","background-size":"auto","background-attachment":"scroll","background-type":"","background-media":"","overlay-type":"","overlay-color":"","overlay-opacity":"","overlay-gradient":""}},"footnotes":""},"categories":[15,1,4],"tags":[321,527,239,522,62,205,67,424],"class_list":["post-3569","post","type-post","status-publish","format-standard","has-post-thumbnail","hentry","category-6e","category-general","category-portada","tag-6e","tag-besties-de-foc","tag-cultura","tag-curs-25-26","tag-escola-pau-delclos","tag-santa-tecla","tag-tarragona","tag-tradicio"],"post_mailing_queue_ids":[],"_links":{"self":[{"href":"https:\/\/agora.xtec.cat\/escolapaudelclos\/wp-json\/wp\/v2\/posts\/3569","targetHints":{"allow":["GET"]}}],"collection":[{"href":"https:\/\/agora.xtec.cat\/escolapaudelclos\/wp-json\/wp\/v2\/posts"}],"about":[{"href":"https:\/\/agora.xtec.cat\/escolapaudelclos\/wp-json\/wp\/v2\/types\/post"}],"author":[{"embeddable":true,"href":"https:\/\/agora.xtec.cat\/escolapaudelclos\/wp-json\/wp\/v2\/users\/1"}],"replies":[{"embeddable":true,"href":"https:\/\/agora.xtec.cat\/escolapaudelclos\/wp-json\/wp\/v2\/comments?post=3569"}],"version-history":[{"count":3,"href":"https:\/\/agora.xtec.cat\/escolapaudelclos\/wp-json\/wp\/v2\/posts\/3569\/revisions"}],"predecessor-version":[{"id":3606,"href":"https:\/\/agora.xtec.cat\/escolapaudelclos\/wp-json\/wp\/v2\/posts\/3569\/revisions\/3606"}],"wp:featuredmedia":[{"embeddable":true,"href":"https:\/\/agora.xtec.cat\/escolapaudelclos\/wp-json\/wp\/v2\/media\/3570"}],"wp:attachment":[{"href":"https:\/\/agora.xtec.cat\/escolapaudelclos\/wp-json\/wp\/v2\/media?parent=3569"}],"wp:term":[{"taxonomy":"category","embeddable":true,"href":"https:\/\/agora.xtec.cat\/escolapaudelclos\/wp-json\/wp\/v2\/categories?post=3569"},{"taxonomy":"post_tag","embeddable":true,"href":"https:\/\/agora.xtec.cat\/escolapaudelclos\/wp-json\/wp\/v2\/tags?post=3569"}],"curies":[{"name":"wp","href":"https:\/\/api.w.org\/{rel}","templated":true}]}}