{"id":3556,"date":"2025-09-17T13:57:35","date_gmt":"2025-09-17T11:57:35","guid":{"rendered":"https:\/\/agora.xtec.cat\/escolapaudelclos\/?p=3556"},"modified":"2025-10-20T15:11:12","modified_gmt":"2025-10-20T13:11:12","slug":"santa-tecla-a-les-escoles-ball-de-bastons","status":"publish","type":"post","link":"https:\/\/agora.xtec.cat\/escolapaudelclos\/general\/santa-tecla-a-les-escoles-ball-de-bastons\/","title":{"rendered":"Santa Tecla a les escoles: Ball de bastons"},"content":{"rendered":"<p>Avui, dimecres 17 de setembre, hem rebut la visita de l\u2019<strong>Esbart Santa Tecla<\/strong>, que ha ofert a l&#8217;alumnat de tot el centre una demostraci\u00f3 i classe pr\u00e0ctica del <strong>Ball de Bastons<\/strong>.<\/p>\n<p>Els infants han apr\u00e8s els passos i han descobert el significat d\u2019aquesta dansa tradicional catalana en una activitat enriquidora i molt participativa.<\/p>\n<p>Moltes gr\u00e0cies per venir a la nostra escola!<\/p>\n<table style=\"border-collapse: collapse; width: 100%;\">\n<tbody>\n<tr>\n<td style=\"width: 50%; border-style: hidden;\"><a href=\"https:\/\/agora.xtec.cat\/escolapaudelclos\/wp-content\/uploads\/usu2656\/2025\/09\/IMG_20250917_102851.jpg\"><img loading=\"lazy\" decoding=\"async\" class=\"alignnone size-full wp-image-3564\" src=\"https:\/\/agora.xtec.cat\/escolapaudelclos\/wp-content\/uploads\/usu2656\/2025\/09\/IMG_20250917_102851.jpg\" alt=\"\" width=\"2448\" height=\"1843\" srcset=\"https:\/\/agora.xtec.cat\/escolapaudelclos\/wp-content\/uploads\/usu2656\/2025\/09\/IMG_20250917_102851.jpg 2448w, https:\/\/agora.xtec.cat\/escolapaudelclos\/wp-content\/uploads\/usu2656\/2025\/09\/IMG_20250917_102851-300x226.jpg 300w, https:\/\/agora.xtec.cat\/escolapaudelclos\/wp-content\/uploads\/usu2656\/2025\/09\/IMG_20250917_102851-1024x771.jpg 1024w, https:\/\/agora.xtec.cat\/escolapaudelclos\/wp-content\/uploads\/usu2656\/2025\/09\/IMG_20250917_102851-768x578.jpg 768w, https:\/\/agora.xtec.cat\/escolapaudelclos\/wp-content\/uploads\/usu2656\/2025\/09\/IMG_20250917_102851-1536x1156.jpg 1536w, https:\/\/agora.xtec.cat\/escolapaudelclos\/wp-content\/uploads\/usu2656\/2025\/09\/IMG_20250917_102851-2048x1542.jpg 2048w, https:\/\/agora.xtec.cat\/escolapaudelclos\/wp-content\/uploads\/usu2656\/2025\/09\/IMG_20250917_102851-200x150.jpg 200w\" sizes=\"auto, (max-width: 2448px) 100vw, 2448px\" \/><\/a><\/td>\n<td style=\"width: 50%; border-style: hidden;\"><a href=\"https:\/\/agora.xtec.cat\/escolapaudelclos\/wp-content\/uploads\/usu2656\/2025\/09\/IMG_20250927_092237.jpg\"><img loading=\"lazy\" decoding=\"async\" class=\"alignnone size-full wp-image-3588\" src=\"https:\/\/agora.xtec.cat\/escolapaudelclos\/wp-content\/uploads\/usu2656\/2025\/09\/IMG_20250927_092237.jpg\" alt=\"\" width=\"2104\" height=\"1798\" srcset=\"https:\/\/agora.xtec.cat\/escolapaudelclos\/wp-content\/uploads\/usu2656\/2025\/09\/IMG_20250927_092237.jpg 2104w, https:\/\/agora.xtec.cat\/escolapaudelclos\/wp-content\/uploads\/usu2656\/2025\/09\/IMG_20250927_092237-300x256.jpg 300w, https:\/\/agora.xtec.cat\/escolapaudelclos\/wp-content\/uploads\/usu2656\/2025\/09\/IMG_20250927_092237-1024x875.jpg 1024w, https:\/\/agora.xtec.cat\/escolapaudelclos\/wp-content\/uploads\/usu2656\/2025\/09\/IMG_20250927_092237-768x656.jpg 768w, https:\/\/agora.xtec.cat\/escolapaudelclos\/wp-content\/uploads\/usu2656\/2025\/09\/IMG_20250927_092237-1536x1313.jpg 1536w, https:\/\/agora.xtec.cat\/escolapaudelclos\/wp-content\/uploads\/usu2656\/2025\/09\/IMG_20250927_092237-2048x1750.jpg 2048w\" sizes=\"auto, (max-width: 2104px) 100vw, 2104px\" \/><\/a><\/td>\n<\/tr>\n<\/tbody>\n<\/table>\n<p>&nbsp;<\/p>\n","protected":false},"excerpt":{"rendered":"<p>Avui, dimecres 17 de setembre, hem rebut la visita de l\u2019Esbart Santa Tecla, que ha ofert a l&#8217;alumnat de tot el centre una demostraci\u00f3 i classe pr\u00e0ctica del Ball de Bastons. Els infants han apr\u00e8s els passos i han descobert el significat d\u2019aquesta dansa tradicional catalana en una activitat enriquidora i molt participativa. Moltes gr\u00e0cies [&hellip;]<\/p>\n","protected":false},"author":1,"featured_media":3564,"comment_status":"open","ping_status":"open","sticky":false,"template":"","format":"standard","meta":{"_bbp_topic_count":0,"_bbp_reply_count":0,"_bbp_total_topic_count":0,"_bbp_total_reply_count":0,"_bbp_voice_count":0,"_bbp_anonymous_reply_count":0,"_bbp_topic_count_hidden":0,"_bbp_reply_count_hidden":0,"_bbp_forum_subforum_count":0,"site-sidebar-layout":"default","site-content-layout":"","ast-site-content-layout":"","site-content-style":"default","site-sidebar-style":"default","ast-global-header-display":"","ast-banner-title-visibility":"","ast-main-header-display":"","ast-hfb-above-header-display":"","ast-hfb-below-header-display":"","ast-hfb-mobile-header-display":"","site-post-title":"","ast-breadcrumbs-content":"","ast-featured-img":"","footer-sml-layout":"","theme-transparent-header-meta":"","adv-header-id-meta":"","stick-header-meta":"","header-above-stick-meta":"","header-main-stick-meta":"","header-below-stick-meta":"","astra-migrate-meta-layouts":"default","ast-page-background-enabled":"default","ast-page-background-meta":{"desktop":{"background-color":"var(--ast-global-color-4)","background-image":"","background-repeat":"repeat","background-position":"center center","background-size":"auto","background-attachment":"scroll","background-type":"","background-media":"","overlay-type":"","overlay-color":"","overlay-opacity":"","overlay-gradient":""},"tablet":{"background-color":"","background-image":"","background-repeat":"repeat","background-position":"center center","background-size":"auto","background-attachment":"scroll","background-type":"","background-media":"","overlay-type":"","overlay-color":"","overlay-opacity":"","overlay-gradient":""},"mobile":{"background-color":"","background-image":"","background-repeat":"repeat","background-position":"center center","background-size":"auto","background-attachment":"scroll","background-type":"","background-media":"","overlay-type":"","overlay-color":"","overlay-opacity":"","overlay-gradient":""}},"ast-content-background-meta":{"desktop":{"background-color":"var(--ast-global-color-5)","background-image":"","background-repeat":"repeat","background-position":"center center","background-size":"auto","background-attachment":"scroll","background-type":"","background-media":"","overlay-type":"","overlay-color":"","overlay-opacity":"","overlay-gradient":""},"tablet":{"background-color":"var(--ast-global-color-5)","background-image":"","background-repeat":"repeat","background-position":"center center","background-size":"auto","background-attachment":"scroll","background-type":"","background-media":"","overlay-type":"","overlay-color":"","overlay-opacity":"","overlay-gradient":""},"mobile":{"background-color":"var(--ast-global-color-5)","background-image":"","background-repeat":"repeat","background-position":"center center","background-size":"auto","background-attachment":"scroll","background-type":"","background-media":"","overlay-type":"","overlay-color":"","overlay-opacity":"","overlay-gradient":""}},"footnotes":""},"categories":[2,5,1,4],"tags":[523,452,239,522,525,524,62,526,81,205,424],"class_list":["post-3556","post","type-post","status-publish","format-standard","has-post-thumbnail","hentry","category-infantil","category-primaria","category-general","category-portada","tag-ball-de-bastons","tag-compartir","tag-cultura","tag-curs-25-26","tag-dansa-tradicional-catalana","tag-esbart-de-santa-tecla","tag-escola-pau-delclos","tag-gaudir","tag-musica","tag-santa-tecla","tag-tradicio"],"post_mailing_queue_ids":[],"_links":{"self":[{"href":"https:\/\/agora.xtec.cat\/escolapaudelclos\/wp-json\/wp\/v2\/posts\/3556","targetHints":{"allow":["GET"]}}],"collection":[{"href":"https:\/\/agora.xtec.cat\/escolapaudelclos\/wp-json\/wp\/v2\/posts"}],"about":[{"href":"https:\/\/agora.xtec.cat\/escolapaudelclos\/wp-json\/wp\/v2\/types\/post"}],"author":[{"embeddable":true,"href":"https:\/\/agora.xtec.cat\/escolapaudelclos\/wp-json\/wp\/v2\/users\/1"}],"replies":[{"embeddable":true,"href":"https:\/\/agora.xtec.cat\/escolapaudelclos\/wp-json\/wp\/v2\/comments?post=3556"}],"version-history":[{"count":6,"href":"https:\/\/agora.xtec.cat\/escolapaudelclos\/wp-json\/wp\/v2\/posts\/3556\/revisions"}],"predecessor-version":[{"id":3565,"href":"https:\/\/agora.xtec.cat\/escolapaudelclos\/wp-json\/wp\/v2\/posts\/3556\/revisions\/3565"}],"wp:featuredmedia":[{"embeddable":true,"href":"https:\/\/agora.xtec.cat\/escolapaudelclos\/wp-json\/wp\/v2\/media\/3564"}],"wp:attachment":[{"href":"https:\/\/agora.xtec.cat\/escolapaudelclos\/wp-json\/wp\/v2\/media?parent=3556"}],"wp:term":[{"taxonomy":"category","embeddable":true,"href":"https:\/\/agora.xtec.cat\/escolapaudelclos\/wp-json\/wp\/v2\/categories?post=3556"},{"taxonomy":"post_tag","embeddable":true,"href":"https:\/\/agora.xtec.cat\/escolapaudelclos\/wp-json\/wp\/v2\/tags?post=3556"}],"curies":[{"name":"wp","href":"https:\/\/api.w.org\/{rel}","templated":true}]}}