{"id":3476,"date":"2025-06-19T12:03:35","date_gmt":"2025-06-19T10:03:35","guid":{"rendered":"https:\/\/agora.xtec.cat\/escolapaudelclos\/?p=3476"},"modified":"2025-06-19T12:13:03","modified_gmt":"2025-06-19T10:13:03","slug":"graduacio-de-6e","status":"publish","type":"post","link":"https:\/\/agora.xtec.cat\/escolapaudelclos\/general\/graduacio-de-6e\/","title":{"rendered":"Graduaci\u00f3 de 6\u00e8"},"content":{"rendered":"<p data-start=\"171\" data-end=\"388\">Ahir a la tarda vam viure un moment molt especial a l\u2019escola: la <strong>graduaci\u00f3 de l\u2019alumnat de 6\u00e8<\/strong>. Una celebraci\u00f3 que va ser molt m\u00e9s que un acte formal, va ser una trobada plena d\u2019emocions, complicitats i mirades enrere.<\/p>\n<p data-start=\"390\" data-end=\"643\">L\u2019acte va estar condu\u00eft amb molta gr\u00e0cia i tendresa per tres presentadores molt especials: exalumnes de l\u2019escola i germanes d\u2019alumnes que es graduaven. Elles ens van guiar per les diferents parts de l\u2019acte, ajudant-nos a recordar tot el cam\u00ed recorregut.\u00a0La directora va donar el tret de sortida amb unes <strong>paraules de comiat i agra\u00efment<\/strong>, seguides d\u2019una actuaci\u00f3 musical de l\u2019alumnat de 6\u00e8, que ens va fer vibrar amb tres peces amb <strong>guitarra<\/strong>, dirigides pel Miquel.<\/p>\n<p data-start=\"390\" data-end=\"643\">Un dels moments m\u00e9s emotius va arribar amb el <strong>v\u00eddeo sorpresa<\/strong>: un recull d\u2019imatges del pas per l\u2019escola dels nens i nenes de 6\u00e8, des que eren petits fins avui, acompanyat de les paraules sentides dels seus tutors, la Ceci i en Joseba. Costava no emocionar-se&#8230; Tamb\u00e9 vam gaudir d\u2019una <strong>actuaci\u00f3 musical<\/strong> plena d\u2019energia, amb can\u00e7ons, coreografies i percussi\u00f3 corporal, dirigida per la Crisol, on tot l&#8217;alumnat va brillar.<\/p>\n<p data-start=\"390\" data-end=\"643\">Per tancar, vam fer l&#8217;entrega al <strong>millor expedient<\/strong> i <strong>l&#8217;entrega de<\/strong><strong>\u00a0les orles<\/strong>, amb <strong>aplaudiments<\/strong>, <strong>birrets<\/strong> i <strong>fotos de record<\/strong>. I com no podia ser d\u2019una altra manera, vam acabar amb una <strong>gran foto de grup<\/strong> amb tot l\u2019alumnat i el professorat.<\/p>\n<p data-start=\"1515\" data-end=\"1772\">Ara comen\u00e7a <strong>una nova etapa: l\u2019institut.<\/strong> Estem segures i segurs que hi arribareu ben preparats i preparades, amb totes les eines que us hem ajudat a construir durant aquests anys. Perqu\u00e8 m\u00e9s enll\u00e0 de la sort, sabem que el cam\u00ed es fa amb treball, esfor\u00e7 i tot all\u00f2 que porteu dins.<\/p>\n<p data-start=\"1774\" data-end=\"1809\"><strong>Felicitats, 6\u00e8! Seguim caminant. \ud83d\udc63<\/strong><\/p>\n<p style=\"text-align: center;\"><em>(Podeu trobar totes les fotos a l&#8217;<a href=\"https:\/\/agora.xtec.cat\/escolapaudelclos\/fotos-de-lescola\/\" target=\"_blank\" rel=\"noopener\">espai fotos<\/a> d&#8217;aquest mateix web)<\/em><a href=\"https:\/\/agora.xtec.cat\/escolapaudelclos\/wp-content\/uploads\/usu2656\/2025\/06\/WhatsApp-Image-2025-06-19-at-11.57.34-1.jpg\"><br \/>\n<\/a><a href=\"https:\/\/agora.xtec.cat\/escolapaudelclos\/wp-content\/uploads\/usu2656\/2025\/06\/WhatsApp-Image-2025-06-19-at-11.57.38-scaled.jpeg\"><img loading=\"lazy\" decoding=\"async\" class=\"alignnone wp-image-3487\" src=\"https:\/\/agora.xtec.cat\/escolapaudelclos\/wp-content\/uploads\/usu2656\/2025\/06\/WhatsApp-Image-2025-06-19-at-11.57.38-scaled.jpeg\" alt=\"\" width=\"376\" height=\"501\" srcset=\"https:\/\/agora.xtec.cat\/escolapaudelclos\/wp-content\/uploads\/usu2656\/2025\/06\/WhatsApp-Image-2025-06-19-at-11.57.38-scaled.jpeg 1922w, https:\/\/agora.xtec.cat\/escolapaudelclos\/wp-content\/uploads\/usu2656\/2025\/06\/WhatsApp-Image-2025-06-19-at-11.57.38-225x300.jpeg 225w, https:\/\/agora.xtec.cat\/escolapaudelclos\/wp-content\/uploads\/usu2656\/2025\/06\/WhatsApp-Image-2025-06-19-at-11.57.38-769x1024.jpeg 769w, https:\/\/agora.xtec.cat\/escolapaudelclos\/wp-content\/uploads\/usu2656\/2025\/06\/WhatsApp-Image-2025-06-19-at-11.57.38-768x1023.jpeg 768w, https:\/\/agora.xtec.cat\/escolapaudelclos\/wp-content\/uploads\/usu2656\/2025\/06\/WhatsApp-Image-2025-06-19-at-11.57.38-1153x1536.jpeg 1153w, https:\/\/agora.xtec.cat\/escolapaudelclos\/wp-content\/uploads\/usu2656\/2025\/06\/WhatsApp-Image-2025-06-19-at-11.57.38-1538x2048.jpeg 1538w\" sizes=\"auto, (max-width: 376px) 100vw, 376px\" \/><\/a><\/p>\n","protected":false},"excerpt":{"rendered":"<p>Ahir a la tarda vam viure un moment molt especial a l\u2019escola: la graduaci\u00f3 de l\u2019alumnat de 6\u00e8. Una celebraci\u00f3 que va ser molt m\u00e9s que un acte formal, va ser una trobada plena d\u2019emocions, complicitats i mirades enrere. L\u2019acte va estar condu\u00eft amb molta gr\u00e0cia i tendresa per tres presentadores molt especials: exalumnes de [&hellip;]<\/p>\n","protected":false},"author":1,"featured_media":3487,"comment_status":"open","ping_status":"open","sticky":false,"template":"","format":"standard","meta":{"_bbp_topic_count":0,"_bbp_reply_count":0,"_bbp_total_topic_count":0,"_bbp_total_reply_count":0,"_bbp_voice_count":0,"_bbp_anonymous_reply_count":0,"_bbp_topic_count_hidden":0,"_bbp_reply_count_hidden":0,"_bbp_forum_subforum_count":0,"site-sidebar-layout":"default","site-content-layout":"","ast-site-content-layout":"","site-content-style":"default","site-sidebar-style":"default","ast-global-header-display":"","ast-banner-title-visibility":"","ast-main-header-display":"","ast-hfb-above-header-display":"","ast-hfb-below-header-display":"","ast-hfb-mobile-header-display":"","site-post-title":"","ast-breadcrumbs-content":"","ast-featured-img":"","footer-sml-layout":"","theme-transparent-header-meta":"","adv-header-id-meta":"","stick-header-meta":"","header-above-stick-meta":"","header-main-stick-meta":"","header-below-stick-meta":"","astra-migrate-meta-layouts":"default","ast-page-background-enabled":"default","ast-page-background-meta":{"desktop":{"background-color":"var(--ast-global-color-4)","background-image":"","background-repeat":"repeat","background-position":"center center","background-size":"auto","background-attachment":"scroll","background-type":"","background-media":"","overlay-type":"","overlay-color":"","overlay-opacity":"","overlay-gradient":""},"tablet":{"background-color":"","background-image":"","background-repeat":"repeat","background-position":"center center","background-size":"auto","background-attachment":"scroll","background-type":"","background-media":"","overlay-type":"","overlay-color":"","overlay-opacity":"","overlay-gradient":""},"mobile":{"background-color":"","background-image":"","background-repeat":"repeat","background-position":"center center","background-size":"auto","background-attachment":"scroll","background-type":"","background-media":"","overlay-type":"","overlay-color":"","overlay-opacity":"","overlay-gradient":""}},"ast-content-background-meta":{"desktop":{"background-color":"var(--ast-global-color-5)","background-image":"","background-repeat":"repeat","background-position":"center center","background-size":"auto","background-attachment":"scroll","background-type":"","background-media":"","overlay-type":"","overlay-color":"","overlay-opacity":"","overlay-gradient":""},"tablet":{"background-color":"var(--ast-global-color-5)","background-image":"","background-repeat":"repeat","background-position":"center center","background-size":"auto","background-attachment":"scroll","background-type":"","background-media":"","overlay-type":"","overlay-color":"","overlay-opacity":"","overlay-gradient":""},"mobile":{"background-color":"var(--ast-global-color-5)","background-image":"","background-repeat":"repeat","background-position":"center center","background-size":"auto","background-attachment":"scroll","background-type":"","background-media":"","overlay-type":"","overlay-color":"","overlay-opacity":"","overlay-gradient":""}},"footnotes":""},"categories":[5,15,1,4],"tags":[321,513,512,514,515,200,62,306,201,322,131,516],"class_list":["post-3476","post","type-post","status-publish","format-standard","has-post-thumbnail","hentry","category-primaria","category-6e","category-general","category-portada","tag-6e","tag-actuacions","tag-agraiment","tag-aplaudiments","tag-birrets","tag-comiat","tag-escola-pau-delclos","tag-fotos","tag-graduacio","tag-guitarres","tag-institut","tag-mirades-enrere"],"post_mailing_queue_ids":[],"_links":{"self":[{"href":"https:\/\/agora.xtec.cat\/escolapaudelclos\/wp-json\/wp\/v2\/posts\/3476","targetHints":{"allow":["GET"]}}],"collection":[{"href":"https:\/\/agora.xtec.cat\/escolapaudelclos\/wp-json\/wp\/v2\/posts"}],"about":[{"href":"https:\/\/agora.xtec.cat\/escolapaudelclos\/wp-json\/wp\/v2\/types\/post"}],"author":[{"embeddable":true,"href":"https:\/\/agora.xtec.cat\/escolapaudelclos\/wp-json\/wp\/v2\/users\/1"}],"replies":[{"embeddable":true,"href":"https:\/\/agora.xtec.cat\/escolapaudelclos\/wp-json\/wp\/v2\/comments?post=3476"}],"version-history":[{"count":6,"href":"https:\/\/agora.xtec.cat\/escolapaudelclos\/wp-json\/wp\/v2\/posts\/3476\/revisions"}],"predecessor-version":[{"id":3489,"href":"https:\/\/agora.xtec.cat\/escolapaudelclos\/wp-json\/wp\/v2\/posts\/3476\/revisions\/3489"}],"wp:featuredmedia":[{"embeddable":true,"href":"https:\/\/agora.xtec.cat\/escolapaudelclos\/wp-json\/wp\/v2\/media\/3487"}],"wp:attachment":[{"href":"https:\/\/agora.xtec.cat\/escolapaudelclos\/wp-json\/wp\/v2\/media?parent=3476"}],"wp:term":[{"taxonomy":"category","embeddable":true,"href":"https:\/\/agora.xtec.cat\/escolapaudelclos\/wp-json\/wp\/v2\/categories?post=3476"},{"taxonomy":"post_tag","embeddable":true,"href":"https:\/\/agora.xtec.cat\/escolapaudelclos\/wp-json\/wp\/v2\/tags?post=3476"}],"curies":[{"name":"wp","href":"https:\/\/api.w.org\/{rel}","templated":true}]}}