{"id":3465,"date":"2025-06-17T13:43:01","date_gmt":"2025-06-17T11:43:01","guid":{"rendered":"https:\/\/agora.xtec.cat\/escolapaudelclos\/?p=3465"},"modified":"2025-06-17T13:56:29","modified_gmt":"2025-06-17T11:56:29","slug":"3r-podcast-sobre-la-marta-matheu","status":"publish","type":"post","link":"https:\/\/agora.xtec.cat\/escolapaudelclos\/general\/3r-podcast-sobre-la-marta-matheu\/","title":{"rendered":"3r &#8211; P\u00f2dcast sobre la Marta Math\u00e9u"},"content":{"rendered":"<p data-start=\"240\" data-end=\"530\">Aquest curs, a 3r A i 3r B, hem viscut una experi\u00e8ncia molt especial que volem compartir amb vosaltres. Dins del projecte que vam iniciar al voltant del <em data-start=\"393\" data-end=\"409\">Dia de la Dona<\/em>, hem estat treballant la figura de la <em data-start=\"448\" data-end=\"462\">Marta Math\u00e9u<\/em>, una cantant d\u2019\u00f2pera soprano tarragonina reconeguda arreu del pa\u00eds.<\/p>\n<p data-start=\"532\" data-end=\"1019\">Aprofitant la nostra participaci\u00f3 al projecte <strong data-start=\"578\" data-end=\"631\">&#8220;P\u00f2dcast a l\u2019escola: La petita revoluci\u00f3 sonora!&#8221;<\/strong>, ens vam animar a crear dos p\u00f2dcasts \u2014un per cada grup\u2014 on expliquem qui \u00e9s la Marta, com canta i com \u00e9s la seva feina. Per\u00f2 no nom\u00e9s aix\u00f2&#8230; tamb\u00e9 vam tenir la gran sort de <strong data-start=\"806\" data-end=\"843\">fer-li una entrevista en directe!<\/strong> Ens va explicar moltes coses interessants sobre la seva vida i la seva professi\u00f3, i fins i tot vam tenir l\u2019oportunitat de <strong data-start=\"966\" data-end=\"1019\">sentir-la cantar en directe&#8230; i cantar amb ella!<\/strong><\/p>\n<p data-start=\"1021\" data-end=\"1231\">Ha estat una experi\u00e8ncia \u00fanica, emocionant i molt enriquidora per a tots i totes. Ens ha ajudat a con\u00e8ixer una dona referent de la nostra ciutat i a descobrir el m\u00f3n de l\u2019\u00f2pera d\u2019una manera molt propera i viva.<\/p>\n<p data-start=\"1233\" data-end=\"1419\">Us convidem a escoltar els nostres p\u00f2dcasts i a gaudir, com ho hem fet nosaltres, d\u2019aquesta petita gran aventura sonora.<br data-start=\"1353\" data-end=\"1356\" \/><strong data-start=\"1356\" data-end=\"1419\">Gr\u00e0cies, Marta, per la teva generositat i per inspirar-nos!<\/strong><\/p>\n<table style=\"border-collapse: collapse; width: 100%;\">\n<tbody>\n<tr>\n<td style=\"width: 50%; border-style: hidden; text-align: center;\"><a href=\"https:\/\/drive.google.com\/file\/d\/1QzPkc2tUeHZWi-aAqkcOsM9gD4eGgKkN\/view?usp=sharing\" target=\"_blank\" rel=\"noopener\"><img loading=\"lazy\" decoding=\"async\" class=\"alignnone wp-image-3466\" src=\"https:\/\/agora.xtec.cat\/escolapaudelclos\/wp-content\/uploads\/usu2656\/2025\/06\/3.png\" alt=\"\" width=\"350\" height=\"495\" srcset=\"https:\/\/agora.xtec.cat\/escolapaudelclos\/wp-content\/uploads\/usu2656\/2025\/06\/3.png 1587w, https:\/\/agora.xtec.cat\/escolapaudelclos\/wp-content\/uploads\/usu2656\/2025\/06\/3-212x300.png 212w, https:\/\/agora.xtec.cat\/escolapaudelclos\/wp-content\/uploads\/usu2656\/2025\/06\/3-724x1024.png 724w, https:\/\/agora.xtec.cat\/escolapaudelclos\/wp-content\/uploads\/usu2656\/2025\/06\/3-768x1086.png 768w, https:\/\/agora.xtec.cat\/escolapaudelclos\/wp-content\/uploads\/usu2656\/2025\/06\/3-1086x1536.png 1086w, https:\/\/agora.xtec.cat\/escolapaudelclos\/wp-content\/uploads\/usu2656\/2025\/06\/3-1448x2048.png 1448w\" sizes=\"auto, (max-width: 350px) 100vw, 350px\" \/><\/a><\/td>\n<td style=\"width: 50%; border-style: hidden; text-align: center;\"><a href=\"https:\/\/drive.google.com\/file\/d\/1zJg7vYS9PynMQz5dbHz8PI2jNr_iMVUa\/view?usp=sharing\" target=\"_blank\" rel=\"noopener\"><img loading=\"lazy\" decoding=\"async\" class=\"alignnone wp-image-3467\" src=\"https:\/\/agora.xtec.cat\/escolapaudelclos\/wp-content\/uploads\/usu2656\/2025\/06\/4.png\" alt=\"\" width=\"350\" height=\"495\" srcset=\"https:\/\/agora.xtec.cat\/escolapaudelclos\/wp-content\/uploads\/usu2656\/2025\/06\/4.png 1587w, https:\/\/agora.xtec.cat\/escolapaudelclos\/wp-content\/uploads\/usu2656\/2025\/06\/4-212x300.png 212w, https:\/\/agora.xtec.cat\/escolapaudelclos\/wp-content\/uploads\/usu2656\/2025\/06\/4-724x1024.png 724w, https:\/\/agora.xtec.cat\/escolapaudelclos\/wp-content\/uploads\/usu2656\/2025\/06\/4-768x1086.png 768w, https:\/\/agora.xtec.cat\/escolapaudelclos\/wp-content\/uploads\/usu2656\/2025\/06\/4-1086x1536.png 1086w, https:\/\/agora.xtec.cat\/escolapaudelclos\/wp-content\/uploads\/usu2656\/2025\/06\/4-1448x2048.png 1448w\" sizes=\"auto, (max-width: 350px) 100vw, 350px\" \/><\/a><\/td>\n<\/tr>\n<\/tbody>\n<\/table>\n<p data-start=\"1233\" data-end=\"1419\">\n","protected":false},"excerpt":{"rendered":"<p>Aquest curs, a 3r A i 3r B, hem viscut una experi\u00e8ncia molt especial que volem compartir amb vosaltres. Dins del projecte que vam iniciar al voltant del Dia de la Dona, hem estat treballant la figura de la Marta Math\u00e9u, una cantant d\u2019\u00f2pera soprano tarragonina reconeguda arreu del pa\u00eds. Aprofitant la nostra participaci\u00f3 al [&hellip;]<\/p>\n","protected":false},"author":1,"featured_media":3468,"comment_status":"open","ping_status":"open","sticky":false,"template":"","format":"standard","meta":{"_bbp_topic_count":0,"_bbp_reply_count":0,"_bbp_total_topic_count":0,"_bbp_total_reply_count":0,"_bbp_voice_count":0,"_bbp_anonymous_reply_count":0,"_bbp_topic_count_hidden":0,"_bbp_reply_count_hidden":0,"_bbp_forum_subforum_count":0,"site-sidebar-layout":"default","site-content-layout":"","ast-site-content-layout":"","site-content-style":"default","site-sidebar-style":"default","ast-global-header-display":"","ast-banner-title-visibility":"","ast-main-header-display":"","ast-hfb-above-header-display":"","ast-hfb-below-header-display":"","ast-hfb-mobile-header-display":"","site-post-title":"","ast-breadcrumbs-content":"","ast-featured-img":"","footer-sml-layout":"","theme-transparent-header-meta":"","adv-header-id-meta":"","stick-header-meta":"","header-above-stick-meta":"","header-main-stick-meta":"","header-below-stick-meta":"","astra-migrate-meta-layouts":"default","ast-page-background-enabled":"default","ast-page-background-meta":{"desktop":{"background-color":"var(--ast-global-color-4)","background-image":"","background-repeat":"repeat","background-position":"center center","background-size":"auto","background-attachment":"scroll","background-type":"","background-media":"","overlay-type":"","overlay-color":"","overlay-opacity":"","overlay-gradient":""},"tablet":{"background-color":"","background-image":"","background-repeat":"repeat","background-position":"center center","background-size":"auto","background-attachment":"scroll","background-type":"","background-media":"","overlay-type":"","overlay-color":"","overlay-opacity":"","overlay-gradient":""},"mobile":{"background-color":"","background-image":"","background-repeat":"repeat","background-position":"center center","background-size":"auto","background-attachment":"scroll","background-type":"","background-media":"","overlay-type":"","overlay-color":"","overlay-opacity":"","overlay-gradient":""}},"ast-content-background-meta":{"desktop":{"background-color":"var(--ast-global-color-5)","background-image":"","background-repeat":"repeat","background-position":"center center","background-size":"auto","background-attachment":"scroll","background-type":"","background-media":"","overlay-type":"","overlay-color":"","overlay-opacity":"","overlay-gradient":""},"tablet":{"background-color":"var(--ast-global-color-5)","background-image":"","background-repeat":"repeat","background-position":"center center","background-size":"auto","background-attachment":"scroll","background-type":"","background-media":"","overlay-type":"","overlay-color":"","overlay-opacity":"","overlay-gradient":""},"mobile":{"background-color":"var(--ast-global-color-5)","background-image":"","background-repeat":"repeat","background-position":"center center","background-size":"auto","background-attachment":"scroll","background-type":"","background-media":"","overlay-type":"","overlay-color":"","overlay-opacity":"","overlay-gradient":""}},"footnotes":""},"categories":[5,12,1,4],"tags":[],"class_list":["post-3465","post","type-post","status-publish","format-standard","has-post-thumbnail","hentry","category-primaria","category-3r","category-general","category-portada"],"post_mailing_queue_ids":[],"_links":{"self":[{"href":"https:\/\/agora.xtec.cat\/escolapaudelclos\/wp-json\/wp\/v2\/posts\/3465","targetHints":{"allow":["GET"]}}],"collection":[{"href":"https:\/\/agora.xtec.cat\/escolapaudelclos\/wp-json\/wp\/v2\/posts"}],"about":[{"href":"https:\/\/agora.xtec.cat\/escolapaudelclos\/wp-json\/wp\/v2\/types\/post"}],"author":[{"embeddable":true,"href":"https:\/\/agora.xtec.cat\/escolapaudelclos\/wp-json\/wp\/v2\/users\/1"}],"replies":[{"embeddable":true,"href":"https:\/\/agora.xtec.cat\/escolapaudelclos\/wp-json\/wp\/v2\/comments?post=3465"}],"version-history":[{"count":6,"href":"https:\/\/agora.xtec.cat\/escolapaudelclos\/wp-json\/wp\/v2\/posts\/3465\/revisions"}],"predecessor-version":[{"id":3474,"href":"https:\/\/agora.xtec.cat\/escolapaudelclos\/wp-json\/wp\/v2\/posts\/3465\/revisions\/3474"}],"wp:featuredmedia":[{"embeddable":true,"href":"https:\/\/agora.xtec.cat\/escolapaudelclos\/wp-json\/wp\/v2\/media\/3468"}],"wp:attachment":[{"href":"https:\/\/agora.xtec.cat\/escolapaudelclos\/wp-json\/wp\/v2\/media?parent=3465"}],"wp:term":[{"taxonomy":"category","embeddable":true,"href":"https:\/\/agora.xtec.cat\/escolapaudelclos\/wp-json\/wp\/v2\/categories?post=3465"},{"taxonomy":"post_tag","embeddable":true,"href":"https:\/\/agora.xtec.cat\/escolapaudelclos\/wp-json\/wp\/v2\/tags?post=3465"}],"curies":[{"name":"wp","href":"https:\/\/api.w.org\/{rel}","templated":true}]}}