{"id":3369,"date":"2025-06-04T15:27:48","date_gmt":"2025-06-04T13:27:48","guid":{"rendered":"https:\/\/agora.xtec.cat\/escolapaudelclos\/?p=3369"},"modified":"2025-06-04T15:30:11","modified_gmt":"2025-06-04T13:30:11","slug":"4t-muralles-de-tarragona","status":"publish","type":"post","link":"https:\/\/agora.xtec.cat\/escolapaudelclos\/general\/4t-muralles-de-tarragona\/","title":{"rendered":"4t &#8211; Muralles de Tarragona"},"content":{"rendered":"<p>El passat 29 d\u2019abril, els i les alumnes de quart van visitar les muralles de Tarragona, dins del projecte del tercer trimestre: \u201cUna passejada per T\u00e0rraco\u201d, que t\u00e9 com a objectiu con\u00e8ixer els monuments m\u00e9s representatius de la nostra ciutat.<\/p>\n<p>La visita, dinamitzada per l\u2019equip d\u2019Ans d\u2019Educaci\u00f3, va ser molt amena i educativa. L\u2019alumnat va poder observar les marques dels picapedrers als carreus, com ara D\u00e8cimus, Valeri, Tiberius, Numerius i Caius, i les van copiar en pissarres de cera, com si fossin aut\u00e8ntics romans.<\/p>\n<p>Per acabar, van participar en un joc per grups en qu\u00e8, a partir d\u2019objectes com una espasa, una tassa de cer\u00e0mica, una corda, una bossa de diners o una diadema de flors, havien d\u2019identificar a quin estament social rom\u00e0 pertanyien: legionaris, artesans, esclaus, comerciants o patr\u00edcies.<br \/>\nFinalment, alguns nens i nenes es van disfressar d\u2019aquests personatges, posant el toc divertit i creatiu a una sortida molt completa, l\u00fadica i enriquidora.<\/p>\n<table style=\"width: 100%; border-collapse: collapse; border-style: hidden;\">\n<tbody>\n<tr>\n<td style=\"width: 50%; border-style: hidden;\"><a href=\"https:\/\/agora.xtec.cat\/escolapaudelclos\/wp-content\/uploads\/usu2656\/2025\/06\/WhatsApp-Image-2025-06-03-at-18.32.07.jpeg\"><img loading=\"lazy\" decoding=\"async\" class=\"alignnone size-full wp-image-3370\" src=\"https:\/\/agora.xtec.cat\/escolapaudelclos\/wp-content\/uploads\/usu2656\/2025\/06\/WhatsApp-Image-2025-06-03-at-18.32.07.jpeg\" alt=\"\" width=\"1640\" height=\"1232\" srcset=\"https:\/\/agora.xtec.cat\/escolapaudelclos\/wp-content\/uploads\/usu2656\/2025\/06\/WhatsApp-Image-2025-06-03-at-18.32.07.jpeg 1640w, https:\/\/agora.xtec.cat\/escolapaudelclos\/wp-content\/uploads\/usu2656\/2025\/06\/WhatsApp-Image-2025-06-03-at-18.32.07-300x225.jpeg 300w, https:\/\/agora.xtec.cat\/escolapaudelclos\/wp-content\/uploads\/usu2656\/2025\/06\/WhatsApp-Image-2025-06-03-at-18.32.07-1024x769.jpeg 1024w, https:\/\/agora.xtec.cat\/escolapaudelclos\/wp-content\/uploads\/usu2656\/2025\/06\/WhatsApp-Image-2025-06-03-at-18.32.07-768x577.jpeg 768w, https:\/\/agora.xtec.cat\/escolapaudelclos\/wp-content\/uploads\/usu2656\/2025\/06\/WhatsApp-Image-2025-06-03-at-18.32.07-1536x1154.jpeg 1536w, https:\/\/agora.xtec.cat\/escolapaudelclos\/wp-content\/uploads\/usu2656\/2025\/06\/WhatsApp-Image-2025-06-03-at-18.32.07-200x150.jpeg 200w\" sizes=\"auto, (max-width: 1640px) 100vw, 1640px\" \/><\/a><\/td>\n<td style=\"width: 50%; border-style: hidden;\"><a href=\"https:\/\/agora.xtec.cat\/escolapaudelclos\/wp-content\/uploads\/usu2656\/2025\/06\/1748971205824.jpg\"><img loading=\"lazy\" decoding=\"async\" class=\"alignnone size-full wp-image-3371\" src=\"https:\/\/agora.xtec.cat\/escolapaudelclos\/wp-content\/uploads\/usu2656\/2025\/06\/1748971205824.jpg\" alt=\"\" width=\"2400\" height=\"1800\" srcset=\"https:\/\/agora.xtec.cat\/escolapaudelclos\/wp-content\/uploads\/usu2656\/2025\/06\/1748971205824.jpg 2400w, https:\/\/agora.xtec.cat\/escolapaudelclos\/wp-content\/uploads\/usu2656\/2025\/06\/1748971205824-300x225.jpg 300w, https:\/\/agora.xtec.cat\/escolapaudelclos\/wp-content\/uploads\/usu2656\/2025\/06\/1748971205824-1024x768.jpg 1024w, https:\/\/agora.xtec.cat\/escolapaudelclos\/wp-content\/uploads\/usu2656\/2025\/06\/1748971205824-768x576.jpg 768w, https:\/\/agora.xtec.cat\/escolapaudelclos\/wp-content\/uploads\/usu2656\/2025\/06\/1748971205824-1536x1152.jpg 1536w, https:\/\/agora.xtec.cat\/escolapaudelclos\/wp-content\/uploads\/usu2656\/2025\/06\/1748971205824-2048x1536.jpg 2048w, https:\/\/agora.xtec.cat\/escolapaudelclos\/wp-content\/uploads\/usu2656\/2025\/06\/1748971205824-200x150.jpg 200w\" sizes=\"auto, (max-width: 2400px) 100vw, 2400px\" \/><\/a><\/td>\n<\/tr>\n<\/tbody>\n<\/table>\n<p>&nbsp;<\/p>\n","protected":false},"excerpt":{"rendered":"<p>El passat 29 d\u2019abril, els i les alumnes de quart van visitar les muralles de Tarragona, dins del projecte del tercer trimestre: \u201cUna passejada per T\u00e0rraco\u201d, que t\u00e9 com a objectiu con\u00e8ixer els monuments m\u00e9s representatius de la nostra ciutat. La visita, dinamitzada per l\u2019equip d\u2019Ans d\u2019Educaci\u00f3, va ser molt amena i educativa. L\u2019alumnat va [&hellip;]<\/p>\n","protected":false},"author":1,"featured_media":3372,"comment_status":"open","ping_status":"open","sticky":false,"template":"","format":"standard","meta":{"_bbp_topic_count":0,"_bbp_reply_count":0,"_bbp_total_topic_count":0,"_bbp_total_reply_count":0,"_bbp_voice_count":0,"_bbp_anonymous_reply_count":0,"_bbp_topic_count_hidden":0,"_bbp_reply_count_hidden":0,"_bbp_forum_subforum_count":0,"site-sidebar-layout":"default","site-content-layout":"","ast-site-content-layout":"","site-content-style":"default","site-sidebar-style":"default","ast-global-header-display":"","ast-banner-title-visibility":"","ast-main-header-display":"","ast-hfb-above-header-display":"","ast-hfb-below-header-display":"","ast-hfb-mobile-header-display":"","site-post-title":"","ast-breadcrumbs-content":"","ast-featured-img":"","footer-sml-layout":"","theme-transparent-header-meta":"","adv-header-id-meta":"","stick-header-meta":"","header-above-stick-meta":"","header-main-stick-meta":"","header-below-stick-meta":"","astra-migrate-meta-layouts":"default","ast-page-background-enabled":"default","ast-page-background-meta":{"desktop":{"background-color":"var(--ast-global-color-4)","background-image":"","background-repeat":"repeat","background-position":"center center","background-size":"auto","background-attachment":"scroll","background-type":"","background-media":"","overlay-type":"","overlay-color":"","overlay-opacity":"","overlay-gradient":""},"tablet":{"background-color":"","background-image":"","background-repeat":"repeat","background-position":"center center","background-size":"auto","background-attachment":"scroll","background-type":"","background-media":"","overlay-type":"","overlay-color":"","overlay-opacity":"","overlay-gradient":""},"mobile":{"background-color":"","background-image":"","background-repeat":"repeat","background-position":"center center","background-size":"auto","background-attachment":"scroll","background-type":"","background-media":"","overlay-type":"","overlay-color":"","overlay-opacity":"","overlay-gradient":""}},"ast-content-background-meta":{"desktop":{"background-color":"var(--ast-global-color-5)","background-image":"","background-repeat":"repeat","background-position":"center center","background-size":"auto","background-attachment":"scroll","background-type":"","background-media":"","overlay-type":"","overlay-color":"","overlay-opacity":"","overlay-gradient":""},"tablet":{"background-color":"var(--ast-global-color-5)","background-image":"","background-repeat":"repeat","background-position":"center center","background-size":"auto","background-attachment":"scroll","background-type":"","background-media":"","overlay-type":"","overlay-color":"","overlay-opacity":"","overlay-gradient":""},"mobile":{"background-color":"var(--ast-global-color-5)","background-image":"","background-repeat":"repeat","background-position":"center center","background-size":"auto","background-attachment":"scroll","background-type":"","background-media":"","overlay-type":"","overlay-color":"","overlay-opacity":"","overlay-gradient":""}},"footnotes":""},"categories":[5,13,1,4],"tags":[275,62,491,188],"class_list":["post-3369","post","type-post","status-publish","format-standard","has-post-thumbnail","hentry","category-primaria","category-4t","category-general","category-portada","tag-4t","tag-escola-pau-delclos","tag-muralles-de-tarragona","tag-tarraco"],"post_mailing_queue_ids":[],"_links":{"self":[{"href":"https:\/\/agora.xtec.cat\/escolapaudelclos\/wp-json\/wp\/v2\/posts\/3369","targetHints":{"allow":["GET"]}}],"collection":[{"href":"https:\/\/agora.xtec.cat\/escolapaudelclos\/wp-json\/wp\/v2\/posts"}],"about":[{"href":"https:\/\/agora.xtec.cat\/escolapaudelclos\/wp-json\/wp\/v2\/types\/post"}],"author":[{"embeddable":true,"href":"https:\/\/agora.xtec.cat\/escolapaudelclos\/wp-json\/wp\/v2\/users\/1"}],"replies":[{"embeddable":true,"href":"https:\/\/agora.xtec.cat\/escolapaudelclos\/wp-json\/wp\/v2\/comments?post=3369"}],"version-history":[{"count":2,"href":"https:\/\/agora.xtec.cat\/escolapaudelclos\/wp-json\/wp\/v2\/posts\/3369\/revisions"}],"predecessor-version":[{"id":3379,"href":"https:\/\/agora.xtec.cat\/escolapaudelclos\/wp-json\/wp\/v2\/posts\/3369\/revisions\/3379"}],"wp:featuredmedia":[{"embeddable":true,"href":"https:\/\/agora.xtec.cat\/escolapaudelclos\/wp-json\/wp\/v2\/media\/3372"}],"wp:attachment":[{"href":"https:\/\/agora.xtec.cat\/escolapaudelclos\/wp-json\/wp\/v2\/media?parent=3369"}],"wp:term":[{"taxonomy":"category","embeddable":true,"href":"https:\/\/agora.xtec.cat\/escolapaudelclos\/wp-json\/wp\/v2\/categories?post=3369"},{"taxonomy":"post_tag","embeddable":true,"href":"https:\/\/agora.xtec.cat\/escolapaudelclos\/wp-json\/wp\/v2\/tags?post=3369"}],"curies":[{"name":"wp","href":"https:\/\/api.w.org\/{rel}","templated":true}]}}