{"id":3316,"date":"2025-05-15T15:18:28","date_gmt":"2025-05-15T13:18:28","guid":{"rendered":"https:\/\/agora.xtec.cat\/escolapaudelclos\/?p=3316"},"modified":"2025-05-15T15:18:28","modified_gmt":"2025-05-15T13:18:28","slug":"5e-seguim-avancant-amb-el-projecte-pantalla-i-calla","status":"publish","type":"post","link":"https:\/\/agora.xtec.cat\/escolapaudelclos\/general\/5e-seguim-avancant-amb-el-projecte-pantalla-i-calla\/","title":{"rendered":"5\u00e8 &#8211; Seguim avan\u00e7ant amb el projecte &#8220;Pantalla i calla!&#8221;"},"content":{"rendered":"<p data-start=\"227\" data-end=\"421\"><span class=\"_fadeIn_m1hgl_8\">El <\/span><span class=\"_fadeIn_m1hgl_8\">passat <\/span><strong data-start=\"237\" data-end=\"251\"><span class=\"_fadeIn_m1hgl_8\">12 <\/span><span class=\"_fadeIn_m1hgl_8\">de <\/span><span class=\"_fadeIn_m1hgl_8\">maig<\/span><\/strong> <span class=\"_fadeIn_m1hgl_8\">vam <\/span><span class=\"_fadeIn_m1hgl_8\">rebre <\/span><span class=\"_fadeIn_m1hgl_8\">a <\/span><span class=\"_fadeIn_m1hgl_8\">l\u2019escola <\/span><span class=\"_fadeIn_m1hgl_8\">una <\/span><span class=\"_fadeIn_m1hgl_8\">nova <\/span><span class=\"_fadeIn_m1hgl_8\">visita <\/span><span class=\"_fadeIn_m1hgl_8\">molt <\/span><span class=\"_fadeIn_m1hgl_8\">especial <\/span><span class=\"_fadeIn_m1hgl_8\">en <\/span><span class=\"_fadeIn_m1hgl_8\">el <\/span><span class=\"_fadeIn_m1hgl_8\">marc <\/span><span class=\"_fadeIn_m1hgl_8\">del <\/span><span class=\"_fadeIn_m1hgl_8\">projecte <\/span><span class=\"_fadeIn_m1hgl_8\">musical <\/span><strong data-start=\"335\" data-end=\"358\"><span class=\"_fadeIn_m1hgl_8\">&#8220;<\/span><span class=\"_fadeIn_m1hgl_8\">Pantalla <\/span><span class=\"_fadeIn_m1hgl_8\">i <\/span><span class=\"_fadeIn_m1hgl_8\">Calla!&#8221;<\/span><\/strong><span class=\"_fadeIn_m1hgl_8\">, <\/span><span class=\"_fadeIn_m1hgl_8\">en <\/span><span class=\"_fadeIn_m1hgl_8\">el <\/span><span class=\"_fadeIn_m1hgl_8\">qual <\/span><span class=\"_fadeIn_m1hgl_8\">participa <\/span><span class=\"_fadeIn_m1hgl_8\">el <\/span><span class=\"_fadeIn_m1hgl_8\">nostre <\/span><span class=\"_fadeIn_m1hgl_8\">alumnat <\/span><span class=\"_fadeIn_m1hgl_8\">de <\/span><strong data-start=\"402\" data-end=\"420\"><span class=\"_fadeIn_m1hgl_8\">5\u00e8 <\/span><span class=\"_fadeIn_m1hgl_8\">de <\/span><span class=\"_fadeIn_m1hgl_8\">prim\u00e0ria.<\/span><\/strong><\/p>\n<p data-start=\"227\" data-end=\"421\"><span class=\"_fadeIn_m1hgl_8\">Despr\u00e9s <\/span><span class=\"_fadeIn_m1hgl_8\">de <\/span><span class=\"_fadeIn_m1hgl_8\">mesos <\/span><span class=\"_fadeIn_m1hgl_8\">treballant <\/span><span class=\"_fadeIn_m1hgl_8\">les <\/span><span class=\"_fadeIn_m1hgl_8\">can\u00e7ons <\/span><span class=\"_fadeIn_m1hgl_8\">a <\/span><span class=\"_fadeIn_m1hgl_8\">classe, <\/span><span class=\"_fadeIn_m1hgl_8\">amb <\/span><span class=\"_fadeIn_m1hgl_8\">una <\/span><span class=\"_fadeIn_m1hgl_8\">gran <\/span><span class=\"_fadeIn_m1hgl_8\">implicaci\u00f3 <\/span><span class=\"_fadeIn_m1hgl_8\">per <\/span><span class=\"_fadeIn_m1hgl_8\">part <\/span><span class=\"_fadeIn_m1hgl_8\">de <\/span><span class=\"_fadeIn_m1hgl_8\">tots <\/span><span class=\"_fadeIn_m1hgl_8\">i <\/span><span class=\"_fadeIn_m1hgl_8\">totes, <\/span><span class=\"_fadeIn_m1hgl_8\">vam <\/span><span class=\"_fadeIn_m1hgl_8\">tenir <\/span><span class=\"_fadeIn_m1hgl_8\">la <\/span><span class=\"_fadeIn_m1hgl_8\">sort <\/span><span class=\"_fadeIn_m1hgl_8\">de <\/span><span class=\"_fadeIn_m1hgl_8\">comptar <\/span><span class=\"_fadeIn_m1hgl_8\">amb <\/span><span class=\"_fadeIn_m1hgl_8\">la <\/span><span class=\"_fadeIn_m1hgl_8\">visita <\/span><span class=\"_fadeIn_m1hgl_8\">d\u2019un <\/span><strong data-start=\"571\" data-end=\"602\"><span class=\"_fadeIn_m1hgl_8\">ballar\u00ed <\/span><span class=\"_fadeIn_m1hgl_8\">i <\/span><span class=\"_fadeIn_m1hgl_8\">int\u00e8rpret <\/span><span class=\"_fadeIn_m1hgl_8\">esc\u00e8nic<\/span><\/strong><span class=\"_fadeIn_m1hgl_8\">, <\/span><span class=\"_fadeIn_m1hgl_8\">que <\/span><span class=\"_fadeIn_m1hgl_8\">ens <\/span><span class=\"_fadeIn_m1hgl_8\">va <\/span><span class=\"_fadeIn_m1hgl_8\">ajudar <\/span><span class=\"_fadeIn_m1hgl_8\">a <\/span><span class=\"_fadeIn_m1hgl_8\">posar <\/span><span class=\"_fadeIn_m1hgl_8\">cos <\/span><span class=\"_fadeIn_m1hgl_8\">i <\/span><span class=\"_fadeIn_m1hgl_8\">moviment <\/span><span class=\"_fadeIn_m1hgl_8\">a <\/span><span class=\"_fadeIn_m1hgl_8\">les <\/span><span class=\"_fadeIn_m1hgl_8\">can\u00e7ons <\/span><span class=\"_fadeIn_m1hgl_8\">que <\/span><span class=\"_fadeIn_m1hgl_8\">ja <\/span><span class=\"_fadeIn_m1hgl_8\">coneix\u00edem <\/span><span class=\"_fadeIn_m1hgl_8\">tan <\/span><span class=\"_fadeIn_m1hgl_8\">b\u00e9. <\/span><span class=\"_fadeIn_m1hgl_8\">Va <\/span><span class=\"_fadeIn_m1hgl_8\">ser <\/span><span class=\"_fadeIn_m1hgl_8\">una <\/span><span class=\"_fadeIn_m1hgl_8\">sessi\u00f3 <\/span><span class=\"_fadeIn_m1hgl_8\">molt <\/span><span class=\"_fadeIn_m1hgl_8\">din\u00e0mica <\/span><span class=\"_fadeIn_m1hgl_8\">i <\/span><span class=\"_fadeIn_m1hgl_8\">enriquidora, <\/span><span class=\"_fadeIn_m1hgl_8\">on <\/span><span class=\"_fadeIn_m1hgl_8\">l\u2019alumnat <\/span><span class=\"_fadeIn_m1hgl_8\">va <\/span><span class=\"_fadeIn_m1hgl_8\">poder <\/span><span class=\"_fadeIn_m1hgl_8\">experimentar <\/span><span class=\"_fadeIn_m1hgl_8\">com <\/span><span class=\"_fadeIn_m1hgl_8\">donar <\/span><span class=\"_fadeIn_m1hgl_8\">expressivitat <\/span><span class=\"_fadeIn_m1hgl_8\">i <\/span><span class=\"_fadeIn_m1hgl_8\">emoci\u00f3 <\/span><span class=\"_fadeIn_m1hgl_8\">a <\/span><span class=\"_fadeIn_m1hgl_8\">la <\/span><span class=\"_fadeIn_m1hgl_8\">m\u00fasica <\/span><span class=\"_fadeIn_m1hgl_8\">a <\/span><span class=\"_fadeIn_m1hgl_8\">trav\u00e9s <\/span><span class=\"_fadeIn_m1hgl_8\">del <\/span><span class=\"_fadeIn_m1hgl_8\">gest <\/span><span class=\"_fadeIn_m1hgl_8\">i <\/span><span class=\"_fadeIn_m1hgl_8\">el <\/span><span class=\"_fadeIn_m1hgl_8\">moviment.<\/span><\/p>\n<p data-start=\"227\" data-end=\"421\">A<span class=\"_fadeIn_m1hgl_8\">questa <\/span><span class=\"_fadeIn_m1hgl_8\">visita <\/span><span class=\"_fadeIn_m1hgl_8\">se <\/span><span class=\"_fadeIn_m1hgl_8\">suma <\/span><span class=\"_fadeIn_m1hgl_8\">a <\/span><span class=\"_fadeIn_m1hgl_8\">altres <\/span><span class=\"_fadeIn_m1hgl_8\">moments <\/span><span class=\"_fadeIn_m1hgl_8\">molt <\/span><span class=\"_fadeIn_m1hgl_8\">especials <\/span><span class=\"_fadeIn_m1hgl_8\">que <\/span><span class=\"_fadeIn_m1hgl_8\">hem <\/span><span class=\"_fadeIn_m1hgl_8\">viscut <\/span><span class=\"_fadeIn_m1hgl_8\">durant <\/span><span class=\"_fadeIn_m1hgl_8\">el <\/span><span class=\"_fadeIn_m1hgl_8\">projecte, com ara la visita a l&#8217;escola per part del compositor i d&#8217;una gran directora coral.<\/span><\/p>\n<p data-start=\"1201\" data-end=\"1410\">Cada nova sessi\u00f3 ens fa viure amb m\u00e9s intensitat aquest projecte tan especial, i l\u2019emoci\u00f3 creix a mesura que s\u2019acosta el gran moment: ser\u00e0 el proper diumenge 1 de juny a les 12 h, quan pujarem a l\u2019escenari del Teatre Tarragona per mostrar tot all\u00f2 que hem apr\u00e8s i preparat amb tanta il\u00b7lusi\u00f3.<\/p>\n<p data-start=\"1201\" data-end=\"1410\"><a href=\"https:\/\/agora.xtec.cat\/escolapaudelclos\/wp-content\/uploads\/usu2656\/2025\/05\/7c4661be-032c-4385-b870-a51362eb974f.jpg\"><img loading=\"lazy\" decoding=\"async\" class=\" wp-image-3317 aligncenter\" src=\"https:\/\/agora.xtec.cat\/escolapaudelclos\/wp-content\/uploads\/usu2656\/2025\/05\/7c4661be-032c-4385-b870-a51362eb974f.jpg\" alt=\"\" width=\"784\" height=\"352\" srcset=\"https:\/\/agora.xtec.cat\/escolapaudelclos\/wp-content\/uploads\/usu2656\/2025\/05\/7c4661be-032c-4385-b870-a51362eb974f.jpg 1024w, https:\/\/agora.xtec.cat\/escolapaudelclos\/wp-content\/uploads\/usu2656\/2025\/05\/7c4661be-032c-4385-b870-a51362eb974f-300x135.jpg 300w, https:\/\/agora.xtec.cat\/escolapaudelclos\/wp-content\/uploads\/usu2656\/2025\/05\/7c4661be-032c-4385-b870-a51362eb974f-768x345.jpg 768w\" sizes=\"auto, (max-width: 784px) 100vw, 784px\" \/><\/a><\/p>\n","protected":false},"excerpt":{"rendered":"<p>El passat 12 de maig vam rebre a l\u2019escola una nova visita molt especial en el marc del projecte musical &#8220;Pantalla i Calla!&#8221;, en el qual participa el nostre alumnat de 5\u00e8 de prim\u00e0ria. Despr\u00e9s de mesos treballant les can\u00e7ons a classe, amb una gran implicaci\u00f3 per part de tots i totes, vam tenir la [&hellip;]<\/p>\n","protected":false},"author":1,"featured_media":3317,"comment_status":"open","ping_status":"closed","sticky":false,"template":"","format":"standard","meta":{"_bbp_topic_count":0,"_bbp_reply_count":0,"_bbp_total_topic_count":0,"_bbp_total_reply_count":0,"_bbp_voice_count":0,"_bbp_anonymous_reply_count":0,"_bbp_topic_count_hidden":0,"_bbp_reply_count_hidden":0,"_bbp_forum_subforum_count":0,"site-sidebar-layout":"default","site-content-layout":"","ast-site-content-layout":"","site-content-style":"default","site-sidebar-style":"default","ast-global-header-display":"","ast-banner-title-visibility":"","ast-main-header-display":"","ast-hfb-above-header-display":"","ast-hfb-below-header-display":"","ast-hfb-mobile-header-display":"","site-post-title":"","ast-breadcrumbs-content":"","ast-featured-img":"","footer-sml-layout":"","theme-transparent-header-meta":"","adv-header-id-meta":"","stick-header-meta":"","header-above-stick-meta":"","header-main-stick-meta":"","header-below-stick-meta":"","astra-migrate-meta-layouts":"default","ast-page-background-enabled":"default","ast-page-background-meta":{"desktop":{"background-color":"var(--ast-global-color-4)","background-image":"","background-repeat":"repeat","background-position":"center center","background-size":"auto","background-attachment":"scroll","background-type":"","background-media":"","overlay-type":"","overlay-color":"","overlay-opacity":"","overlay-gradient":""},"tablet":{"background-color":"","background-image":"","background-repeat":"repeat","background-position":"center center","background-size":"auto","background-attachment":"scroll","background-type":"","background-media":"","overlay-type":"","overlay-color":"","overlay-opacity":"","overlay-gradient":""},"mobile":{"background-color":"","background-image":"","background-repeat":"repeat","background-position":"center center","background-size":"auto","background-attachment":"scroll","background-type":"","background-media":"","overlay-type":"","overlay-color":"","overlay-opacity":"","overlay-gradient":""}},"ast-content-background-meta":{"desktop":{"background-color":"var(--ast-global-color-5)","background-image":"","background-repeat":"repeat","background-position":"center center","background-size":"auto","background-attachment":"scroll","background-type":"","background-media":"","overlay-type":"","overlay-color":"","overlay-opacity":"","overlay-gradient":""},"tablet":{"background-color":"var(--ast-global-color-5)","background-image":"","background-repeat":"repeat","background-position":"center center","background-size":"auto","background-attachment":"scroll","background-type":"","background-media":"","overlay-type":"","overlay-color":"","overlay-opacity":"","overlay-gradient":""},"mobile":{"background-color":"var(--ast-global-color-5)","background-image":"","background-repeat":"repeat","background-position":"center center","background-size":"auto","background-attachment":"scroll","background-type":"","background-media":"","overlay-type":"","overlay-color":"","overlay-opacity":"","overlay-gradient":""}},"footnotes":""},"categories":[5,14,1,4],"tags":[374,483,62,81,482,484],"class_list":["post-3316","post","type-post","status-publish","format-standard","has-post-thumbnail","hentry","category-primaria","category-5e","category-general","category-portada","tag-5e","tag-educacio-musical","tag-escola-pau-delclos","tag-musica","tag-pantalla-i-calla","tag-projectes-musicals"],"post_mailing_queue_ids":[],"_links":{"self":[{"href":"https:\/\/agora.xtec.cat\/escolapaudelclos\/wp-json\/wp\/v2\/posts\/3316","targetHints":{"allow":["GET"]}}],"collection":[{"href":"https:\/\/agora.xtec.cat\/escolapaudelclos\/wp-json\/wp\/v2\/posts"}],"about":[{"href":"https:\/\/agora.xtec.cat\/escolapaudelclos\/wp-json\/wp\/v2\/types\/post"}],"author":[{"embeddable":true,"href":"https:\/\/agora.xtec.cat\/escolapaudelclos\/wp-json\/wp\/v2\/users\/1"}],"replies":[{"embeddable":true,"href":"https:\/\/agora.xtec.cat\/escolapaudelclos\/wp-json\/wp\/v2\/comments?post=3316"}],"version-history":[{"count":4,"href":"https:\/\/agora.xtec.cat\/escolapaudelclos\/wp-json\/wp\/v2\/posts\/3316\/revisions"}],"predecessor-version":[{"id":3321,"href":"https:\/\/agora.xtec.cat\/escolapaudelclos\/wp-json\/wp\/v2\/posts\/3316\/revisions\/3321"}],"wp:featuredmedia":[{"embeddable":true,"href":"https:\/\/agora.xtec.cat\/escolapaudelclos\/wp-json\/wp\/v2\/media\/3317"}],"wp:attachment":[{"href":"https:\/\/agora.xtec.cat\/escolapaudelclos\/wp-json\/wp\/v2\/media?parent=3316"}],"wp:term":[{"taxonomy":"category","embeddable":true,"href":"https:\/\/agora.xtec.cat\/escolapaudelclos\/wp-json\/wp\/v2\/categories?post=3316"},{"taxonomy":"post_tag","embeddable":true,"href":"https:\/\/agora.xtec.cat\/escolapaudelclos\/wp-json\/wp\/v2\/tags?post=3316"}],"curies":[{"name":"wp","href":"https:\/\/api.w.org\/{rel}","templated":true}]}}