{"id":3230,"date":"2025-04-08T13:14:10","date_gmt":"2025-04-08T11:14:10","guid":{"rendered":"https:\/\/agora.xtec.cat\/escolapaudelclos\/?p=3230"},"modified":"2025-04-08T13:15:47","modified_gmt":"2025-04-08T11:15:47","slug":"5e-forum-ecolaqua","status":"publish","type":"post","link":"https:\/\/agora.xtec.cat\/escolapaudelclos\/general\/5e-forum-ecolaqua\/","title":{"rendered":"5\u00e8 &#8211; F\u00f2rum Ecolaqua"},"content":{"rendered":"<p>El passat dimecres dia 3 d\u2019abril, una petita representaci\u00f3 d\u2019alumnes de 5\u00e8 de prim\u00e0ria i dues mestres de l\u2019escola, van participar en el F\u00f2rum Escolaqua organitzat per Ematsa i Cel Rogent a El Catllar, on van participar diverses escoles, instituts i una llar d\u2019infants de Tarragona, La Canonja, Els Pallaresos i El Catllar.<\/p>\n<p>L\u2019alumnat va tenir l\u2019oportunitat de compartir el projecte que estem realitzant a l\u2019escola, i tamb\u00e9 escoltar les seves experi\u00e8ncies i aprendre d\u2019aquestes. A m\u00e9s a m\u00e9s, van participar en una activitat l\u00fadica amb els companys i companyes d\u2019etapa dels altres centres per tal de refor\u00e7ar els aprenentatges. Va ser una jornada molt gratificant on vam poder gaudir dels aprenentatges en plena natura. Si voleu saber-ne m\u00e9s, podeu entrar a veure la galeria de fotos.<\/p>\n<p><a href=\"https:\/\/agora.xtec.cat\/escolapaudelclos\/wp-content\/uploads\/usu2656\/2025\/04\/IMG_20250403_104145-scaled.jpg\"><img loading=\"lazy\" decoding=\"async\" class=\"wp-image-3231 aligncenter\" src=\"https:\/\/agora.xtec.cat\/escolapaudelclos\/wp-content\/uploads\/usu2656\/2025\/04\/IMG_20250403_104145-scaled.jpg\" alt=\"\" width=\"457\" height=\"847\" srcset=\"https:\/\/agora.xtec.cat\/escolapaudelclos\/wp-content\/uploads\/usu2656\/2025\/04\/IMG_20250403_104145-scaled.jpg 1380w, https:\/\/agora.xtec.cat\/escolapaudelclos\/wp-content\/uploads\/usu2656\/2025\/04\/IMG_20250403_104145-162x300.jpg 162w, https:\/\/agora.xtec.cat\/escolapaudelclos\/wp-content\/uploads\/usu2656\/2025\/04\/IMG_20250403_104145-552x1024.jpg 552w, https:\/\/agora.xtec.cat\/escolapaudelclos\/wp-content\/uploads\/usu2656\/2025\/04\/IMG_20250403_104145-768x1425.jpg 768w, https:\/\/agora.xtec.cat\/escolapaudelclos\/wp-content\/uploads\/usu2656\/2025\/04\/IMG_20250403_104145-828x1536.jpg 828w, https:\/\/agora.xtec.cat\/escolapaudelclos\/wp-content\/uploads\/usu2656\/2025\/04\/IMG_20250403_104145-1104x2048.jpg 1104w\" sizes=\"auto, (max-width: 457px) 100vw, 457px\" \/><\/a><\/p>\n","protected":false},"excerpt":{"rendered":"<p>El passat dimecres dia 3 d\u2019abril, una petita representaci\u00f3 d\u2019alumnes de 5\u00e8 de prim\u00e0ria i dues mestres de l\u2019escola, van participar en el F\u00f2rum Escolaqua organitzat per Ematsa i Cel Rogent a El Catllar, on van participar diverses escoles, instituts i una llar d\u2019infants de Tarragona, La Canonja, Els Pallaresos i El Catllar. L\u2019alumnat va [&hellip;]<\/p>\n","protected":false},"author":1,"featured_media":3231,"comment_status":"open","ping_status":"closed","sticky":false,"template":"","format":"standard","meta":{"_bbp_topic_count":0,"_bbp_reply_count":0,"_bbp_total_topic_count":0,"_bbp_total_reply_count":0,"_bbp_voice_count":0,"_bbp_anonymous_reply_count":0,"_bbp_topic_count_hidden":0,"_bbp_reply_count_hidden":0,"_bbp_forum_subforum_count":0,"site-sidebar-layout":"default","site-content-layout":"","ast-site-content-layout":"","site-content-style":"default","site-sidebar-style":"default","ast-global-header-display":"","ast-banner-title-visibility":"","ast-main-header-display":"","ast-hfb-above-header-display":"","ast-hfb-below-header-display":"","ast-hfb-mobile-header-display":"","site-post-title":"","ast-breadcrumbs-content":"","ast-featured-img":"","footer-sml-layout":"","theme-transparent-header-meta":"","adv-header-id-meta":"","stick-header-meta":"","header-above-stick-meta":"","header-main-stick-meta":"","header-below-stick-meta":"","astra-migrate-meta-layouts":"default","ast-page-background-enabled":"default","ast-page-background-meta":{"desktop":{"background-color":"var(--ast-global-color-4)","background-image":"","background-repeat":"repeat","background-position":"center center","background-size":"auto","background-attachment":"scroll","background-type":"","background-media":"","overlay-type":"","overlay-color":"","overlay-opacity":"","overlay-gradient":""},"tablet":{"background-color":"","background-image":"","background-repeat":"repeat","background-position":"center center","background-size":"auto","background-attachment":"scroll","background-type":"","background-media":"","overlay-type":"","overlay-color":"","overlay-opacity":"","overlay-gradient":""},"mobile":{"background-color":"","background-image":"","background-repeat":"repeat","background-position":"center center","background-size":"auto","background-attachment":"scroll","background-type":"","background-media":"","overlay-type":"","overlay-color":"","overlay-opacity":"","overlay-gradient":""}},"ast-content-background-meta":{"desktop":{"background-color":"var(--ast-global-color-5)","background-image":"","background-repeat":"repeat","background-position":"center center","background-size":"auto","background-attachment":"scroll","background-type":"","background-media":"","overlay-type":"","overlay-color":"","overlay-opacity":"","overlay-gradient":""},"tablet":{"background-color":"var(--ast-global-color-5)","background-image":"","background-repeat":"repeat","background-position":"center center","background-size":"auto","background-attachment":"scroll","background-type":"","background-media":"","overlay-type":"","overlay-color":"","overlay-opacity":"","overlay-gradient":""},"mobile":{"background-color":"var(--ast-global-color-5)","background-image":"","background-repeat":"repeat","background-position":"center center","background-size":"auto","background-attachment":"scroll","background-type":"","background-media":"","overlay-type":"","overlay-color":"","overlay-opacity":"","overlay-gradient":""}},"footnotes":""},"categories":[5,14,1,4],"tags":[374,62,465],"class_list":["post-3230","post","type-post","status-publish","format-standard","has-post-thumbnail","hentry","category-primaria","category-5e","category-general","category-portada","tag-5e","tag-escola-pau-delclos","tag-projecte-ecolaqua"],"post_mailing_queue_ids":[],"_links":{"self":[{"href":"https:\/\/agora.xtec.cat\/escolapaudelclos\/wp-json\/wp\/v2\/posts\/3230","targetHints":{"allow":["GET"]}}],"collection":[{"href":"https:\/\/agora.xtec.cat\/escolapaudelclos\/wp-json\/wp\/v2\/posts"}],"about":[{"href":"https:\/\/agora.xtec.cat\/escolapaudelclos\/wp-json\/wp\/v2\/types\/post"}],"author":[{"embeddable":true,"href":"https:\/\/agora.xtec.cat\/escolapaudelclos\/wp-json\/wp\/v2\/users\/1"}],"replies":[{"embeddable":true,"href":"https:\/\/agora.xtec.cat\/escolapaudelclos\/wp-json\/wp\/v2\/comments?post=3230"}],"version-history":[{"count":3,"href":"https:\/\/agora.xtec.cat\/escolapaudelclos\/wp-json\/wp\/v2\/posts\/3230\/revisions"}],"predecessor-version":[{"id":3234,"href":"https:\/\/agora.xtec.cat\/escolapaudelclos\/wp-json\/wp\/v2\/posts\/3230\/revisions\/3234"}],"wp:featuredmedia":[{"embeddable":true,"href":"https:\/\/agora.xtec.cat\/escolapaudelclos\/wp-json\/wp\/v2\/media\/3231"}],"wp:attachment":[{"href":"https:\/\/agora.xtec.cat\/escolapaudelclos\/wp-json\/wp\/v2\/media?parent=3230"}],"wp:term":[{"taxonomy":"category","embeddable":true,"href":"https:\/\/agora.xtec.cat\/escolapaudelclos\/wp-json\/wp\/v2\/categories?post=3230"},{"taxonomy":"post_tag","embeddable":true,"href":"https:\/\/agora.xtec.cat\/escolapaudelclos\/wp-json\/wp\/v2\/tags?post=3230"}],"curies":[{"name":"wp","href":"https:\/\/api.w.org\/{rel}","templated":true}]}}