{"id":3196,"date":"2025-03-24T19:59:25","date_gmt":"2025-03-24T18:59:25","guid":{"rendered":"https:\/\/agora.xtec.cat\/escolapaudelclos\/?p=3196"},"modified":"2025-03-31T17:26:53","modified_gmt":"2025-03-31T15:26:53","slug":"6e-projecte-inspira-steam","status":"publish","type":"post","link":"https:\/\/agora.xtec.cat\/escolapaudelclos\/general\/6e-projecte-inspira-steam\/","title":{"rendered":"6\u00e8 &#8211; Projecte Inspira STEAM"},"content":{"rendered":"<p>L&#8217;alumnat de 6\u00e8 ha participat en el <strong>projecte Inspira STEAM<\/strong>, amb l&#8217;acompanyament de les mentores que lideren aquesta iniciativa.<\/p>\n<p>Ha estat una experi\u00e8ncia molt enriquidora per a totes dues parts. Com a mostra de l&#8217;inter\u00e8s, la implicaci\u00f3 i la bona feina de l&#8217;alumnat, se&#8217;ls ha fet entrega d\u2019un diploma que acredita la seva participaci\u00f3 en el projecte.<\/p>\n<p style=\"text-align: center;\"><a href=\"https:\/\/agora.xtec.cat\/escolapaudelclos\/fotos-de-lescola\/fotos-de-6e\/\" target=\"_blank\" rel=\"noopener\"><em>Podeu veure algunes fotografies realitzades durant el projecte a l&#8217;espai fotos!<\/em><\/a><\/p>\n<p>&nbsp;<\/p>\n<p><a href=\"https:\/\/agora.xtec.cat\/escolapaudelclos\/wp-content\/uploads\/usu2656\/2025\/03\/destacada-inspira.png\"><img loading=\"lazy\" decoding=\"async\" class=\" wp-image-3222 aligncenter\" src=\"https:\/\/agora.xtec.cat\/escolapaudelclos\/wp-content\/uploads\/usu2656\/2025\/03\/destacada-inspira.png\" alt=\"\" width=\"895\" height=\"437\" srcset=\"https:\/\/agora.xtec.cat\/escolapaudelclos\/wp-content\/uploads\/usu2656\/2025\/03\/destacada-inspira.png 1024w, https:\/\/agora.xtec.cat\/escolapaudelclos\/wp-content\/uploads\/usu2656\/2025\/03\/destacada-inspira-300x146.png 300w, https:\/\/agora.xtec.cat\/escolapaudelclos\/wp-content\/uploads\/usu2656\/2025\/03\/destacada-inspira-768x375.png 768w\" sizes=\"auto, (max-width: 895px) 100vw, 895px\" \/><\/a><\/p>\n<p>&nbsp;<\/p>\n","protected":false},"excerpt":{"rendered":"<p>L&#8217;alumnat de 6\u00e8 ha participat en el projecte Inspira STEAM, amb l&#8217;acompanyament de les mentores que lideren aquesta iniciativa. Ha estat una experi\u00e8ncia molt enriquidora per a totes dues parts. Com a mostra de l&#8217;inter\u00e8s, la implicaci\u00f3 i la bona feina de l&#8217;alumnat, se&#8217;ls ha fet entrega d\u2019un diploma que acredita la seva participaci\u00f3 en [&hellip;]<\/p>\n","protected":false},"author":1,"featured_media":3222,"comment_status":"open","ping_status":"closed","sticky":false,"template":"","format":"standard","meta":{"_bbp_topic_count":0,"_bbp_reply_count":0,"_bbp_total_topic_count":0,"_bbp_total_reply_count":0,"_bbp_voice_count":0,"_bbp_anonymous_reply_count":0,"_bbp_topic_count_hidden":0,"_bbp_reply_count_hidden":0,"_bbp_forum_subforum_count":0,"site-sidebar-layout":"default","site-content-layout":"","ast-site-content-layout":"","site-content-style":"default","site-sidebar-style":"default","ast-global-header-display":"","ast-banner-title-visibility":"","ast-main-header-display":"","ast-hfb-above-header-display":"","ast-hfb-below-header-display":"","ast-hfb-mobile-header-display":"","site-post-title":"","ast-breadcrumbs-content":"","ast-featured-img":"","footer-sml-layout":"","theme-transparent-header-meta":"","adv-header-id-meta":"","stick-header-meta":"","header-above-stick-meta":"","header-main-stick-meta":"","header-below-stick-meta":"","astra-migrate-meta-layouts":"default","ast-page-background-enabled":"default","ast-page-background-meta":{"desktop":{"background-color":"var(--ast-global-color-4)","background-image":"","background-repeat":"repeat","background-position":"center center","background-size":"auto","background-attachment":"scroll","background-type":"","background-media":"","overlay-type":"","overlay-color":"","overlay-opacity":"","overlay-gradient":""},"tablet":{"background-color":"","background-image":"","background-repeat":"repeat","background-position":"center center","background-size":"auto","background-attachment":"scroll","background-type":"","background-media":"","overlay-type":"","overlay-color":"","overlay-opacity":"","overlay-gradient":""},"mobile":{"background-color":"","background-image":"","background-repeat":"repeat","background-position":"center center","background-size":"auto","background-attachment":"scroll","background-type":"","background-media":"","overlay-type":"","overlay-color":"","overlay-opacity":"","overlay-gradient":""}},"ast-content-background-meta":{"desktop":{"background-color":"var(--ast-global-color-5)","background-image":"","background-repeat":"repeat","background-position":"center center","background-size":"auto","background-attachment":"scroll","background-type":"","background-media":"","overlay-type":"","overlay-color":"","overlay-opacity":"","overlay-gradient":""},"tablet":{"background-color":"var(--ast-global-color-5)","background-image":"","background-repeat":"repeat","background-position":"center center","background-size":"auto","background-attachment":"scroll","background-type":"","background-media":"","overlay-type":"","overlay-color":"","overlay-opacity":"","overlay-gradient":""},"mobile":{"background-color":"var(--ast-global-color-5)","background-image":"","background-repeat":"repeat","background-position":"center center","background-size":"auto","background-attachment":"scroll","background-type":"","background-media":"","overlay-type":"","overlay-color":"","overlay-opacity":"","overlay-gradient":""}},"footnotes":""},"categories":[5,15,1,4],"tags":[321,62,370],"class_list":["post-3196","post","type-post","status-publish","format-standard","has-post-thumbnail","hentry","category-primaria","category-6e","category-general","category-portada","tag-6e","tag-escola-pau-delclos","tag-inspira-steam"],"post_mailing_queue_ids":[],"_links":{"self":[{"href":"https:\/\/agora.xtec.cat\/escolapaudelclos\/wp-json\/wp\/v2\/posts\/3196","targetHints":{"allow":["GET"]}}],"collection":[{"href":"https:\/\/agora.xtec.cat\/escolapaudelclos\/wp-json\/wp\/v2\/posts"}],"about":[{"href":"https:\/\/agora.xtec.cat\/escolapaudelclos\/wp-json\/wp\/v2\/types\/post"}],"author":[{"embeddable":true,"href":"https:\/\/agora.xtec.cat\/escolapaudelclos\/wp-json\/wp\/v2\/users\/1"}],"replies":[{"embeddable":true,"href":"https:\/\/agora.xtec.cat\/escolapaudelclos\/wp-json\/wp\/v2\/comments?post=3196"}],"version-history":[{"count":4,"href":"https:\/\/agora.xtec.cat\/escolapaudelclos\/wp-json\/wp\/v2\/posts\/3196\/revisions"}],"predecessor-version":[{"id":3224,"href":"https:\/\/agora.xtec.cat\/escolapaudelclos\/wp-json\/wp\/v2\/posts\/3196\/revisions\/3224"}],"wp:featuredmedia":[{"embeddable":true,"href":"https:\/\/agora.xtec.cat\/escolapaudelclos\/wp-json\/wp\/v2\/media\/3222"}],"wp:attachment":[{"href":"https:\/\/agora.xtec.cat\/escolapaudelclos\/wp-json\/wp\/v2\/media?parent=3196"}],"wp:term":[{"taxonomy":"category","embeddable":true,"href":"https:\/\/agora.xtec.cat\/escolapaudelclos\/wp-json\/wp\/v2\/categories?post=3196"},{"taxonomy":"post_tag","embeddable":true,"href":"https:\/\/agora.xtec.cat\/escolapaudelclos\/wp-json\/wp\/v2\/tags?post=3196"}],"curies":[{"name":"wp","href":"https:\/\/api.w.org\/{rel}","templated":true}]}}