{"id":3178,"date":"2025-03-21T13:19:10","date_gmt":"2025-03-21T12:19:10","guid":{"rendered":"https:\/\/agora.xtec.cat\/escolapaudelclos\/?p=3178"},"modified":"2025-03-21T16:09:01","modified_gmt":"2025-03-21T15:09:01","slug":"6e-mostra-musical-escola-municipal-de-musica","status":"publish","type":"post","link":"https:\/\/agora.xtec.cat\/escolapaudelclos\/general\/6e-mostra-musical-escola-municipal-de-musica\/","title":{"rendered":"6\u00e8 &#8211; Mostra musical Escola Municipal de M\u00fasica"},"content":{"rendered":"<p>Avui hem participat en una activitat molt especial promoguda per l\u2019IMET, on diverses escoles de Tarragona que realitzem activitats de m\u00fasica conjuntament amb l\u2019<strong>Escola Municipal de M\u00fasica<\/strong> hem pogut fer una mostra dels nostres aprenentatges.<\/p>\n<p>Hi han participat escoles i instituts amb propostes molt diverses: guitarres (com nosaltres!), violins, violoncels, corals, batucades i fins i tot percussi\u00f3 corporal! Ha estat un mat\u00ed ple de ritme, emoci\u00f3 i complicitat entre tots els centres participants.<\/p>\n<p>Ens ha fet molta il\u00b7lusi\u00f3 compartir aquest mat\u00ed amb companys i companyes d\u2019altres centres i descobrir els projectes musicals que duen a terme. Tot i la pluja i el canvi d&#8217;ubicaci\u00f3 de darrera hora, ha estat una experi\u00e8ncia enriquidora i motivadora!<\/p>\n<p>Des de l\u2019escola volem donar les gr\u00e0cies per tenir la sort de poder gaudir de classes de m\u00fasica d\u2019instrument amb professionals de l\u2019Escola Municipal de M\u00fasica de Tarragona, en especial al Miquel, que ens acompanya a descobrir i estimar la m\u00fasica d\u2019una manera especial, complementant el treball musical que ja fem a l\u2019escola.<\/p>\n<p style=\"text-align: center;\"><a href=\"https:\/\/agora.xtec.cat\/escolapaudelclos\/fotos-de-lescola\/fotos-de-6e\/\" target=\"_blank\" rel=\"noopener\"><img loading=\"lazy\" decoding=\"async\" class=\"alignnone wp-image-3185\" src=\"https:\/\/agora.xtec.cat\/escolapaudelclos\/wp-content\/uploads\/usu2656\/2025\/03\/Guitarres.png\" alt=\"\" width=\"413\" height=\"309\" srcset=\"https:\/\/agora.xtec.cat\/escolapaudelclos\/wp-content\/uploads\/usu2656\/2025\/03\/Guitarres.png 790w, https:\/\/agora.xtec.cat\/escolapaudelclos\/wp-content\/uploads\/usu2656\/2025\/03\/Guitarres-300x224.png 300w, https:\/\/agora.xtec.cat\/escolapaudelclos\/wp-content\/uploads\/usu2656\/2025\/03\/Guitarres-768x575.png 768w, https:\/\/agora.xtec.cat\/escolapaudelclos\/wp-content\/uploads\/usu2656\/2025\/03\/Guitarres-200x150.png 200w\" sizes=\"auto, (max-width: 413px) 100vw, 413px\" \/><\/a><\/p>\n<table style=\"border-collapse: collapse; width: 100%;\">\n<tbody>\n<tr>\n<td style=\"width: 50%; border-style: hidden;\"><a href=\"https:\/\/agora.xtec.cat\/escolapaudelclos\/wp-content\/uploads\/usu2656\/2025\/03\/IMG_20250321_102732-scaled.jpg\"><img loading=\"lazy\" decoding=\"async\" class=\"alignnone wp-image-3179\" src=\"https:\/\/agora.xtec.cat\/escolapaudelclos\/wp-content\/uploads\/usu2656\/2025\/03\/IMG_20250321_102732-scaled.jpg\" alt=\"\" width=\"525\" height=\"394\" srcset=\"https:\/\/agora.xtec.cat\/escolapaudelclos\/wp-content\/uploads\/usu2656\/2025\/03\/IMG_20250321_102732-scaled.jpg 2560w, https:\/\/agora.xtec.cat\/escolapaudelclos\/wp-content\/uploads\/usu2656\/2025\/03\/IMG_20250321_102732-300x225.jpg 300w, https:\/\/agora.xtec.cat\/escolapaudelclos\/wp-content\/uploads\/usu2656\/2025\/03\/IMG_20250321_102732-1024x769.jpg 1024w, https:\/\/agora.xtec.cat\/escolapaudelclos\/wp-content\/uploads\/usu2656\/2025\/03\/IMG_20250321_102732-768x577.jpg 768w, https:\/\/agora.xtec.cat\/escolapaudelclos\/wp-content\/uploads\/usu2656\/2025\/03\/IMG_20250321_102732-1536x1153.jpg 1536w, https:\/\/agora.xtec.cat\/escolapaudelclos\/wp-content\/uploads\/usu2656\/2025\/03\/IMG_20250321_102732-2048x1538.jpg 2048w, https:\/\/agora.xtec.cat\/escolapaudelclos\/wp-content\/uploads\/usu2656\/2025\/03\/IMG_20250321_102732-200x150.jpg 200w\" sizes=\"auto, (max-width: 525px) 100vw, 525px\" \/><\/a><\/td>\n<td style=\"width: 50%; border-style: hidden;\"><a href=\"https:\/\/agora.xtec.cat\/escolapaudelclos\/wp-content\/uploads\/usu2656\/2025\/03\/IMG_20250321_114505.jpg\"><img loading=\"lazy\" decoding=\"async\" class=\"alignnone size-full wp-image-3180\" src=\"https:\/\/agora.xtec.cat\/escolapaudelclos\/wp-content\/uploads\/usu2656\/2025\/03\/IMG_20250321_114505.jpg\" alt=\"\" width=\"1920\" height=\"1080\" srcset=\"https:\/\/agora.xtec.cat\/escolapaudelclos\/wp-content\/uploads\/usu2656\/2025\/03\/IMG_20250321_114505.jpg 1920w, https:\/\/agora.xtec.cat\/escolapaudelclos\/wp-content\/uploads\/usu2656\/2025\/03\/IMG_20250321_114505-300x169.jpg 300w, https:\/\/agora.xtec.cat\/escolapaudelclos\/wp-content\/uploads\/usu2656\/2025\/03\/IMG_20250321_114505-1024x576.jpg 1024w, https:\/\/agora.xtec.cat\/escolapaudelclos\/wp-content\/uploads\/usu2656\/2025\/03\/IMG_20250321_114505-768x432.jpg 768w, https:\/\/agora.xtec.cat\/escolapaudelclos\/wp-content\/uploads\/usu2656\/2025\/03\/IMG_20250321_114505-1536x864.jpg 1536w\" sizes=\"auto, (max-width: 1920px) 100vw, 1920px\" \/><\/a><\/td>\n<\/tr>\n<\/tbody>\n<\/table>\n<p>&nbsp;<\/p>\n","protected":false},"excerpt":{"rendered":"<p>Avui hem participat en una activitat molt especial promoguda per l\u2019IMET, on diverses escoles de Tarragona que realitzem activitats de m\u00fasica conjuntament amb l\u2019Escola Municipal de M\u00fasica hem pogut fer una mostra dels nostres aprenentatges. Hi han participat escoles i instituts amb propostes molt diverses: guitarres (com nosaltres!), violins, violoncels, corals, batucades i fins i [&hellip;]<\/p>\n","protected":false},"author":1,"featured_media":3185,"comment_status":"open","ping_status":"closed","sticky":false,"template":"","format":"standard","meta":{"_bbp_topic_count":0,"_bbp_reply_count":0,"_bbp_total_topic_count":0,"_bbp_total_reply_count":0,"_bbp_voice_count":0,"_bbp_anonymous_reply_count":0,"_bbp_topic_count_hidden":0,"_bbp_reply_count_hidden":0,"_bbp_forum_subforum_count":0,"site-sidebar-layout":"default","site-content-layout":"","ast-site-content-layout":"","site-content-style":"default","site-sidebar-style":"default","ast-global-header-display":"","ast-banner-title-visibility":"","ast-main-header-display":"","ast-hfb-above-header-display":"","ast-hfb-below-header-display":"","ast-hfb-mobile-header-display":"","site-post-title":"","ast-breadcrumbs-content":"","ast-featured-img":"","footer-sml-layout":"","theme-transparent-header-meta":"","adv-header-id-meta":"","stick-header-meta":"","header-above-stick-meta":"","header-main-stick-meta":"","header-below-stick-meta":"","astra-migrate-meta-layouts":"default","ast-page-background-enabled":"default","ast-page-background-meta":{"desktop":{"background-color":"var(--ast-global-color-4)","background-image":"","background-repeat":"repeat","background-position":"center center","background-size":"auto","background-attachment":"scroll","background-type":"","background-media":"","overlay-type":"","overlay-color":"","overlay-opacity":"","overlay-gradient":""},"tablet":{"background-color":"","background-image":"","background-repeat":"repeat","background-position":"center center","background-size":"auto","background-attachment":"scroll","background-type":"","background-media":"","overlay-type":"","overlay-color":"","overlay-opacity":"","overlay-gradient":""},"mobile":{"background-color":"","background-image":"","background-repeat":"repeat","background-position":"center center","background-size":"auto","background-attachment":"scroll","background-type":"","background-media":"","overlay-type":"","overlay-color":"","overlay-opacity":"","overlay-gradient":""}},"ast-content-background-meta":{"desktop":{"background-color":"var(--ast-global-color-5)","background-image":"","background-repeat":"repeat","background-position":"center center","background-size":"auto","background-attachment":"scroll","background-type":"","background-media":"","overlay-type":"","overlay-color":"","overlay-opacity":"","overlay-gradient":""},"tablet":{"background-color":"var(--ast-global-color-5)","background-image":"","background-repeat":"repeat","background-position":"center center","background-size":"auto","background-attachment":"scroll","background-type":"","background-media":"","overlay-type":"","overlay-color":"","overlay-opacity":"","overlay-gradient":""},"mobile":{"background-color":"var(--ast-global-color-5)","background-image":"","background-repeat":"repeat","background-position":"center center","background-size":"auto","background-attachment":"scroll","background-type":"","background-media":"","overlay-type":"","overlay-color":"","overlay-opacity":"","overlay-gradient":""}},"footnotes":""},"categories":[5,15,1,4],"tags":[321,62,322,81],"class_list":["post-3178","post","type-post","status-publish","format-standard","has-post-thumbnail","hentry","category-primaria","category-6e","category-general","category-portada","tag-6e","tag-escola-pau-delclos","tag-guitarres","tag-musica"],"post_mailing_queue_ids":[],"_links":{"self":[{"href":"https:\/\/agora.xtec.cat\/escolapaudelclos\/wp-json\/wp\/v2\/posts\/3178","targetHints":{"allow":["GET"]}}],"collection":[{"href":"https:\/\/agora.xtec.cat\/escolapaudelclos\/wp-json\/wp\/v2\/posts"}],"about":[{"href":"https:\/\/agora.xtec.cat\/escolapaudelclos\/wp-json\/wp\/v2\/types\/post"}],"author":[{"embeddable":true,"href":"https:\/\/agora.xtec.cat\/escolapaudelclos\/wp-json\/wp\/v2\/users\/1"}],"replies":[{"embeddable":true,"href":"https:\/\/agora.xtec.cat\/escolapaudelclos\/wp-json\/wp\/v2\/comments?post=3178"}],"version-history":[{"count":6,"href":"https:\/\/agora.xtec.cat\/escolapaudelclos\/wp-json\/wp\/v2\/posts\/3178\/revisions"}],"predecessor-version":[{"id":3188,"href":"https:\/\/agora.xtec.cat\/escolapaudelclos\/wp-json\/wp\/v2\/posts\/3178\/revisions\/3188"}],"wp:featuredmedia":[{"embeddable":true,"href":"https:\/\/agora.xtec.cat\/escolapaudelclos\/wp-json\/wp\/v2\/media\/3185"}],"wp:attachment":[{"href":"https:\/\/agora.xtec.cat\/escolapaudelclos\/wp-json\/wp\/v2\/media?parent=3178"}],"wp:term":[{"taxonomy":"category","embeddable":true,"href":"https:\/\/agora.xtec.cat\/escolapaudelclos\/wp-json\/wp\/v2\/categories?post=3178"},{"taxonomy":"post_tag","embeddable":true,"href":"https:\/\/agora.xtec.cat\/escolapaudelclos\/wp-json\/wp\/v2\/tags?post=3178"}],"curies":[{"name":"wp","href":"https:\/\/api.w.org\/{rel}","templated":true}]}}