{"id":3139,"date":"2025-03-07T15:51:36","date_gmt":"2025-03-07T14:51:36","guid":{"rendered":"https:\/\/agora.xtec.cat\/escolapaudelclos\/?p=3139"},"modified":"2025-03-10T09:46:17","modified_gmt":"2025-03-10T08:46:17","slug":"5e-fi-del-projecte-femeco","status":"publish","type":"post","link":"https:\/\/agora.xtec.cat\/escolapaudelclos\/general\/5e-fi-del-projecte-femeco\/","title":{"rendered":"5\u00e8 &#8211; Fi del projecte FEMECO"},"content":{"rendered":"<p>El passat mes de febrer, l&#8217;alumnat de 5\u00e8 acomiada el projecte FEMECO amb una sessi\u00f3 de r\u00e0dio-teatre.<\/p>\n<p>Gr\u00e0cies al projecte FEMECO, hem pogut comprendre les causes estructurals de les vulneracions al medi natural i a les persones des d\u2019una visi\u00f3 de just\u00edcia global i el nostre dret a la no discriminaci\u00f3 i a un medi ambient sa.<\/p>\n<p>Podeu veure m\u00e9s imatges sobre el projecte <a href=\"https:\/\/agora.xtec.cat\/escolapaudelclos\/fotos-de-lescola\/fotos-de-5e\/\" target=\"_blank\" rel=\"noopener\">aqu\u00ed<\/a> o clicant a la imatge.<\/p>\n<p><a href=\"https:\/\/agora.xtec.cat\/escolapaudelclos\/fotos-de-lescola\/fotos-de-5e\/\" target=\"_blank\" rel=\"noopener\"><img loading=\"lazy\" decoding=\"async\" class=\"aligncenter size-full wp-image-3141\" src=\"https:\/\/agora.xtec.cat\/escolapaudelclos\/wp-content\/uploads\/usu2656\/2025\/03\/Captura-de-pantalla-2025-03-07-154529.png\" alt=\"\" width=\"762\" height=\"538\" srcset=\"https:\/\/agora.xtec.cat\/escolapaudelclos\/wp-content\/uploads\/usu2656\/2025\/03\/Captura-de-pantalla-2025-03-07-154529.png 762w, https:\/\/agora.xtec.cat\/escolapaudelclos\/wp-content\/uploads\/usu2656\/2025\/03\/Captura-de-pantalla-2025-03-07-154529-300x212.png 300w\" sizes=\"auto, (max-width: 762px) 100vw, 762px\" \/><\/a><\/p>\n","protected":false},"excerpt":{"rendered":"<p>El passat mes de febrer, l&#8217;alumnat de 5\u00e8 acomiada el projecte FEMECO amb una sessi\u00f3 de r\u00e0dio-teatre. Gr\u00e0cies al projecte FEMECO, hem pogut comprendre les causes estructurals de les vulneracions al medi natural i a les persones des d\u2019una visi\u00f3 de just\u00edcia global i el nostre dret a la no discriminaci\u00f3 i a un medi [&hellip;]<\/p>\n","protected":false},"author":1,"featured_media":3141,"comment_status":"open","ping_status":"closed","sticky":false,"template":"","format":"standard","meta":{"_bbp_topic_count":0,"_bbp_reply_count":0,"_bbp_total_topic_count":0,"_bbp_total_reply_count":0,"_bbp_voice_count":0,"_bbp_anonymous_reply_count":0,"_bbp_topic_count_hidden":0,"_bbp_reply_count_hidden":0,"_bbp_forum_subforum_count":0,"site-sidebar-layout":"default","site-content-layout":"","ast-site-content-layout":"","site-content-style":"default","site-sidebar-style":"default","ast-global-header-display":"","ast-banner-title-visibility":"","ast-main-header-display":"","ast-hfb-above-header-display":"","ast-hfb-below-header-display":"","ast-hfb-mobile-header-display":"","site-post-title":"","ast-breadcrumbs-content":"","ast-featured-img":"","footer-sml-layout":"","theme-transparent-header-meta":"","adv-header-id-meta":"","stick-header-meta":"","header-above-stick-meta":"","header-main-stick-meta":"","header-below-stick-meta":"","astra-migrate-meta-layouts":"default","ast-page-background-enabled":"default","ast-page-background-meta":{"desktop":{"background-color":"var(--ast-global-color-4)","background-image":"","background-repeat":"repeat","background-position":"center center","background-size":"auto","background-attachment":"scroll","background-type":"","background-media":"","overlay-type":"","overlay-color":"","overlay-opacity":"","overlay-gradient":""},"tablet":{"background-color":"","background-image":"","background-repeat":"repeat","background-position":"center center","background-size":"auto","background-attachment":"scroll","background-type":"","background-media":"","overlay-type":"","overlay-color":"","overlay-opacity":"","overlay-gradient":""},"mobile":{"background-color":"","background-image":"","background-repeat":"repeat","background-position":"center center","background-size":"auto","background-attachment":"scroll","background-type":"","background-media":"","overlay-type":"","overlay-color":"","overlay-opacity":"","overlay-gradient":""}},"ast-content-background-meta":{"desktop":{"background-color":"var(--ast-global-color-5)","background-image":"","background-repeat":"repeat","background-position":"center center","background-size":"auto","background-attachment":"scroll","background-type":"","background-media":"","overlay-type":"","overlay-color":"","overlay-opacity":"","overlay-gradient":""},"tablet":{"background-color":"var(--ast-global-color-5)","background-image":"","background-repeat":"repeat","background-position":"center center","background-size":"auto","background-attachment":"scroll","background-type":"","background-media":"","overlay-type":"","overlay-color":"","overlay-opacity":"","overlay-gradient":""},"mobile":{"background-color":"var(--ast-global-color-5)","background-image":"","background-repeat":"repeat","background-position":"center center","background-size":"auto","background-attachment":"scroll","background-type":"","background-media":"","overlay-type":"","overlay-color":"","overlay-opacity":"","overlay-gradient":""}},"footnotes":""},"categories":[5,14,1,4],"tags":[374,75,320,428],"class_list":["post-3139","post","type-post","status-publish","format-standard","has-post-thumbnail","hentry","category-primaria","category-5e","category-general","category-portada","tag-5e","tag-cinque","tag-educacio-primaria","tag-femeco"],"post_mailing_queue_ids":[],"_links":{"self":[{"href":"https:\/\/agora.xtec.cat\/escolapaudelclos\/wp-json\/wp\/v2\/posts\/3139","targetHints":{"allow":["GET"]}}],"collection":[{"href":"https:\/\/agora.xtec.cat\/escolapaudelclos\/wp-json\/wp\/v2\/posts"}],"about":[{"href":"https:\/\/agora.xtec.cat\/escolapaudelclos\/wp-json\/wp\/v2\/types\/post"}],"author":[{"embeddable":true,"href":"https:\/\/agora.xtec.cat\/escolapaudelclos\/wp-json\/wp\/v2\/users\/1"}],"replies":[{"embeddable":true,"href":"https:\/\/agora.xtec.cat\/escolapaudelclos\/wp-json\/wp\/v2\/comments?post=3139"}],"version-history":[{"count":3,"href":"https:\/\/agora.xtec.cat\/escolapaudelclos\/wp-json\/wp\/v2\/posts\/3139\/revisions"}],"predecessor-version":[{"id":3143,"href":"https:\/\/agora.xtec.cat\/escolapaudelclos\/wp-json\/wp\/v2\/posts\/3139\/revisions\/3143"}],"wp:featuredmedia":[{"embeddable":true,"href":"https:\/\/agora.xtec.cat\/escolapaudelclos\/wp-json\/wp\/v2\/media\/3141"}],"wp:attachment":[{"href":"https:\/\/agora.xtec.cat\/escolapaudelclos\/wp-json\/wp\/v2\/media?parent=3139"}],"wp:term":[{"taxonomy":"category","embeddable":true,"href":"https:\/\/agora.xtec.cat\/escolapaudelclos\/wp-json\/wp\/v2\/categories?post=3139"},{"taxonomy":"post_tag","embeddable":true,"href":"https:\/\/agora.xtec.cat\/escolapaudelclos\/wp-json\/wp\/v2\/tags?post=3139"}],"curies":[{"name":"wp","href":"https:\/\/api.w.org\/{rel}","templated":true}]}}