{"id":3104,"date":"2025-02-28T20:45:49","date_gmt":"2025-02-28T19:45:49","guid":{"rendered":"https:\/\/agora.xtec.cat\/escolapaudelclos\/?p=3104"},"modified":"2025-03-05T15:36:31","modified_gmt":"2025-03-05T14:36:31","slug":"celebrem-el-carnaval","status":"publish","type":"post","link":"https:\/\/agora.xtec.cat\/escolapaudelclos\/general\/celebrem-el-carnaval\/","title":{"rendered":"Celebrem el carnaval!"},"content":{"rendered":"<p>Avui ha estat un dia especial i ple de color a l&#8217;Escola Pau Delcl\u00f2s: hem celebrat el carnaval!<\/p>\n<p>Durant el mat\u00ed, les classes s&#8217;han comen\u00e7at a animar amb activitats festives on la creativitat i la diversi\u00f3 han estat els protagonistes.<\/p>\n<p>A l&#8217;hora del pati, la sorpresa ha estat m\u00e0xima quan el <strong>Rei Carnestoltes i la Concubina<\/strong>, acompanyats pels nostres timbalers i timbaleres de l&#8217;escola, han fet la seva gran entrada, omplint de m\u00fasica i alegria cada rac\u00f3.<\/p>\n<p>La festa ha continuat per la tarda, quan totes i tots hem baixat al pati per unir-nos a la celebraci\u00f3. El Rei Carnestoltes i la Concubina han recitat <strong>versos<\/strong> dedicats a l&#8217;escola, mentre un grup de <strong>hippies<\/strong> ens ha visitat, contagiant-nos amb el seu <strong>esperit lliure<\/strong> i les seves<strong> can\u00e7ons<\/strong> que ens han fet <strong>ballar<\/strong> sense parar.<\/p>\n<p>Per coronar aquest dia tan festiu, l&#8217;<strong>AFA<\/strong> ens ha delitat amb un <strong>berenar de coca amb xocolata<\/strong>. Un final dol\u00e7 per a una jornada plena de<strong> rialles<\/strong>, <strong>dansa<\/strong> i, sobretot, molt\u00edssima <strong>diversi\u00f3<\/strong> en companyia dels nostres amics i amigues de l&#8217;escola.<\/p>\n<p><strong>Gr\u00e0cies a tothom per fer, d&#8217;aquest Carnaval, un dia tan hippie i especial!<\/strong><\/p>\n<p style=\"text-align: center;\">\n<p><a href=\"https:\/\/agora.xtec.cat\/escolapaudelclos\/fotos-de-lescola\/\" target=\"_blank\" rel=\"noopener\"><img loading=\"lazy\" decoding=\"async\" class=\"aligncenter wp-image-3105 size-full\" src=\"https:\/\/agora.xtec.cat\/escolapaudelclos\/wp-content\/uploads\/usu2656\/2025\/02\/Carnaval.png\" alt=\"\" width=\"539\" height=\"470\" srcset=\"https:\/\/agora.xtec.cat\/escolapaudelclos\/wp-content\/uploads\/usu2656\/2025\/02\/Carnaval.png 539w, https:\/\/agora.xtec.cat\/escolapaudelclos\/wp-content\/uploads\/usu2656\/2025\/02\/Carnaval-300x262.png 300w\" sizes=\"auto, (max-width: 539px) 100vw, 539px\" \/><\/a><\/p>\n<p>&nbsp;<\/p>\n<p>&nbsp;<\/p>\n","protected":false},"excerpt":{"rendered":"<p>Avui ha estat un dia especial i ple de color a l&#8217;Escola Pau Delcl\u00f2s: hem celebrat el carnaval! Durant el mat\u00ed, les classes s&#8217;han comen\u00e7at a animar amb activitats festives on la creativitat i la diversi\u00f3 han estat els protagonistes. A l&#8217;hora del pati, la sorpresa ha estat m\u00e0xima quan el Rei Carnestoltes i la [&hellip;]<\/p>\n","protected":false},"author":1,"featured_media":3105,"comment_status":"open","ping_status":"closed","sticky":false,"template":"","format":"standard","meta":{"_bbp_topic_count":0,"_bbp_reply_count":0,"_bbp_total_topic_count":0,"_bbp_total_reply_count":0,"_bbp_voice_count":0,"_bbp_anonymous_reply_count":0,"_bbp_topic_count_hidden":0,"_bbp_reply_count_hidden":0,"_bbp_forum_subforum_count":0,"site-sidebar-layout":"default","site-content-layout":"","ast-site-content-layout":"","site-content-style":"default","site-sidebar-style":"default","ast-global-header-display":"","ast-banner-title-visibility":"","ast-main-header-display":"","ast-hfb-above-header-display":"","ast-hfb-below-header-display":"","ast-hfb-mobile-header-display":"","site-post-title":"","ast-breadcrumbs-content":"","ast-featured-img":"","footer-sml-layout":"","theme-transparent-header-meta":"","adv-header-id-meta":"","stick-header-meta":"","header-above-stick-meta":"","header-main-stick-meta":"","header-below-stick-meta":"","astra-migrate-meta-layouts":"default","ast-page-background-enabled":"default","ast-page-background-meta":{"desktop":{"background-color":"var(--ast-global-color-4)","background-image":"","background-repeat":"repeat","background-position":"center center","background-size":"auto","background-attachment":"scroll","background-type":"","background-media":"","overlay-type":"","overlay-color":"","overlay-opacity":"","overlay-gradient":""},"tablet":{"background-color":"","background-image":"","background-repeat":"repeat","background-position":"center center","background-size":"auto","background-attachment":"scroll","background-type":"","background-media":"","overlay-type":"","overlay-color":"","overlay-opacity":"","overlay-gradient":""},"mobile":{"background-color":"","background-image":"","background-repeat":"repeat","background-position":"center center","background-size":"auto","background-attachment":"scroll","background-type":"","background-media":"","overlay-type":"","overlay-color":"","overlay-opacity":"","overlay-gradient":""}},"ast-content-background-meta":{"desktop":{"background-color":"var(--ast-global-color-5)","background-image":"","background-repeat":"repeat","background-position":"center center","background-size":"auto","background-attachment":"scroll","background-type":"","background-media":"","overlay-type":"","overlay-color":"","overlay-opacity":"","overlay-gradient":""},"tablet":{"background-color":"var(--ast-global-color-5)","background-image":"","background-repeat":"repeat","background-position":"center center","background-size":"auto","background-attachment":"scroll","background-type":"","background-media":"","overlay-type":"","overlay-color":"","overlay-opacity":"","overlay-gradient":""},"mobile":{"background-color":"var(--ast-global-color-5)","background-image":"","background-repeat":"repeat","background-position":"center center","background-size":"auto","background-attachment":"scroll","background-type":"","background-media":"","overlay-type":"","overlay-color":"","overlay-opacity":"","overlay-gradient":""}},"footnotes":""},"categories":[2,5,10,11,12,13,14,15,7,1,3,8,9,4],"tags":[410,443,442,125,62,127,441,81,424],"class_list":["post-3104","post","type-post","status-publish","format-standard","has-post-thumbnail","hentry","category-infantil","category-primaria","category-1r","category-2n","category-3r","category-4t","category-5e","category-6e","category-umpa","category-general","category-i3","category-i4","category-i5","category-portada","tag-afa","tag-ballar","tag-cancons","tag-carnaval","tag-escola-pau-delclos","tag-festa","tag-hippies","tag-musica","tag-tradicio"],"post_mailing_queue_ids":[],"_links":{"self":[{"href":"https:\/\/agora.xtec.cat\/escolapaudelclos\/wp-json\/wp\/v2\/posts\/3104","targetHints":{"allow":["GET"]}}],"collection":[{"href":"https:\/\/agora.xtec.cat\/escolapaudelclos\/wp-json\/wp\/v2\/posts"}],"about":[{"href":"https:\/\/agora.xtec.cat\/escolapaudelclos\/wp-json\/wp\/v2\/types\/post"}],"author":[{"embeddable":true,"href":"https:\/\/agora.xtec.cat\/escolapaudelclos\/wp-json\/wp\/v2\/users\/1"}],"replies":[{"embeddable":true,"href":"https:\/\/agora.xtec.cat\/escolapaudelclos\/wp-json\/wp\/v2\/comments?post=3104"}],"version-history":[{"count":5,"href":"https:\/\/agora.xtec.cat\/escolapaudelclos\/wp-json\/wp\/v2\/posts\/3104\/revisions"}],"predecessor-version":[{"id":3131,"href":"https:\/\/agora.xtec.cat\/escolapaudelclos\/wp-json\/wp\/v2\/posts\/3104\/revisions\/3131"}],"wp:featuredmedia":[{"embeddable":true,"href":"https:\/\/agora.xtec.cat\/escolapaudelclos\/wp-json\/wp\/v2\/media\/3105"}],"wp:attachment":[{"href":"https:\/\/agora.xtec.cat\/escolapaudelclos\/wp-json\/wp\/v2\/media?parent=3104"}],"wp:term":[{"taxonomy":"category","embeddable":true,"href":"https:\/\/agora.xtec.cat\/escolapaudelclos\/wp-json\/wp\/v2\/categories?post=3104"},{"taxonomy":"post_tag","embeddable":true,"href":"https:\/\/agora.xtec.cat\/escolapaudelclos\/wp-json\/wp\/v2\/tags?post=3104"}],"curies":[{"name":"wp","href":"https:\/\/api.w.org\/{rel}","templated":true}]}}