{"id":3062,"date":"2025-02-21T12:42:55","date_gmt":"2025-02-21T11:42:55","guid":{"rendered":"https:\/\/agora.xtec.cat\/escolapaudelclos\/?p=3062"},"modified":"2025-02-21T12:41:24","modified_gmt":"2025-02-21T11:41:24","slug":"1r-dones-emprenedores-junko-tabei","status":"publish","type":"post","link":"https:\/\/agora.xtec.cat\/escolapaudelclos\/general\/1r-dones-emprenedores-junko-tabei\/","title":{"rendered":"1r &#8211; Dones emprenedores JUNKO TABEI"},"content":{"rendered":"<p>A 1r de prim\u00e0ria estem treballant el projecte &#8220;Dones emprenedores&#8221;, i aquest trimestre ens hem endinsat en la vida de Junko Tabei, la primera dona que va coronar l\u2019Everest.<\/p>\n<p>Vam comen\u00e7ar amb una sessi\u00f3 de motivaci\u00f3 molt especial: a la classe va arribar una maleta misteriosa amb material d\u2019alpinisme i una nota. Els nens i nenes van haver d\u2019investigar de qui es tractava i quina era la seva professi\u00f3.<\/p>\n<p>A trav\u00e9s de diferents activitats, hem descobert la seva biografia, hem apr\u00e8s quines s\u00f3n les muntanyes m\u00e9s altes del m\u00f3n i on es troben. A m\u00e9s, hem reflexionat sobre la import\u00e0ncia de cuidar el medi ambient, parlant de la problem\u00e0tica dels residus que deixen els alpinistes a les muntanyes.<\/p>\n<p>Una experi\u00e8ncia enriquidora per treballar la hist\u00f2ria d\u2019una dona valenta i la cura del nostre planeta!<\/p>\n<p>&nbsp;<\/p>\n<p><a href=\"https:\/\/agora.xtec.cat\/escolapaudelclos\/wp-content\/uploads\/usu2656\/2025\/02\/Autumn.png\"><img loading=\"lazy\" decoding=\"async\" class=\" wp-image-3063 aligncenter\" src=\"https:\/\/agora.xtec.cat\/escolapaudelclos\/wp-content\/uploads\/usu2656\/2025\/02\/Autumn.png\" alt=\"\" width=\"611\" height=\"864\" srcset=\"https:\/\/agora.xtec.cat\/escolapaudelclos\/wp-content\/uploads\/usu2656\/2025\/02\/Autumn.png 777w, https:\/\/agora.xtec.cat\/escolapaudelclos\/wp-content\/uploads\/usu2656\/2025\/02\/Autumn-212x300.png 212w, https:\/\/agora.xtec.cat\/escolapaudelclos\/wp-content\/uploads\/usu2656\/2025\/02\/Autumn-724x1024.png 724w, https:\/\/agora.xtec.cat\/escolapaudelclos\/wp-content\/uploads\/usu2656\/2025\/02\/Autumn-768x1086.png 768w\" sizes=\"auto, (max-width: 611px) 100vw, 611px\" \/><\/a><\/p>\n","protected":false},"excerpt":{"rendered":"<p>A 1r de prim\u00e0ria estem treballant el projecte &#8220;Dones emprenedores&#8221;, i aquest trimestre ens hem endinsat en la vida de Junko Tabei, la primera dona que va coronar l\u2019Everest. Vam comen\u00e7ar amb una sessi\u00f3 de motivaci\u00f3 molt especial: a la classe va arribar una maleta misteriosa amb material d\u2019alpinisme i una nota. Els nens i [&hellip;]<\/p>\n","protected":false},"author":1,"featured_media":3063,"comment_status":"open","ping_status":"closed","sticky":false,"template":"","format":"standard","meta":{"_bbp_topic_count":0,"_bbp_reply_count":0,"_bbp_total_topic_count":0,"_bbp_total_reply_count":0,"_bbp_voice_count":0,"_bbp_anonymous_reply_count":0,"_bbp_topic_count_hidden":0,"_bbp_reply_count_hidden":0,"_bbp_forum_subforum_count":0,"site-sidebar-layout":"default","site-content-layout":"","ast-site-content-layout":"","site-content-style":"default","site-sidebar-style":"default","ast-global-header-display":"","ast-banner-title-visibility":"","ast-main-header-display":"","ast-hfb-above-header-display":"","ast-hfb-below-header-display":"","ast-hfb-mobile-header-display":"","site-post-title":"","ast-breadcrumbs-content":"","ast-featured-img":"","footer-sml-layout":"","theme-transparent-header-meta":"","adv-header-id-meta":"","stick-header-meta":"","header-above-stick-meta":"","header-main-stick-meta":"","header-below-stick-meta":"","astra-migrate-meta-layouts":"default","ast-page-background-enabled":"default","ast-page-background-meta":{"desktop":{"background-color":"var(--ast-global-color-4)","background-image":"","background-repeat":"repeat","background-position":"center center","background-size":"auto","background-attachment":"scroll","background-type":"","background-media":"","overlay-type":"","overlay-color":"","overlay-opacity":"","overlay-gradient":""},"tablet":{"background-color":"","background-image":"","background-repeat":"repeat","background-position":"center center","background-size":"auto","background-attachment":"scroll","background-type":"","background-media":"","overlay-type":"","overlay-color":"","overlay-opacity":"","overlay-gradient":""},"mobile":{"background-color":"","background-image":"","background-repeat":"repeat","background-position":"center center","background-size":"auto","background-attachment":"scroll","background-type":"","background-media":"","overlay-type":"","overlay-color":"","overlay-opacity":"","overlay-gradient":""}},"ast-content-background-meta":{"desktop":{"background-color":"var(--ast-global-color-5)","background-image":"","background-repeat":"repeat","background-position":"center center","background-size":"auto","background-attachment":"scroll","background-type":"","background-media":"","overlay-type":"","overlay-color":"","overlay-opacity":"","overlay-gradient":""},"tablet":{"background-color":"var(--ast-global-color-5)","background-image":"","background-repeat":"repeat","background-position":"center center","background-size":"auto","background-attachment":"scroll","background-type":"","background-media":"","overlay-type":"","overlay-color":"","overlay-opacity":"","overlay-gradient":""},"mobile":{"background-color":"var(--ast-global-color-5)","background-image":"","background-repeat":"repeat","background-position":"center center","background-size":"auto","background-attachment":"scroll","background-type":"","background-media":"","overlay-type":"","overlay-color":"","overlay-opacity":"","overlay-gradient":""}},"footnotes":""},"categories":[5,10,1,4],"tags":[114,139,62,432,433],"class_list":["post-3062","post","type-post","status-publish","format-standard","has-post-thumbnail","hentry","category-primaria","category-1r","category-general","category-portada","tag-1r","tag-dones-emprenedores","tag-escola-pau-delclos","tag-junko-tabei","tag-maleta-misteriosa"],"post_mailing_queue_ids":[],"_links":{"self":[{"href":"https:\/\/agora.xtec.cat\/escolapaudelclos\/wp-json\/wp\/v2\/posts\/3062","targetHints":{"allow":["GET"]}}],"collection":[{"href":"https:\/\/agora.xtec.cat\/escolapaudelclos\/wp-json\/wp\/v2\/posts"}],"about":[{"href":"https:\/\/agora.xtec.cat\/escolapaudelclos\/wp-json\/wp\/v2\/types\/post"}],"author":[{"embeddable":true,"href":"https:\/\/agora.xtec.cat\/escolapaudelclos\/wp-json\/wp\/v2\/users\/1"}],"replies":[{"embeddable":true,"href":"https:\/\/agora.xtec.cat\/escolapaudelclos\/wp-json\/wp\/v2\/comments?post=3062"}],"version-history":[{"count":2,"href":"https:\/\/agora.xtec.cat\/escolapaudelclos\/wp-json\/wp\/v2\/posts\/3062\/revisions"}],"predecessor-version":[{"id":3065,"href":"https:\/\/agora.xtec.cat\/escolapaudelclos\/wp-json\/wp\/v2\/posts\/3062\/revisions\/3065"}],"wp:featuredmedia":[{"embeddable":true,"href":"https:\/\/agora.xtec.cat\/escolapaudelclos\/wp-json\/wp\/v2\/media\/3063"}],"wp:attachment":[{"href":"https:\/\/agora.xtec.cat\/escolapaudelclos\/wp-json\/wp\/v2\/media?parent=3062"}],"wp:term":[{"taxonomy":"category","embeddable":true,"href":"https:\/\/agora.xtec.cat\/escolapaudelclos\/wp-json\/wp\/v2\/categories?post=3062"},{"taxonomy":"post_tag","embeddable":true,"href":"https:\/\/agora.xtec.cat\/escolapaudelclos\/wp-json\/wp\/v2\/tags?post=3062"}],"curies":[{"name":"wp","href":"https:\/\/api.w.org\/{rel}","templated":true}]}}