{"id":3018,"date":"2025-01-30T13:18:03","date_gmt":"2025-01-30T12:18:03","guid":{"rendered":"https:\/\/agora.xtec.cat\/escolapaudelclos\/?p=3018"},"modified":"2025-01-30T13:21:12","modified_gmt":"2025-01-30T12:21:12","slug":"5e-celebracio-del-dia-escolar-de-la-no-violencia-i-la-pau-denip","status":"publish","type":"post","link":"https:\/\/agora.xtec.cat\/escolapaudelclos\/general\/5e-celebracio-del-dia-escolar-de-la-no-violencia-i-la-pau-denip\/","title":{"rendered":"5\u00e8 &#8211; Celebraci\u00f3 del Dia Escolar de la No-Viol\u00e8ncia i la Pau (DENIP)"},"content":{"rendered":"<p>Avui, l&#8217;alumnat de <strong>5\u00e8 de prim\u00e0ria<\/strong>\u00a0ha participat en la celebraci\u00f3 del <strong>Dia Escolar de la No-Viol\u00e8ncia i la Pau (DENIP)<\/strong>, un esdeveniment que ha reunit escoles i instituts de tota Tarragona.<\/p>\n<p>En aquest acte, hem compartit moments especials amb altres centres educatius, reflexionant sobre la import\u00e0ncia de la <strong>pau, el respecte i la conviv\u00e8ncia<\/strong>. Amb can\u00e7ons, missatges i activitats col\u00b7laboratives, els nostres nens i nenes han expressat el seu comprom\u00eds per fer del m\u00f3n un lloc millor.<\/p>\n<p>Ha estat un mat\u00ed molt enriquidor, on l\u2019educaci\u00f3 en valors ha estat la protagonista.<\/p>\n<p><strong>Gr\u00e0cies a l&#8217;organitzaci\u00f3 i a totes les escoles participants per fer-ho possible!<\/strong><\/p>\n<p>Trobareu m\u00e9s fotos i v\u00eddeos a l&#8217;<a href=\"https:\/\/agora.xtec.cat\/escolapaudelclos\/fotos-de-lescola\/\" target=\"_blank\" rel=\"noopener\">apartat de fotos<\/a> del web!<\/p>\n<p><a href=\"https:\/\/agora.xtec.cat\/escolapaudelclos\/wp-content\/uploads\/usu2656\/2025\/01\/DENIP-5e.png\"><img loading=\"lazy\" decoding=\"async\" class=\"aligncenter wp-image-3019 \" src=\"https:\/\/agora.xtec.cat\/escolapaudelclos\/wp-content\/uploads\/usu2656\/2025\/01\/DENIP-5e.png\" alt=\"\" width=\"810\" height=\"409\" srcset=\"https:\/\/agora.xtec.cat\/escolapaudelclos\/wp-content\/uploads\/usu2656\/2025\/01\/DENIP-5e.png 1759w, https:\/\/agora.xtec.cat\/escolapaudelclos\/wp-content\/uploads\/usu2656\/2025\/01\/DENIP-5e-300x151.png 300w, https:\/\/agora.xtec.cat\/escolapaudelclos\/wp-content\/uploads\/usu2656\/2025\/01\/DENIP-5e-1024x517.png 1024w, https:\/\/agora.xtec.cat\/escolapaudelclos\/wp-content\/uploads\/usu2656\/2025\/01\/DENIP-5e-768x388.png 768w, https:\/\/agora.xtec.cat\/escolapaudelclos\/wp-content\/uploads\/usu2656\/2025\/01\/DENIP-5e-1536x775.png 1536w\" sizes=\"auto, (max-width: 810px) 100vw, 810px\" \/><\/a><\/p>\n","protected":false},"excerpt":{"rendered":"<p>Avui, l&#8217;alumnat de 5\u00e8 de prim\u00e0ria\u00a0ha participat en la celebraci\u00f3 del Dia Escolar de la No-Viol\u00e8ncia i la Pau (DENIP), un esdeveniment que ha reunit escoles i instituts de tota Tarragona. En aquest acte, hem compartit moments especials amb altres centres educatius, reflexionant sobre la import\u00e0ncia de la pau, el respecte i la conviv\u00e8ncia. Amb [&hellip;]<\/p>\n","protected":false},"author":1,"featured_media":3019,"comment_status":"open","ping_status":"closed","sticky":false,"template":"","format":"standard","meta":{"_bbp_topic_count":0,"_bbp_reply_count":0,"_bbp_total_topic_count":0,"_bbp_total_reply_count":0,"_bbp_voice_count":0,"_bbp_anonymous_reply_count":0,"_bbp_topic_count_hidden":0,"_bbp_reply_count_hidden":0,"_bbp_forum_subforum_count":0,"site-sidebar-layout":"default","site-content-layout":"","ast-site-content-layout":"","site-content-style":"default","site-sidebar-style":"default","ast-global-header-display":"","ast-banner-title-visibility":"","ast-main-header-display":"","ast-hfb-above-header-display":"","ast-hfb-below-header-display":"","ast-hfb-mobile-header-display":"","site-post-title":"","ast-breadcrumbs-content":"","ast-featured-img":"","footer-sml-layout":"","theme-transparent-header-meta":"","adv-header-id-meta":"","stick-header-meta":"","header-above-stick-meta":"","header-main-stick-meta":"","header-below-stick-meta":"","astra-migrate-meta-layouts":"default","ast-page-background-enabled":"default","ast-page-background-meta":{"desktop":{"background-color":"var(--ast-global-color-4)","background-image":"","background-repeat":"repeat","background-position":"center center","background-size":"auto","background-attachment":"scroll","background-type":"","background-media":"","overlay-type":"","overlay-color":"","overlay-opacity":"","overlay-gradient":""},"tablet":{"background-color":"","background-image":"","background-repeat":"repeat","background-position":"center center","background-size":"auto","background-attachment":"scroll","background-type":"","background-media":"","overlay-type":"","overlay-color":"","overlay-opacity":"","overlay-gradient":""},"mobile":{"background-color":"","background-image":"","background-repeat":"repeat","background-position":"center center","background-size":"auto","background-attachment":"scroll","background-type":"","background-media":"","overlay-type":"","overlay-color":"","overlay-opacity":"","overlay-gradient":""}},"ast-content-background-meta":{"desktop":{"background-color":"var(--ast-global-color-5)","background-image":"","background-repeat":"repeat","background-position":"center center","background-size":"auto","background-attachment":"scroll","background-type":"","background-media":"","overlay-type":"","overlay-color":"","overlay-opacity":"","overlay-gradient":""},"tablet":{"background-color":"var(--ast-global-color-5)","background-image":"","background-repeat":"repeat","background-position":"center center","background-size":"auto","background-attachment":"scroll","background-type":"","background-media":"","overlay-type":"","overlay-color":"","overlay-opacity":"","overlay-gradient":""},"mobile":{"background-color":"var(--ast-global-color-5)","background-image":"","background-repeat":"repeat","background-position":"center center","background-size":"auto","background-attachment":"scroll","background-type":"","background-media":"","overlay-type":"","overlay-color":"","overlay-opacity":"","overlay-gradient":""}},"footnotes":""},"categories":[5,14,1,4],"tags":[119,62],"class_list":["post-3018","post","type-post","status-publish","format-standard","has-post-thumbnail","hentry","category-primaria","category-5e","category-general","category-portada","tag-denip","tag-escola-pau-delclos"],"post_mailing_queue_ids":[],"_links":{"self":[{"href":"https:\/\/agora.xtec.cat\/escolapaudelclos\/wp-json\/wp\/v2\/posts\/3018","targetHints":{"allow":["GET"]}}],"collection":[{"href":"https:\/\/agora.xtec.cat\/escolapaudelclos\/wp-json\/wp\/v2\/posts"}],"about":[{"href":"https:\/\/agora.xtec.cat\/escolapaudelclos\/wp-json\/wp\/v2\/types\/post"}],"author":[{"embeddable":true,"href":"https:\/\/agora.xtec.cat\/escolapaudelclos\/wp-json\/wp\/v2\/users\/1"}],"replies":[{"embeddable":true,"href":"https:\/\/agora.xtec.cat\/escolapaudelclos\/wp-json\/wp\/v2\/comments?post=3018"}],"version-history":[{"count":5,"href":"https:\/\/agora.xtec.cat\/escolapaudelclos\/wp-json\/wp\/v2\/posts\/3018\/revisions"}],"predecessor-version":[{"id":3024,"href":"https:\/\/agora.xtec.cat\/escolapaudelclos\/wp-json\/wp\/v2\/posts\/3018\/revisions\/3024"}],"wp:featuredmedia":[{"embeddable":true,"href":"https:\/\/agora.xtec.cat\/escolapaudelclos\/wp-json\/wp\/v2\/media\/3019"}],"wp:attachment":[{"href":"https:\/\/agora.xtec.cat\/escolapaudelclos\/wp-json\/wp\/v2\/media?parent=3018"}],"wp:term":[{"taxonomy":"category","embeddable":true,"href":"https:\/\/agora.xtec.cat\/escolapaudelclos\/wp-json\/wp\/v2\/categories?post=3018"},{"taxonomy":"post_tag","embeddable":true,"href":"https:\/\/agora.xtec.cat\/escolapaudelclos\/wp-json\/wp\/v2\/tags?post=3018"}],"curies":[{"name":"wp","href":"https:\/\/api.w.org\/{rel}","templated":true}]}}