{"id":2980,"date":"2025-01-07T17:49:43","date_gmt":"2025-01-07T16:49:43","guid":{"rendered":"https:\/\/agora.xtec.cat\/escolapaudelclos\/?p=2980"},"modified":"2025-01-07T17:53:08","modified_gmt":"2025-01-07T16:53:08","slug":"4t-5e-i-6e-projecte-smile","status":"publish","type":"post","link":"https:\/\/agora.xtec.cat\/escolapaudelclos\/general\/4t-5e-i-6e-projecte-smile\/","title":{"rendered":"4t, 5\u00e8 i 6\u00e8 &#8211; Projecte SMILE"},"content":{"rendered":"<p>Com cada curs, durant el primer trimestre vam participar en el projecte SMILE, en col\u00b7laboraci\u00f3 amb la URV.<\/p>\n<p>Gr\u00e0cies a aquest projecte, l\u2019alumnat de 4t, 5\u00e8 i 6\u00e8 va poder practicar l\u2019angl\u00e8s amb una persona externa a l\u2019escola. En aquest cas, va ser la Marina, provinent d\u2019Alemanya.<\/p>\n<p>Durant el seu pas per l\u2019escola, vam treballar diversos continguts. Al principi de la seva estada, es van treballar les presentacions personals, coneixent aix\u00ed una mica la cultura alemanya i compartint la pr\u00f2pia cultura. L\u2019alumnat tamb\u00e9 va posar en pr\u00e0ctica, en petits grups, els continguts apresos durant les sessions d\u2019angl\u00e8s. A m\u00e9s a m\u00e9s, es van realitzar una s\u00e8rie d\u2019activitats per aprendre com es celebra Nadal a Alemanya.<\/p>\n<p>Va ser una experi\u00e8ncia magn\u00edfica, tant per l\u2019alumnat com per la Marina i la mestra d\u2019angl\u00e8s.<\/p>\n<p style=\"text-align: center;\"><a href=\"https:\/\/agora.xtec.cat\/escolapaudelclos\/wp-content\/uploads\/usu2656\/2025\/01\/Captura-de-pantalla-2025-01-07-174841.png\"><img loading=\"lazy\" decoding=\"async\" class=\"alignnone wp-image-2981 \" src=\"https:\/\/agora.xtec.cat\/escolapaudelclos\/wp-content\/uploads\/usu2656\/2025\/01\/Captura-de-pantalla-2025-01-07-174841.png\" alt=\"\" width=\"467\" height=\"611\" srcset=\"https:\/\/agora.xtec.cat\/escolapaudelclos\/wp-content\/uploads\/usu2656\/2025\/01\/Captura-de-pantalla-2025-01-07-174841.png 568w, https:\/\/agora.xtec.cat\/escolapaudelclos\/wp-content\/uploads\/usu2656\/2025\/01\/Captura-de-pantalla-2025-01-07-174841-229x300.png 229w\" sizes=\"auto, (max-width: 467px) 100vw, 467px\" \/><\/a><\/p>\n","protected":false},"excerpt":{"rendered":"<p>Com cada curs, durant el primer trimestre vam participar en el projecte SMILE, en col\u00b7laboraci\u00f3 amb la URV. Gr\u00e0cies a aquest projecte, l\u2019alumnat de 4t, 5\u00e8 i 6\u00e8 va poder practicar l\u2019angl\u00e8s amb una persona externa a l\u2019escola. En aquest cas, va ser la Marina, provinent d\u2019Alemanya. Durant el seu pas per l\u2019escola, vam treballar [&hellip;]<\/p>\n","protected":false},"author":1,"featured_media":2981,"comment_status":"open","ping_status":"closed","sticky":false,"template":"","format":"standard","meta":{"_bbp_topic_count":0,"_bbp_reply_count":0,"_bbp_total_topic_count":0,"_bbp_total_reply_count":0,"_bbp_voice_count":0,"_bbp_anonymous_reply_count":0,"_bbp_topic_count_hidden":0,"_bbp_reply_count_hidden":0,"_bbp_forum_subforum_count":0,"site-sidebar-layout":"default","site-content-layout":"","ast-site-content-layout":"","site-content-style":"default","site-sidebar-style":"default","ast-global-header-display":"","ast-banner-title-visibility":"","ast-main-header-display":"","ast-hfb-above-header-display":"","ast-hfb-below-header-display":"","ast-hfb-mobile-header-display":"","site-post-title":"","ast-breadcrumbs-content":"","ast-featured-img":"","footer-sml-layout":"","theme-transparent-header-meta":"","adv-header-id-meta":"","stick-header-meta":"","header-above-stick-meta":"","header-main-stick-meta":"","header-below-stick-meta":"","astra-migrate-meta-layouts":"default","ast-page-background-enabled":"default","ast-page-background-meta":{"desktop":{"background-color":"var(--ast-global-color-4)","background-image":"","background-repeat":"repeat","background-position":"center center","background-size":"auto","background-attachment":"scroll","background-type":"","background-media":"","overlay-type":"","overlay-color":"","overlay-opacity":"","overlay-gradient":""},"tablet":{"background-color":"","background-image":"","background-repeat":"repeat","background-position":"center center","background-size":"auto","background-attachment":"scroll","background-type":"","background-media":"","overlay-type":"","overlay-color":"","overlay-opacity":"","overlay-gradient":""},"mobile":{"background-color":"","background-image":"","background-repeat":"repeat","background-position":"center center","background-size":"auto","background-attachment":"scroll","background-type":"","background-media":"","overlay-type":"","overlay-color":"","overlay-opacity":"","overlay-gradient":""}},"ast-content-background-meta":{"desktop":{"background-color":"var(--ast-global-color-5)","background-image":"","background-repeat":"repeat","background-position":"center center","background-size":"auto","background-attachment":"scroll","background-type":"","background-media":"","overlay-type":"","overlay-color":"","overlay-opacity":"","overlay-gradient":""},"tablet":{"background-color":"var(--ast-global-color-5)","background-image":"","background-repeat":"repeat","background-position":"center center","background-size":"auto","background-attachment":"scroll","background-type":"","background-media":"","overlay-type":"","overlay-color":"","overlay-opacity":"","overlay-gradient":""},"mobile":{"background-color":"var(--ast-global-color-5)","background-image":"","background-repeat":"repeat","background-position":"center center","background-size":"auto","background-attachment":"scroll","background-type":"","background-media":"","overlay-type":"","overlay-color":"","overlay-opacity":"","overlay-gradient":""}},"footnotes":""},"categories":[5,13,14,15,1,4],"tags":[381,426,62,425,298],"class_list":["post-2980","post","type-post","status-publish","format-standard","has-post-thumbnail","hentry","category-primaria","category-4t","category-5e","category-6e","category-general","category-portada","tag-angles","tag-collaboracio","tag-escola-pau-delclos","tag-projecte-smile","tag-urv"],"post_mailing_queue_ids":[],"_links":{"self":[{"href":"https:\/\/agora.xtec.cat\/escolapaudelclos\/wp-json\/wp\/v2\/posts\/2980","targetHints":{"allow":["GET"]}}],"collection":[{"href":"https:\/\/agora.xtec.cat\/escolapaudelclos\/wp-json\/wp\/v2\/posts"}],"about":[{"href":"https:\/\/agora.xtec.cat\/escolapaudelclos\/wp-json\/wp\/v2\/types\/post"}],"author":[{"embeddable":true,"href":"https:\/\/agora.xtec.cat\/escolapaudelclos\/wp-json\/wp\/v2\/users\/1"}],"replies":[{"embeddable":true,"href":"https:\/\/agora.xtec.cat\/escolapaudelclos\/wp-json\/wp\/v2\/comments?post=2980"}],"version-history":[{"count":1,"href":"https:\/\/agora.xtec.cat\/escolapaudelclos\/wp-json\/wp\/v2\/posts\/2980\/revisions"}],"predecessor-version":[{"id":2982,"href":"https:\/\/agora.xtec.cat\/escolapaudelclos\/wp-json\/wp\/v2\/posts\/2980\/revisions\/2982"}],"wp:featuredmedia":[{"embeddable":true,"href":"https:\/\/agora.xtec.cat\/escolapaudelclos\/wp-json\/wp\/v2\/media\/2981"}],"wp:attachment":[{"href":"https:\/\/agora.xtec.cat\/escolapaudelclos\/wp-json\/wp\/v2\/media?parent=2980"}],"wp:term":[{"taxonomy":"category","embeddable":true,"href":"https:\/\/agora.xtec.cat\/escolapaudelclos\/wp-json\/wp\/v2\/categories?post=2980"},{"taxonomy":"post_tag","embeddable":true,"href":"https:\/\/agora.xtec.cat\/escolapaudelclos\/wp-json\/wp\/v2\/tags?post=2980"}],"curies":[{"name":"wp","href":"https:\/\/api.w.org\/{rel}","templated":true}]}}