{"id":2971,"date":"2024-12-20T13:11:13","date_gmt":"2024-12-20T12:11:13","guid":{"rendered":"https:\/\/agora.xtec.cat\/escolapaudelclos\/?p=2971"},"modified":"2024-12-23T14:33:18","modified_gmt":"2024-12-23T13:33:18","slug":"fem-cagar-el-tio","status":"publish","type":"post","link":"https:\/\/agora.xtec.cat\/escolapaudelclos\/general\/fem-cagar-el-tio\/","title":{"rendered":"Fem cagar el Ti\u00f3!"},"content":{"rendered":"<p>Avui, l&#8217;\u00faltim dia de classes del trimestre, l\u2019escola s\u2019ha omplert d\u2019alegria i emoci\u00f3 perqu\u00e8 <strong>tots i totes, petits i grans, hem fet cagar el Ti\u00f3!<\/strong><\/p>\n<p>Cantant la seva can\u00e7\u00f3 i posant-hi moltes ganes, l\u2019hem fet cagar i, pel que sembla, aquest any hem fet molta bondat, ja que a tothom li ha cagat algun regal! \ud83c\udf81<\/p>\n<p>Ha estat un mat\u00ed ple de rialles i tradici\u00f3, un mat\u00ed perfecte per acomiadar aquest trimestre i donar la benvinguda a les festes de Nadal.<\/p>\n<p style=\"text-align: left;\">Bones festes a tothom! \ud83c\udf84\u2728<\/p>\n<p style=\"text-align: center;\"><em>Podreu trobar m\u00e9s fotos i v\u00eddeos a l&#8217;espai web del nostre web!<\/em><\/p>\n<p><a href=\"https:\/\/agora.xtec.cat\/escolapaudelclos\/wp-content\/uploads\/usu2656\/2024\/12\/Tio-de-Nadal.png\"><img loading=\"lazy\" decoding=\"async\" class=\"aligncenter wp-image-2972 \" src=\"https:\/\/agora.xtec.cat\/escolapaudelclos\/wp-content\/uploads\/usu2656\/2024\/12\/Tio-de-Nadal.png\" alt=\"\" width=\"711\" height=\"1006\" srcset=\"https:\/\/agora.xtec.cat\/escolapaudelclos\/wp-content\/uploads\/usu2656\/2024\/12\/Tio-de-Nadal.png 888w, https:\/\/agora.xtec.cat\/escolapaudelclos\/wp-content\/uploads\/usu2656\/2024\/12\/Tio-de-Nadal-212x300.png 212w, https:\/\/agora.xtec.cat\/escolapaudelclos\/wp-content\/uploads\/usu2656\/2024\/12\/Tio-de-Nadal-724x1024.png 724w, https:\/\/agora.xtec.cat\/escolapaudelclos\/wp-content\/uploads\/usu2656\/2024\/12\/Tio-de-Nadal-768x1086.png 768w\" sizes=\"auto, (max-width: 711px) 100vw, 711px\" \/><\/a><\/p>\n","protected":false},"excerpt":{"rendered":"<p>Avui, l&#8217;\u00faltim dia de classes del trimestre, l\u2019escola s\u2019ha omplert d\u2019alegria i emoci\u00f3 perqu\u00e8 tots i totes, petits i grans, hem fet cagar el Ti\u00f3! Cantant la seva can\u00e7\u00f3 i posant-hi moltes ganes, l\u2019hem fet cagar i, pel que sembla, aquest any hem fet molta bondat, ja que a tothom li ha cagat algun regal! [&hellip;]<\/p>\n","protected":false},"author":1,"featured_media":2972,"comment_status":"open","ping_status":"closed","sticky":false,"template":"","format":"standard","meta":{"_bbp_topic_count":0,"_bbp_reply_count":0,"_bbp_total_topic_count":0,"_bbp_total_reply_count":0,"_bbp_voice_count":0,"_bbp_anonymous_reply_count":0,"_bbp_topic_count_hidden":0,"_bbp_reply_count_hidden":0,"_bbp_forum_subforum_count":0,"site-sidebar-layout":"default","site-content-layout":"","ast-site-content-layout":"","site-content-style":"default","site-sidebar-style":"default","ast-global-header-display":"","ast-banner-title-visibility":"","ast-main-header-display":"","ast-hfb-above-header-display":"","ast-hfb-below-header-display":"","ast-hfb-mobile-header-display":"","site-post-title":"","ast-breadcrumbs-content":"","ast-featured-img":"","footer-sml-layout":"","theme-transparent-header-meta":"","adv-header-id-meta":"","stick-header-meta":"","header-above-stick-meta":"","header-main-stick-meta":"","header-below-stick-meta":"","astra-migrate-meta-layouts":"default","ast-page-background-enabled":"default","ast-page-background-meta":{"desktop":{"background-color":"var(--ast-global-color-4)","background-image":"","background-repeat":"repeat","background-position":"center center","background-size":"auto","background-attachment":"scroll","background-type":"","background-media":"","overlay-type":"","overlay-color":"","overlay-opacity":"","overlay-gradient":""},"tablet":{"background-color":"","background-image":"","background-repeat":"repeat","background-position":"center center","background-size":"auto","background-attachment":"scroll","background-type":"","background-media":"","overlay-type":"","overlay-color":"","overlay-opacity":"","overlay-gradient":""},"mobile":{"background-color":"","background-image":"","background-repeat":"repeat","background-position":"center center","background-size":"auto","background-attachment":"scroll","background-type":"","background-media":"","overlay-type":"","overlay-color":"","overlay-opacity":"","overlay-gradient":""}},"ast-content-background-meta":{"desktop":{"background-color":"var(--ast-global-color-5)","background-image":"","background-repeat":"repeat","background-position":"center center","background-size":"auto","background-attachment":"scroll","background-type":"","background-media":"","overlay-type":"","overlay-color":"","overlay-opacity":"","overlay-gradient":""},"tablet":{"background-color":"var(--ast-global-color-5)","background-image":"","background-repeat":"repeat","background-position":"center center","background-size":"auto","background-attachment":"scroll","background-type":"","background-media":"","overlay-type":"","overlay-color":"","overlay-opacity":"","overlay-gradient":""},"mobile":{"background-color":"var(--ast-global-color-5)","background-image":"","background-repeat":"repeat","background-position":"center center","background-size":"auto","background-attachment":"scroll","background-type":"","background-media":"","overlay-type":"","overlay-color":"","overlay-opacity":"","overlay-gradient":""}},"footnotes":""},"categories":[2,5,10,11,12,13,14,15,7,1,3,8,9,4],"tags":[62,355,424],"class_list":["post-2971","post","type-post","status-publish","format-standard","has-post-thumbnail","hentry","category-infantil","category-primaria","category-1r","category-2n","category-3r","category-4t","category-5e","category-6e","category-umpa","category-general","category-i3","category-i4","category-i5","category-portada","tag-escola-pau-delclos","tag-tio-de-nadal","tag-tradicio"],"post_mailing_queue_ids":[],"_links":{"self":[{"href":"https:\/\/agora.xtec.cat\/escolapaudelclos\/wp-json\/wp\/v2\/posts\/2971","targetHints":{"allow":["GET"]}}],"collection":[{"href":"https:\/\/agora.xtec.cat\/escolapaudelclos\/wp-json\/wp\/v2\/posts"}],"about":[{"href":"https:\/\/agora.xtec.cat\/escolapaudelclos\/wp-json\/wp\/v2\/types\/post"}],"author":[{"embeddable":true,"href":"https:\/\/agora.xtec.cat\/escolapaudelclos\/wp-json\/wp\/v2\/users\/1"}],"replies":[{"embeddable":true,"href":"https:\/\/agora.xtec.cat\/escolapaudelclos\/wp-json\/wp\/v2\/comments?post=2971"}],"version-history":[{"count":5,"href":"https:\/\/agora.xtec.cat\/escolapaudelclos\/wp-json\/wp\/v2\/posts\/2971\/revisions"}],"predecessor-version":[{"id":2977,"href":"https:\/\/agora.xtec.cat\/escolapaudelclos\/wp-json\/wp\/v2\/posts\/2971\/revisions\/2977"}],"wp:featuredmedia":[{"embeddable":true,"href":"https:\/\/agora.xtec.cat\/escolapaudelclos\/wp-json\/wp\/v2\/media\/2972"}],"wp:attachment":[{"href":"https:\/\/agora.xtec.cat\/escolapaudelclos\/wp-json\/wp\/v2\/media?parent=2971"}],"wp:term":[{"taxonomy":"category","embeddable":true,"href":"https:\/\/agora.xtec.cat\/escolapaudelclos\/wp-json\/wp\/v2\/categories?post=2971"},{"taxonomy":"post_tag","embeddable":true,"href":"https:\/\/agora.xtec.cat\/escolapaudelclos\/wp-json\/wp\/v2\/tags?post=2971"}],"curies":[{"name":"wp","href":"https:\/\/api.w.org\/{rel}","templated":true}]}}