{"id":2939,"date":"2024-11-25T17:24:08","date_gmt":"2024-11-25T16:24:08","guid":{"rendered":"https:\/\/agora.xtec.cat\/escolapaudelclos\/?p=2939"},"modified":"2024-12-02T09:47:51","modified_gmt":"2024-12-02T08:47:51","slug":"santa-cecilia-a-lescola-pau-delclos-%f0%9f%8e%b5","status":"publish","type":"post","link":"https:\/\/agora.xtec.cat\/escolapaudelclos\/general\/santa-cecilia-a-lescola-pau-delclos-%f0%9f%8e%b5\/","title":{"rendered":"Santa Cec\u00edlia a l&#8217;Escola Pau Delcl\u00f2s! \ud83c\udfb5"},"content":{"rendered":"<p>El passat divendres 22 de novembre, vam celebrar <strong>Santa Cec\u00edlia<\/strong>, la patrona dels i les m\u00fasics.<\/p>\n<p>Per commemorar aquest dia tan especial, l\u2019alumnat de prim\u00e0ria va tenir l\u2019oportunitat de gaudir d\u2019un <strong>concert \u00fanic organitzat per la coral de l\u2019escola i els i les m\u00fasics<\/strong> alumnes del centre, que ens van sorprendre amb un petit concert interpretant peces amb els seus instruments.<\/p>\n<p>Per acabar, p\u00fablic, coral i m\u00fasics vam interpretar plegats una can\u00e7\u00f3 que va omplir de m\u00fasica i alegria el nostre dia, Mirall de Pau (de CdA Pau Casals).<\/p>\n<p>Va ser un dia per recordar la import\u00e0ncia de la m\u00fasica com a llenguatge universal que ens uneix i ens fa cr\u00e9ixer com a comunitat.<\/p>\n<p>Gr\u00e0cies a totes i tots per fer d\u2019aquest dia una celebraci\u00f3 inoblidable!<\/p>\n<p><a href=\"https:\/\/drive.google.com\/file\/d\/14Yq90dQGup4LHa0omi2XRLOx-7OlbPoY\/view?usp=drive_link\" target=\"_blank\" rel=\"noopener\"><img loading=\"lazy\" decoding=\"async\" class=\" wp-image-2942 aligncenter\" src=\"https:\/\/agora.xtec.cat\/escolapaudelclos\/wp-content\/uploads\/usu2656\/2024\/11\/Sta-Cecilia-24-25-1-300x167.png\" alt=\"\" width=\"411\" height=\"229\" srcset=\"https:\/\/agora.xtec.cat\/escolapaudelclos\/wp-content\/uploads\/usu2656\/2024\/11\/Sta-Cecilia-24-25-1-300x167.png 300w, https:\/\/agora.xtec.cat\/escolapaudelclos\/wp-content\/uploads\/usu2656\/2024\/11\/Sta-Cecilia-24-25-1.png 467w\" sizes=\"auto, (max-width: 411px) 100vw, 411px\" \/><\/a><\/p>\n","protected":false},"excerpt":{"rendered":"<p>El passat divendres 22 de novembre, vam celebrar Santa Cec\u00edlia, la patrona dels i les m\u00fasics. Per commemorar aquest dia tan especial, l\u2019alumnat de prim\u00e0ria va tenir l\u2019oportunitat de gaudir d\u2019un concert \u00fanic organitzat per la coral de l\u2019escola i els i les m\u00fasics alumnes del centre, que ens van sorprendre amb un petit concert [&hellip;]<\/p>\n","protected":false},"author":1,"featured_media":2942,"comment_status":"open","ping_status":"closed","sticky":false,"template":"","format":"standard","meta":{"_bbp_topic_count":0,"_bbp_reply_count":0,"_bbp_total_topic_count":0,"_bbp_total_reply_count":0,"_bbp_voice_count":0,"_bbp_anonymous_reply_count":0,"_bbp_topic_count_hidden":0,"_bbp_reply_count_hidden":0,"_bbp_forum_subforum_count":0,"site-sidebar-layout":"default","site-content-layout":"","ast-site-content-layout":"","site-content-style":"default","site-sidebar-style":"default","ast-global-header-display":"","ast-banner-title-visibility":"","ast-main-header-display":"","ast-hfb-above-header-display":"","ast-hfb-below-header-display":"","ast-hfb-mobile-header-display":"","site-post-title":"","ast-breadcrumbs-content":"","ast-featured-img":"","footer-sml-layout":"","theme-transparent-header-meta":"","adv-header-id-meta":"","stick-header-meta":"","header-above-stick-meta":"","header-main-stick-meta":"","header-below-stick-meta":"","astra-migrate-meta-layouts":"default","ast-page-background-enabled":"default","ast-page-background-meta":{"desktop":{"background-color":"var(--ast-global-color-4)","background-image":"","background-repeat":"repeat","background-position":"center center","background-size":"auto","background-attachment":"scroll","background-type":"","background-media":"","overlay-type":"","overlay-color":"","overlay-opacity":"","overlay-gradient":""},"tablet":{"background-color":"","background-image":"","background-repeat":"repeat","background-position":"center center","background-size":"auto","background-attachment":"scroll","background-type":"","background-media":"","overlay-type":"","overlay-color":"","overlay-opacity":"","overlay-gradient":""},"mobile":{"background-color":"","background-image":"","background-repeat":"repeat","background-position":"center center","background-size":"auto","background-attachment":"scroll","background-type":"","background-media":"","overlay-type":"","overlay-color":"","overlay-opacity":"","overlay-gradient":""}},"ast-content-background-meta":{"desktop":{"background-color":"var(--ast-global-color-5)","background-image":"","background-repeat":"repeat","background-position":"center center","background-size":"auto","background-attachment":"scroll","background-type":"","background-media":"","overlay-type":"","overlay-color":"","overlay-opacity":"","overlay-gradient":""},"tablet":{"background-color":"var(--ast-global-color-5)","background-image":"","background-repeat":"repeat","background-position":"center center","background-size":"auto","background-attachment":"scroll","background-type":"","background-media":"","overlay-type":"","overlay-color":"","overlay-opacity":"","overlay-gradient":""},"mobile":{"background-color":"var(--ast-global-color-5)","background-image":"","background-repeat":"repeat","background-position":"center center","background-size":"auto","background-attachment":"scroll","background-type":"","background-media":"","overlay-type":"","overlay-color":"","overlay-opacity":"","overlay-gradient":""}},"footnotes":""},"categories":[5,10,11,12,13,14,15,1,4],"tags":[62,348,422],"class_list":["post-2939","post","type-post","status-publish","format-standard","has-post-thumbnail","hentry","category-primaria","category-1r","category-2n","category-3r","category-4t","category-5e","category-6e","category-general","category-portada","tag-escola-pau-delclos","tag-musics","tag-sta-cecilia"],"post_mailing_queue_ids":[],"_links":{"self":[{"href":"https:\/\/agora.xtec.cat\/escolapaudelclos\/wp-json\/wp\/v2\/posts\/2939","targetHints":{"allow":["GET"]}}],"collection":[{"href":"https:\/\/agora.xtec.cat\/escolapaudelclos\/wp-json\/wp\/v2\/posts"}],"about":[{"href":"https:\/\/agora.xtec.cat\/escolapaudelclos\/wp-json\/wp\/v2\/types\/post"}],"author":[{"embeddable":true,"href":"https:\/\/agora.xtec.cat\/escolapaudelclos\/wp-json\/wp\/v2\/users\/1"}],"replies":[{"embeddable":true,"href":"https:\/\/agora.xtec.cat\/escolapaudelclos\/wp-json\/wp\/v2\/comments?post=2939"}],"version-history":[{"count":2,"href":"https:\/\/agora.xtec.cat\/escolapaudelclos\/wp-json\/wp\/v2\/posts\/2939\/revisions"}],"predecessor-version":[{"id":2944,"href":"https:\/\/agora.xtec.cat\/escolapaudelclos\/wp-json\/wp\/v2\/posts\/2939\/revisions\/2944"}],"wp:featuredmedia":[{"embeddable":true,"href":"https:\/\/agora.xtec.cat\/escolapaudelclos\/wp-json\/wp\/v2\/media\/2942"}],"wp:attachment":[{"href":"https:\/\/agora.xtec.cat\/escolapaudelclos\/wp-json\/wp\/v2\/media?parent=2939"}],"wp:term":[{"taxonomy":"category","embeddable":true,"href":"https:\/\/agora.xtec.cat\/escolapaudelclos\/wp-json\/wp\/v2\/categories?post=2939"},{"taxonomy":"post_tag","embeddable":true,"href":"https:\/\/agora.xtec.cat\/escolapaudelclos\/wp-json\/wp\/v2\/tags?post=2939"}],"curies":[{"name":"wp","href":"https:\/\/api.w.org\/{rel}","templated":true}]}}