{"id":2875,"date":"2024-10-31T17:13:29","date_gmt":"2024-10-31T16:13:29","guid":{"rendered":"https:\/\/agora.xtec.cat\/escolapaudelclos\/?p=2875"},"modified":"2024-10-31T16:33:51","modified_gmt":"2024-10-31T15:33:51","slug":"celebracio-de-la-castanyada-a-lescola","status":"publish","type":"post","link":"https:\/\/agora.xtec.cat\/escolapaudelclos\/infantil\/celebracio-de-la-castanyada-a-lescola\/","title":{"rendered":"Celebraci\u00f3 de la Castanyada a l\u2019Escola"},"content":{"rendered":"<p>Avui ha estat un dia molt especial a l\u2019escola, ja que hem celebrat la <strong>Castanyada<\/strong> amb activitats que han omplert de tradici\u00f3 i alegria cada rac\u00f3 de la nostra escola. Aquest mat\u00ed, al pati, hem tingut el plaer de gaudir d\u2019una magn\u00edfica <strong>actuaci\u00f3 d\u2019\u00f2pera<\/strong>, una activitat subvencionada per l\u2019<strong>AFA<\/strong>. Aquesta actuaci\u00f3 ha captivat a petits i grans amb la seva m\u00e0gia i ha estat una manera fant\u00e0stica d\u2019iniciar la jornada.<\/p>\n<p>A la tarda, hem continuat amb l\u2019esperit festiu i, com \u00e9s <strong>tradici\u00f3<\/strong>, hem celebrat la Castanyada amb els \u201c<strong>nanos castanyers<\/strong>\u201d de l\u2019escola. Els infants han viscut aquest moment amb molta il\u00b7lusi\u00f3 i han compartit riures i emocions mentre s\u2019endinsaven en aquesta festa tan nostra.<\/p>\n<p>Finalment, hem pujat a les classes, on pares i mares de l\u2019<strong>AFA<\/strong> ens han preparat un berenar molt especial: <strong>castanyes torrades<\/strong> per a tots i totes!<\/p>\n<p>Gr\u00e0cies, AFA, per la vostra col\u00b7laboraci\u00f3 i dedicaci\u00f3. Sense vosaltres, no seria possible gaudir de celebracions com la d&#8217;avui!<\/p>\n<p style=\"text-align: center;\"><a href=\"https:\/\/agora.xtec.cat\/escolapaudelclos\/wp-content\/uploads\/usu2656\/2024\/10\/Castanyada.jpg\"><img loading=\"lazy\" decoding=\"async\" class=\"alignnone wp-image-2886 \" src=\"https:\/\/agora.xtec.cat\/escolapaudelclos\/wp-content\/uploads\/usu2656\/2024\/10\/Castanyada.jpg\" alt=\"\" width=\"897\" height=\"634\" srcset=\"https:\/\/agora.xtec.cat\/escolapaudelclos\/wp-content\/uploads\/usu2656\/2024\/10\/Castanyada.jpg 2245w, https:\/\/agora.xtec.cat\/escolapaudelclos\/wp-content\/uploads\/usu2656\/2024\/10\/Castanyada-300x212.jpg 300w, https:\/\/agora.xtec.cat\/escolapaudelclos\/wp-content\/uploads\/usu2656\/2024\/10\/Castanyada-1024x724.jpg 1024w, https:\/\/agora.xtec.cat\/escolapaudelclos\/wp-content\/uploads\/usu2656\/2024\/10\/Castanyada-768x543.jpg 768w, https:\/\/agora.xtec.cat\/escolapaudelclos\/wp-content\/uploads\/usu2656\/2024\/10\/Castanyada-1536x1086.jpg 1536w, https:\/\/agora.xtec.cat\/escolapaudelclos\/wp-content\/uploads\/usu2656\/2024\/10\/Castanyada-2048x1448.jpg 2048w\" sizes=\"auto, (max-width: 897px) 100vw, 897px\" \/><\/a><\/p>\n","protected":false},"excerpt":{"rendered":"<p>Avui ha estat un dia molt especial a l\u2019escola, ja que hem celebrat la Castanyada amb activitats que han omplert de tradici\u00f3 i alegria cada rac\u00f3 de la nostra escola. Aquest mat\u00ed, al pati, hem tingut el plaer de gaudir d\u2019una magn\u00edfica actuaci\u00f3 d\u2019\u00f2pera, una activitat subvencionada per l\u2019AFA. Aquesta actuaci\u00f3 ha captivat a petits [&hellip;]<\/p>\n","protected":false},"author":1,"featured_media":2886,"comment_status":"open","ping_status":"closed","sticky":false,"template":"","format":"standard","meta":{"_bbp_topic_count":0,"_bbp_reply_count":0,"_bbp_total_topic_count":0,"_bbp_total_reply_count":0,"_bbp_voice_count":0,"_bbp_anonymous_reply_count":0,"_bbp_topic_count_hidden":0,"_bbp_reply_count_hidden":0,"_bbp_forum_subforum_count":0,"site-sidebar-layout":"default","site-content-layout":"","ast-site-content-layout":"","site-content-style":"default","site-sidebar-style":"default","ast-global-header-display":"","ast-banner-title-visibility":"","ast-main-header-display":"","ast-hfb-above-header-display":"","ast-hfb-below-header-display":"","ast-hfb-mobile-header-display":"","site-post-title":"","ast-breadcrumbs-content":"","ast-featured-img":"","footer-sml-layout":"","theme-transparent-header-meta":"","adv-header-id-meta":"","stick-header-meta":"","header-above-stick-meta":"","header-main-stick-meta":"","header-below-stick-meta":"","astra-migrate-meta-layouts":"default","ast-page-background-enabled":"default","ast-page-background-meta":{"desktop":{"background-color":"var(--ast-global-color-4)","background-image":"","background-repeat":"repeat","background-position":"center center","background-size":"auto","background-attachment":"scroll","background-type":"","background-media":"","overlay-type":"","overlay-color":"","overlay-opacity":"","overlay-gradient":""},"tablet":{"background-color":"","background-image":"","background-repeat":"repeat","background-position":"center center","background-size":"auto","background-attachment":"scroll","background-type":"","background-media":"","overlay-type":"","overlay-color":"","overlay-opacity":"","overlay-gradient":""},"mobile":{"background-color":"","background-image":"","background-repeat":"repeat","background-position":"center center","background-size":"auto","background-attachment":"scroll","background-type":"","background-media":"","overlay-type":"","overlay-color":"","overlay-opacity":"","overlay-gradient":""}},"ast-content-background-meta":{"desktop":{"background-color":"var(--ast-global-color-5)","background-image":"","background-repeat":"repeat","background-position":"center center","background-size":"auto","background-attachment":"scroll","background-type":"","background-media":"","overlay-type":"","overlay-color":"","overlay-opacity":"","overlay-gradient":""},"tablet":{"background-color":"var(--ast-global-color-5)","background-image":"","background-repeat":"repeat","background-position":"center center","background-size":"auto","background-attachment":"scroll","background-type":"","background-media":"","overlay-type":"","overlay-color":"","overlay-opacity":"","overlay-gradient":""},"mobile":{"background-color":"var(--ast-global-color-5)","background-image":"","background-repeat":"repeat","background-position":"center center","background-size":"auto","background-attachment":"scroll","background-type":"","background-media":"","overlay-type":"","overlay-color":"","overlay-opacity":"","overlay-gradient":""}},"footnotes":""},"categories":[2,5,7,4],"tags":[410,323,62,81,415],"class_list":["post-2875","post","type-post","status-publish","format-standard","has-post-thumbnail","hentry","category-infantil","category-primaria","category-umpa","category-portada","tag-afa","tag-castanyada","tag-escola-pau-delclos","tag-musica","tag-opera"],"post_mailing_queue_ids":[],"_links":{"self":[{"href":"https:\/\/agora.xtec.cat\/escolapaudelclos\/wp-json\/wp\/v2\/posts\/2875","targetHints":{"allow":["GET"]}}],"collection":[{"href":"https:\/\/agora.xtec.cat\/escolapaudelclos\/wp-json\/wp\/v2\/posts"}],"about":[{"href":"https:\/\/agora.xtec.cat\/escolapaudelclos\/wp-json\/wp\/v2\/types\/post"}],"author":[{"embeddable":true,"href":"https:\/\/agora.xtec.cat\/escolapaudelclos\/wp-json\/wp\/v2\/users\/1"}],"replies":[{"embeddable":true,"href":"https:\/\/agora.xtec.cat\/escolapaudelclos\/wp-json\/wp\/v2\/comments?post=2875"}],"version-history":[{"count":7,"href":"https:\/\/agora.xtec.cat\/escolapaudelclos\/wp-json\/wp\/v2\/posts\/2875\/revisions"}],"predecessor-version":[{"id":2890,"href":"https:\/\/agora.xtec.cat\/escolapaudelclos\/wp-json\/wp\/v2\/posts\/2875\/revisions\/2890"}],"wp:featuredmedia":[{"embeddable":true,"href":"https:\/\/agora.xtec.cat\/escolapaudelclos\/wp-json\/wp\/v2\/media\/2886"}],"wp:attachment":[{"href":"https:\/\/agora.xtec.cat\/escolapaudelclos\/wp-json\/wp\/v2\/media?parent=2875"}],"wp:term":[{"taxonomy":"category","embeddable":true,"href":"https:\/\/agora.xtec.cat\/escolapaudelclos\/wp-json\/wp\/v2\/categories?post=2875"},{"taxonomy":"post_tag","embeddable":true,"href":"https:\/\/agora.xtec.cat\/escolapaudelclos\/wp-json\/wp\/v2\/tags?post=2875"}],"curies":[{"name":"wp","href":"https:\/\/api.w.org\/{rel}","templated":true}]}}