{"id":2855,"date":"2024-10-17T15:12:50","date_gmt":"2024-10-17T13:12:50","guid":{"rendered":"https:\/\/agora.xtec.cat\/escolapaudelclos\/?p=2855"},"modified":"2024-10-17T15:12:56","modified_gmt":"2024-10-17T13:12:56","slug":"1r-caixaforum-veus-i-ritmes-de-lafrica","status":"publish","type":"post","link":"https:\/\/agora.xtec.cat\/escolapaudelclos\/general\/1r-caixaforum-veus-i-ritmes-de-lafrica\/","title":{"rendered":"1r &#8211; Caixaforum: Veus i ritmes de l&#8217;\u00c0frica"},"content":{"rendered":"<div><span style=\"font-family: inherit; font-size: 1em;\">Aquest passat dimecres, l&#8217;alumnat de 1r de Prim\u00e0ria va tenir l&#8217;oportunitat de participar en una activitat molt especial al CaixaForum de Tarragona anomenada <\/span><em style=\"font-family: inherit; font-size: 1em;\">&#8220;Veus i ritmes de l&#8217;\u00c0frica.&#8221;<\/em><span style=\"font-family: inherit; font-size: 1em;\">\u00a0Aquesta experi\u00e8ncia \u00fanica va permetre als nens i nenes apropar-se a la riquesa cultural i musical del continent afric\u00e0 a trav\u00e9s de la veu, el ritme i la percussi\u00f3 corporal.<\/span><\/div>\n<div><\/div>\n<div>\n<p>Durant l&#8217;activitat, els nostres petits artistes van aprendre i van cantar can\u00e7ons tradicionals d&#8217;alguns pa\u00efsos africans, que destaquen per les seves melodies animades i els seus ritmes contagiosos. A m\u00e9s, van acompanyar les can\u00e7ons amb diferents formes de percussi\u00f3 corporal, com picar de mans i cops amb els peus, creant un espectacle ple d&#8217;energia i diversi\u00f3.<\/p>\n<p>Veure&#8217;ls gaudir mentre aprenien i compartien aquests ritmes amb els seus companys i companyes va ser, sens dubte, una experi\u00e8ncia molt enriquidora!<\/p>\n<table style=\"border-collapse: collapse; width: 100%;\">\n<tbody>\n<tr>\n<td style=\"width: 50%; border-style: hidden;\"><a href=\"https:\/\/agora.xtec.cat\/escolapaudelclos\/wp-content\/uploads\/usu2656\/2024\/10\/Veus-i-ritmes-2-scaled.jpg\"><img loading=\"lazy\" decoding=\"async\" class=\"alignnone wp-image-2856 \" src=\"https:\/\/agora.xtec.cat\/escolapaudelclos\/wp-content\/uploads\/usu2656\/2024\/10\/Veus-i-ritmes-2-300x135.jpg\" alt=\"\" width=\"566\" height=\"255\" srcset=\"https:\/\/agora.xtec.cat\/escolapaudelclos\/wp-content\/uploads\/usu2656\/2024\/10\/Veus-i-ritmes-2-300x135.jpg 300w, https:\/\/agora.xtec.cat\/escolapaudelclos\/wp-content\/uploads\/usu2656\/2024\/10\/Veus-i-ritmes-2-1024x461.jpg 1024w, https:\/\/agora.xtec.cat\/escolapaudelclos\/wp-content\/uploads\/usu2656\/2024\/10\/Veus-i-ritmes-2-768x346.jpg 768w, https:\/\/agora.xtec.cat\/escolapaudelclos\/wp-content\/uploads\/usu2656\/2024\/10\/Veus-i-ritmes-2-1536x691.jpg 1536w, https:\/\/agora.xtec.cat\/escolapaudelclos\/wp-content\/uploads\/usu2656\/2024\/10\/Veus-i-ritmes-2-2048x922.jpg 2048w\" sizes=\"auto, (max-width: 566px) 100vw, 566px\" \/><\/a><\/td>\n<td style=\"width: 50%; border-style: hidden;\"><a href=\"https:\/\/agora.xtec.cat\/escolapaudelclos\/wp-content\/uploads\/usu2656\/2024\/10\/Veus-i-ritmes-1-scaled.jpg\"><img loading=\"lazy\" decoding=\"async\" class=\"wp-image-2857 \" src=\"https:\/\/agora.xtec.cat\/escolapaudelclos\/wp-content\/uploads\/usu2656\/2024\/10\/Veus-i-ritmes-1-300x225.jpg\" alt=\"\" width=\"473\" height=\"355\" srcset=\"https:\/\/agora.xtec.cat\/escolapaudelclos\/wp-content\/uploads\/usu2656\/2024\/10\/Veus-i-ritmes-1-300x225.jpg 300w, https:\/\/agora.xtec.cat\/escolapaudelclos\/wp-content\/uploads\/usu2656\/2024\/10\/Veus-i-ritmes-1-1024x768.jpg 1024w, https:\/\/agora.xtec.cat\/escolapaudelclos\/wp-content\/uploads\/usu2656\/2024\/10\/Veus-i-ritmes-1-768x576.jpg 768w, https:\/\/agora.xtec.cat\/escolapaudelclos\/wp-content\/uploads\/usu2656\/2024\/10\/Veus-i-ritmes-1-1536x1152.jpg 1536w, https:\/\/agora.xtec.cat\/escolapaudelclos\/wp-content\/uploads\/usu2656\/2024\/10\/Veus-i-ritmes-1-2048x1536.jpg 2048w, https:\/\/agora.xtec.cat\/escolapaudelclos\/wp-content\/uploads\/usu2656\/2024\/10\/Veus-i-ritmes-1-200x150.jpg 200w\" sizes=\"auto, (max-width: 473px) 100vw, 473px\" \/><\/a><\/td>\n<\/tr>\n<\/tbody>\n<\/table>\n<\/div>\n<p>&nbsp;<\/p>\n","protected":false},"excerpt":{"rendered":"<p>Aquest passat dimecres, l&#8217;alumnat de 1r de Prim\u00e0ria va tenir l&#8217;oportunitat de participar en una activitat molt especial al CaixaForum de Tarragona anomenada &#8220;Veus i ritmes de l&#8217;\u00c0frica.&#8221;\u00a0Aquesta experi\u00e8ncia \u00fanica va permetre als nens i nenes apropar-se a la riquesa cultural i musical del continent afric\u00e0 a trav\u00e9s de la veu, el ritme i la [&hellip;]<\/p>\n","protected":false},"author":1,"featured_media":2856,"comment_status":"open","ping_status":"closed","sticky":false,"template":"","format":"standard","meta":{"_bbp_topic_count":0,"_bbp_reply_count":0,"_bbp_total_topic_count":0,"_bbp_total_reply_count":0,"_bbp_voice_count":0,"_bbp_anonymous_reply_count":0,"_bbp_topic_count_hidden":0,"_bbp_reply_count_hidden":0,"_bbp_forum_subforum_count":0,"site-sidebar-layout":"default","site-content-layout":"","ast-site-content-layout":"","site-content-style":"default","site-sidebar-style":"default","ast-global-header-display":"","ast-banner-title-visibility":"","ast-main-header-display":"","ast-hfb-above-header-display":"","ast-hfb-below-header-display":"","ast-hfb-mobile-header-display":"","site-post-title":"","ast-breadcrumbs-content":"","ast-featured-img":"","footer-sml-layout":"","theme-transparent-header-meta":"","adv-header-id-meta":"","stick-header-meta":"","header-above-stick-meta":"","header-main-stick-meta":"","header-below-stick-meta":"","astra-migrate-meta-layouts":"default","ast-page-background-enabled":"default","ast-page-background-meta":{"desktop":{"background-color":"var(--ast-global-color-4)","background-image":"","background-repeat":"repeat","background-position":"center center","background-size":"auto","background-attachment":"scroll","background-type":"","background-media":"","overlay-type":"","overlay-color":"","overlay-opacity":"","overlay-gradient":""},"tablet":{"background-color":"","background-image":"","background-repeat":"repeat","background-position":"center center","background-size":"auto","background-attachment":"scroll","background-type":"","background-media":"","overlay-type":"","overlay-color":"","overlay-opacity":"","overlay-gradient":""},"mobile":{"background-color":"","background-image":"","background-repeat":"repeat","background-position":"center center","background-size":"auto","background-attachment":"scroll","background-type":"","background-media":"","overlay-type":"","overlay-color":"","overlay-opacity":"","overlay-gradient":""}},"ast-content-background-meta":{"desktop":{"background-color":"var(--ast-global-color-5)","background-image":"","background-repeat":"repeat","background-position":"center center","background-size":"auto","background-attachment":"scroll","background-type":"","background-media":"","overlay-type":"","overlay-color":"","overlay-opacity":"","overlay-gradient":""},"tablet":{"background-color":"var(--ast-global-color-5)","background-image":"","background-repeat":"repeat","background-position":"center center","background-size":"auto","background-attachment":"scroll","background-type":"","background-media":"","overlay-type":"","overlay-color":"","overlay-opacity":"","overlay-gradient":""},"mobile":{"background-color":"var(--ast-global-color-5)","background-image":"","background-repeat":"repeat","background-position":"center center","background-size":"auto","background-attachment":"scroll","background-type":"","background-media":"","overlay-type":"","overlay-color":"","overlay-opacity":"","overlay-gradient":""}},"footnotes":""},"categories":[5,10,1,4],"tags":[210,62,81],"class_list":["post-2855","post","type-post","status-publish","format-standard","has-post-thumbnail","hentry","category-primaria","category-1r","category-general","category-portada","tag-caixaforum","tag-escola-pau-delclos","tag-musica"],"post_mailing_queue_ids":[],"_links":{"self":[{"href":"https:\/\/agora.xtec.cat\/escolapaudelclos\/wp-json\/wp\/v2\/posts\/2855","targetHints":{"allow":["GET"]}}],"collection":[{"href":"https:\/\/agora.xtec.cat\/escolapaudelclos\/wp-json\/wp\/v2\/posts"}],"about":[{"href":"https:\/\/agora.xtec.cat\/escolapaudelclos\/wp-json\/wp\/v2\/types\/post"}],"author":[{"embeddable":true,"href":"https:\/\/agora.xtec.cat\/escolapaudelclos\/wp-json\/wp\/v2\/users\/1"}],"replies":[{"embeddable":true,"href":"https:\/\/agora.xtec.cat\/escolapaudelclos\/wp-json\/wp\/v2\/comments?post=2855"}],"version-history":[{"count":1,"href":"https:\/\/agora.xtec.cat\/escolapaudelclos\/wp-json\/wp\/v2\/posts\/2855\/revisions"}],"predecessor-version":[{"id":2858,"href":"https:\/\/agora.xtec.cat\/escolapaudelclos\/wp-json\/wp\/v2\/posts\/2855\/revisions\/2858"}],"wp:featuredmedia":[{"embeddable":true,"href":"https:\/\/agora.xtec.cat\/escolapaudelclos\/wp-json\/wp\/v2\/media\/2856"}],"wp:attachment":[{"href":"https:\/\/agora.xtec.cat\/escolapaudelclos\/wp-json\/wp\/v2\/media?parent=2855"}],"wp:term":[{"taxonomy":"category","embeddable":true,"href":"https:\/\/agora.xtec.cat\/escolapaudelclos\/wp-json\/wp\/v2\/categories?post=2855"},{"taxonomy":"post_tag","embeddable":true,"href":"https:\/\/agora.xtec.cat\/escolapaudelclos\/wp-json\/wp\/v2\/tags?post=2855"}],"curies":[{"name":"wp","href":"https:\/\/api.w.org\/{rel}","templated":true}]}}