{"id":2802,"date":"2024-09-17T10:22:27","date_gmt":"2024-09-17T08:22:27","guid":{"rendered":"https:\/\/agora.xtec.cat\/escolapaudelclos\/?p=2802"},"modified":"2024-09-17T13:18:51","modified_gmt":"2024-09-17T11:18:51","slug":"concert-tarrakuna","status":"publish","type":"post","link":"https:\/\/agora.xtec.cat\/escolapaudelclos\/general\/concert-tarrakuna\/","title":{"rendered":"Concert Tarrakuna"},"content":{"rendered":"<p><strong>L&#8217;Inas i l&#8217;Amal enamoren al p\u00fablic amb la seva actuaci\u00f3 al concert Tarrakuna!<\/strong><\/p>\n<p>El passat diumenge 15, l\u2019Auditori de la Diputaci\u00f3 va viure una nit plena d\u2019emocions. L\u2019Inas i l\u2019Amal, de 3rB, van captivar no nom\u00e9s el p\u00fablic, sin\u00f3 tamb\u00e9 els m\u00fasics del concert <em>Tarrakuna<\/em>. Amb una actuaci\u00f3 memorable, van aconseguir posar dempeus a tothom que va assistir a aquest esdeveniment especial, organitzat pel Cor Ciutat de Tarragona i l\u2019Ensemble Tarrakuna.<\/p>\n<p>El concert, dedicat a la germanor entre cultures, va ser un homenatge a l\u2019her\u00e8ncia andalusina que ha influ\u00eft en la m\u00fasica i cultura de Catalunya, Val\u00e8ncia i les Illes Balears. Una vetllada que ens recorda el poder de la m\u00fasica per unir-nos i celebrar la nostra hist\u00f2ria compartida.<\/p>\n<p>Enhorabona, noies!<\/p>\n<p><a href=\"https:\/\/agora.xtec.cat\/escolapaudelclos\/wp-content\/uploads\/usu2656\/2024\/09\/WhatsApp-Image-2024-09-16-at-13.29.25.jpeg\"><img loading=\"lazy\" decoding=\"async\" class=\"wp-image-2804 aligncenter\" src=\"https:\/\/agora.xtec.cat\/escolapaudelclos\/wp-content\/uploads\/usu2656\/2024\/09\/WhatsApp-Image-2024-09-16-at-13.29.25.jpeg\" alt=\"\" width=\"567\" height=\"425\" srcset=\"https:\/\/agora.xtec.cat\/escolapaudelclos\/wp-content\/uploads\/usu2656\/2024\/09\/WhatsApp-Image-2024-09-16-at-13.29.25.jpeg 1600w, https:\/\/agora.xtec.cat\/escolapaudelclos\/wp-content\/uploads\/usu2656\/2024\/09\/WhatsApp-Image-2024-09-16-at-13.29.25-300x225.jpeg 300w, https:\/\/agora.xtec.cat\/escolapaudelclos\/wp-content\/uploads\/usu2656\/2024\/09\/WhatsApp-Image-2024-09-16-at-13.29.25-1024x768.jpeg 1024w, https:\/\/agora.xtec.cat\/escolapaudelclos\/wp-content\/uploads\/usu2656\/2024\/09\/WhatsApp-Image-2024-09-16-at-13.29.25-768x576.jpeg 768w, https:\/\/agora.xtec.cat\/escolapaudelclos\/wp-content\/uploads\/usu2656\/2024\/09\/WhatsApp-Image-2024-09-16-at-13.29.25-1536x1152.jpeg 1536w, https:\/\/agora.xtec.cat\/escolapaudelclos\/wp-content\/uploads\/usu2656\/2024\/09\/WhatsApp-Image-2024-09-16-at-13.29.25-200x150.jpeg 200w\" sizes=\"auto, (max-width: 567px) 100vw, 567px\" \/><\/a><\/p>\n<p style=\"text-align: center;\">\n","protected":false},"excerpt":{"rendered":"<p>L&#8217;Inas i l&#8217;Amal enamoren al p\u00fablic amb la seva actuaci\u00f3 al concert Tarrakuna! El passat diumenge 15, l\u2019Auditori de la Diputaci\u00f3 va viure una nit plena d\u2019emocions. L\u2019Inas i l\u2019Amal, de 3rB, van captivar no nom\u00e9s el p\u00fablic, sin\u00f3 tamb\u00e9 els m\u00fasics del concert Tarrakuna. Amb una actuaci\u00f3 memorable, van aconseguir posar dempeus a tothom [&hellip;]<\/p>\n","protected":false},"author":1,"featured_media":2804,"comment_status":"open","ping_status":"closed","sticky":false,"template":"","format":"standard","meta":{"_bbp_topic_count":0,"_bbp_reply_count":0,"_bbp_total_topic_count":0,"_bbp_total_reply_count":0,"_bbp_voice_count":0,"_bbp_anonymous_reply_count":0,"_bbp_topic_count_hidden":0,"_bbp_reply_count_hidden":0,"_bbp_forum_subforum_count":0,"site-sidebar-layout":"default","site-content-layout":"","ast-site-content-layout":"","site-content-style":"default","site-sidebar-style":"default","ast-global-header-display":"","ast-banner-title-visibility":"","ast-main-header-display":"","ast-hfb-above-header-display":"","ast-hfb-below-header-display":"","ast-hfb-mobile-header-display":"","site-post-title":"","ast-breadcrumbs-content":"","ast-featured-img":"","footer-sml-layout":"","theme-transparent-header-meta":"","adv-header-id-meta":"","stick-header-meta":"","header-above-stick-meta":"","header-main-stick-meta":"","header-below-stick-meta":"","astra-migrate-meta-layouts":"default","ast-page-background-enabled":"default","ast-page-background-meta":{"desktop":{"background-color":"var(--ast-global-color-4)","background-image":"","background-repeat":"repeat","background-position":"center center","background-size":"auto","background-attachment":"scroll","background-type":"","background-media":"","overlay-type":"","overlay-color":"","overlay-opacity":"","overlay-gradient":""},"tablet":{"background-color":"","background-image":"","background-repeat":"repeat","background-position":"center center","background-size":"auto","background-attachment":"scroll","background-type":"","background-media":"","overlay-type":"","overlay-color":"","overlay-opacity":"","overlay-gradient":""},"mobile":{"background-color":"","background-image":"","background-repeat":"repeat","background-position":"center center","background-size":"auto","background-attachment":"scroll","background-type":"","background-media":"","overlay-type":"","overlay-color":"","overlay-opacity":"","overlay-gradient":""}},"ast-content-background-meta":{"desktop":{"background-color":"var(--ast-global-color-5)","background-image":"","background-repeat":"repeat","background-position":"center center","background-size":"auto","background-attachment":"scroll","background-type":"","background-media":"","overlay-type":"","overlay-color":"","overlay-opacity":"","overlay-gradient":""},"tablet":{"background-color":"var(--ast-global-color-5)","background-image":"","background-repeat":"repeat","background-position":"center center","background-size":"auto","background-attachment":"scroll","background-type":"","background-media":"","overlay-type":"","overlay-color":"","overlay-opacity":"","overlay-gradient":""},"mobile":{"background-color":"var(--ast-global-color-5)","background-image":"","background-repeat":"repeat","background-position":"center center","background-size":"auto","background-attachment":"scroll","background-type":"","background-media":"","overlay-type":"","overlay-color":"","overlay-opacity":"","overlay-gradient":""}},"footnotes":""},"categories":[5,1,4],"tags":[406,62,81],"class_list":["post-2802","post","type-post","status-publish","format-standard","has-post-thumbnail","hentry","category-primaria","category-general","category-portada","tag-concert","tag-escola-pau-delclos","tag-musica"],"post_mailing_queue_ids":[],"_links":{"self":[{"href":"https:\/\/agora.xtec.cat\/escolapaudelclos\/wp-json\/wp\/v2\/posts\/2802","targetHints":{"allow":["GET"]}}],"collection":[{"href":"https:\/\/agora.xtec.cat\/escolapaudelclos\/wp-json\/wp\/v2\/posts"}],"about":[{"href":"https:\/\/agora.xtec.cat\/escolapaudelclos\/wp-json\/wp\/v2\/types\/post"}],"author":[{"embeddable":true,"href":"https:\/\/agora.xtec.cat\/escolapaudelclos\/wp-json\/wp\/v2\/users\/1"}],"replies":[{"embeddable":true,"href":"https:\/\/agora.xtec.cat\/escolapaudelclos\/wp-json\/wp\/v2\/comments?post=2802"}],"version-history":[{"count":5,"href":"https:\/\/agora.xtec.cat\/escolapaudelclos\/wp-json\/wp\/v2\/posts\/2802\/revisions"}],"predecessor-version":[{"id":2809,"href":"https:\/\/agora.xtec.cat\/escolapaudelclos\/wp-json\/wp\/v2\/posts\/2802\/revisions\/2809"}],"wp:featuredmedia":[{"embeddable":true,"href":"https:\/\/agora.xtec.cat\/escolapaudelclos\/wp-json\/wp\/v2\/media\/2804"}],"wp:attachment":[{"href":"https:\/\/agora.xtec.cat\/escolapaudelclos\/wp-json\/wp\/v2\/media?parent=2802"}],"wp:term":[{"taxonomy":"category","embeddable":true,"href":"https:\/\/agora.xtec.cat\/escolapaudelclos\/wp-json\/wp\/v2\/categories?post=2802"},{"taxonomy":"post_tag","embeddable":true,"href":"https:\/\/agora.xtec.cat\/escolapaudelclos\/wp-json\/wp\/v2\/tags?post=2802"}],"curies":[{"name":"wp","href":"https:\/\/api.w.org\/{rel}","templated":true}]}}