{"id":2745,"date":"2024-06-12T14:09:09","date_gmt":"2024-06-12T12:09:09","guid":{"rendered":"https:\/\/agora.xtec.cat\/escolapaudelclos\/?p=2745"},"modified":"2024-10-22T13:31:36","modified_gmt":"2024-10-22T11:31:36","slug":"descobrint-el-pont-del-diable-%f0%9f%8f%9b%ef%b8%8f","status":"publish","type":"post","link":"https:\/\/agora.xtec.cat\/escolapaudelclos\/portada\/descobrint-el-pont-del-diable-%f0%9f%8f%9b%ef%b8%8f\/","title":{"rendered":"Descobrint el Pont del Diable \ud83c\udfdb\ufe0f"},"content":{"rendered":"<p>Aquest trimestre, els <strong>nens i nenes de 2n<\/strong> han estat immersos en un treball apassionant: con\u00e8ixer i aprendre sobre el Pont del Diable. Aquest forma part del projecte de l&#8217;escola que tracta sobre els monuments de la ciutat de Tarragona, i per als alumnes de 2n, el protagonista ha estat aquest impressionant aq\u00fceducte rom\u00e0. \ud83c\udfdb\ufe0f<\/p>\n<p>Durant setmanes, a classe, l&#8217;alumnat ha treballat en grups per descobrir tots els detalls d&#8217;aquest monument hist\u00f2ric. Han explorat les diferents parts del Pont del Diable, han apr\u00e8s la seva llegenda i han conegut millor la ciutat de T\u00e0rraco. A m\u00e9s, durant les estones de tallers, han constru\u00eft una maqueta a gran escala del Pont del Diable, demostrant la seva creativitat i treball en equip.<\/p>\n<p>La culminaci\u00f3 d&#8217;aquest projecte va arribar la setmana passada amb una excursi\u00f3 molt esperada al Pont del Diable. Tot i que els alumnes ja havien apr\u00e8s molt sobre el tema, quan van tenir l&#8217;aq\u00fceducte davant la sorpresa i admiraci\u00f3 en les seves cares eren evidents! \ud83d\ude2e<\/p>\n<p>Durant la visita, vam dedicar una estona a estudiar les parts de l&#8217;aq\u00fceducte i a tornar a explicar la llegenda, aquesta vegada sota el mateix monument. Va ser una experi\u00e8ncia enriquidora que va permetre als alumnes connectar el que havien apr\u00e8s a l&#8217;aula amb la realitat tangible del lloc hist\u00f2ric. Despr\u00e9s vam anar a unes taules de p\u00edcnic properes on els nens i nenes van poder acabar el dossier del projecte. Aquest espai tamb\u00e9 ens va permetre gaudir d&#8217;una part m\u00e9s l\u00fadica de la sortida, amb moments de joc i conviv\u00e8ncia que van fer que l&#8217;excursi\u00f3 fos encara m\u00e9s especial.<\/p>\n<p>En definitiva, aquesta experi\u00e8ncia ha estat una manera fant\u00e0stica de consolidar els coneixements adquirits a l&#8217;aula i de viure de prop la hist\u00f2ria de la nostra ciutat. Els nens i nenes de 2n han fet una feina excel\u00b7lent i han tornat a casa amb un record inoblidable del Pont del Diable.<\/p>\n<p>\ud83d\udcf7 Us recordem que trobareu totes les fotografies de la sortida i el projecte a la carpeta corresponent.<\/p>\n<p>&nbsp;<\/p>\n<p><a href=\"https:\/\/agora.xtec.cat\/escolapaudelclos\/wp-content\/uploads\/usu2656\/2024\/06\/pont-diable-2n.jpg\"><img loading=\"lazy\" decoding=\"async\" class=\"alignnone size-large wp-image-2746\" src=\"https:\/\/agora.xtec.cat\/escolapaudelclos\/wp-content\/uploads\/usu2656\/2024\/06\/pont-diable-2n-1024x724.jpg\" alt=\"\" width=\"1024\" height=\"724\" srcset=\"https:\/\/agora.xtec.cat\/escolapaudelclos\/wp-content\/uploads\/usu2656\/2024\/06\/pont-diable-2n-1024x724.jpg 1024w, https:\/\/agora.xtec.cat\/escolapaudelclos\/wp-content\/uploads\/usu2656\/2024\/06\/pont-diable-2n-300x212.jpg 300w, https:\/\/agora.xtec.cat\/escolapaudelclos\/wp-content\/uploads\/usu2656\/2024\/06\/pont-diable-2n-768x543.jpg 768w, https:\/\/agora.xtec.cat\/escolapaudelclos\/wp-content\/uploads\/usu2656\/2024\/06\/pont-diable-2n-1536x1086.jpg 1536w, https:\/\/agora.xtec.cat\/escolapaudelclos\/wp-content\/uploads\/usu2656\/2024\/06\/pont-diable-2n.jpg 2000w\" sizes=\"auto, (max-width: 1024px) 100vw, 1024px\" \/><\/a><\/p>\n","protected":false},"excerpt":{"rendered":"<p>Aquest trimestre, els nens i nenes de 2n han estat immersos en un treball apassionant: con\u00e8ixer i aprendre sobre el Pont del Diable. Aquest forma part del projecte de l&#8217;escola que tracta sobre els monuments de la ciutat de Tarragona, i per als alumnes de 2n, el protagonista ha estat aquest impressionant aq\u00fceducte rom\u00e0. \ud83c\udfdb\ufe0f [&hellip;]<\/p>\n","protected":false},"author":1,"featured_media":2746,"comment_status":"open","ping_status":"closed","sticky":false,"template":"","format":"standard","meta":{"_bbp_topic_count":0,"_bbp_reply_count":0,"_bbp_total_topic_count":0,"_bbp_total_reply_count":0,"_bbp_voice_count":0,"_bbp_anonymous_reply_count":0,"_bbp_topic_count_hidden":0,"_bbp_reply_count_hidden":0,"_bbp_forum_subforum_count":0,"site-sidebar-layout":"default","site-content-layout":"","ast-site-content-layout":"","site-content-style":"default","site-sidebar-style":"default","ast-global-header-display":"","ast-banner-title-visibility":"","ast-main-header-display":"","ast-hfb-above-header-display":"","ast-hfb-below-header-display":"","ast-hfb-mobile-header-display":"","site-post-title":"","ast-breadcrumbs-content":"","ast-featured-img":"","footer-sml-layout":"","theme-transparent-header-meta":"","adv-header-id-meta":"","stick-header-meta":"","header-above-stick-meta":"","header-main-stick-meta":"","header-below-stick-meta":"","astra-migrate-meta-layouts":"default","ast-page-background-enabled":"default","ast-page-background-meta":{"desktop":{"background-color":"var(--ast-global-color-4)","background-image":"","background-repeat":"repeat","background-position":"center center","background-size":"auto","background-attachment":"scroll","background-type":"","background-media":"","overlay-type":"","overlay-color":"","overlay-opacity":"","overlay-gradient":""},"tablet":{"background-color":"","background-image":"","background-repeat":"repeat","background-position":"center center","background-size":"auto","background-attachment":"scroll","background-type":"","background-media":"","overlay-type":"","overlay-color":"","overlay-opacity":"","overlay-gradient":""},"mobile":{"background-color":"","background-image":"","background-repeat":"repeat","background-position":"center center","background-size":"auto","background-attachment":"scroll","background-type":"","background-media":"","overlay-type":"","overlay-color":"","overlay-opacity":"","overlay-gradient":""}},"ast-content-background-meta":{"desktop":{"background-color":"var(--ast-global-color-5)","background-image":"","background-repeat":"repeat","background-position":"center center","background-size":"auto","background-attachment":"scroll","background-type":"","background-media":"","overlay-type":"","overlay-color":"","overlay-opacity":"","overlay-gradient":""},"tablet":{"background-color":"var(--ast-global-color-5)","background-image":"","background-repeat":"repeat","background-position":"center center","background-size":"auto","background-attachment":"scroll","background-type":"","background-media":"","overlay-type":"","overlay-color":"","overlay-opacity":"","overlay-gradient":""},"mobile":{"background-color":"var(--ast-global-color-5)","background-image":"","background-repeat":"repeat","background-position":"center center","background-size":"auto","background-attachment":"scroll","background-type":"","background-media":"","overlay-type":"","overlay-color":"","overlay-opacity":"","overlay-gradient":""}},"footnotes":""},"categories":[5,11,4],"tags":[],"class_list":["post-2745","post","type-post","status-publish","format-standard","has-post-thumbnail","hentry","category-primaria","category-2n","category-portada"],"post_mailing_queue_ids":[],"_links":{"self":[{"href":"https:\/\/agora.xtec.cat\/escolapaudelclos\/wp-json\/wp\/v2\/posts\/2745","targetHints":{"allow":["GET"]}}],"collection":[{"href":"https:\/\/agora.xtec.cat\/escolapaudelclos\/wp-json\/wp\/v2\/posts"}],"about":[{"href":"https:\/\/agora.xtec.cat\/escolapaudelclos\/wp-json\/wp\/v2\/types\/post"}],"author":[{"embeddable":true,"href":"https:\/\/agora.xtec.cat\/escolapaudelclos\/wp-json\/wp\/v2\/users\/1"}],"replies":[{"embeddable":true,"href":"https:\/\/agora.xtec.cat\/escolapaudelclos\/wp-json\/wp\/v2\/comments?post=2745"}],"version-history":[{"count":1,"href":"https:\/\/agora.xtec.cat\/escolapaudelclos\/wp-json\/wp\/v2\/posts\/2745\/revisions"}],"predecessor-version":[{"id":2747,"href":"https:\/\/agora.xtec.cat\/escolapaudelclos\/wp-json\/wp\/v2\/posts\/2745\/revisions\/2747"}],"wp:featuredmedia":[{"embeddable":true,"href":"https:\/\/agora.xtec.cat\/escolapaudelclos\/wp-json\/wp\/v2\/media\/2746"}],"wp:attachment":[{"href":"https:\/\/agora.xtec.cat\/escolapaudelclos\/wp-json\/wp\/v2\/media?parent=2745"}],"wp:term":[{"taxonomy":"category","embeddable":true,"href":"https:\/\/agora.xtec.cat\/escolapaudelclos\/wp-json\/wp\/v2\/categories?post=2745"},{"taxonomy":"post_tag","embeddable":true,"href":"https:\/\/agora.xtec.cat\/escolapaudelclos\/wp-json\/wp\/v2\/tags?post=2745"}],"curies":[{"name":"wp","href":"https:\/\/api.w.org\/{rel}","templated":true}]}}