{"id":2711,"date":"2024-05-30T18:58:30","date_gmt":"2024-05-30T16:58:30","guid":{"rendered":"https:\/\/agora.xtec.cat\/escolapaudelclos\/?p=2711"},"modified":"2024-05-30T19:03:13","modified_gmt":"2024-05-30T17:03:13","slug":"ai-skills-lab","status":"publish","type":"post","link":"https:\/\/agora.xtec.cat\/escolapaudelclos\/general\/ai-skills-lab\/","title":{"rendered":"AI SKILLS LAB"},"content":{"rendered":"<p>Enguany gran part del professorat de l&#8217;escola hem participat en el projecte <strong>AI SKILLS LAB<\/strong>, un projecte pioner que intenta apropar la intel\u00b7lig\u00e8ncia artificial (IA) a les aules d&#8217;una manera \u00e8tica i cr\u00edtica. Els i les mestres participants han anat duent a terme activitats a l&#8217;aula on la IA tenia un major o menor impacte, ja fos en la preparaci\u00f3 del material i l&#8217;activitat o gaudint-la al moment amb l&#8217;alumnat.<\/p>\n<p>Una activitat que va agradar molt als nens i nenes de 2n va ser treballar els biaixos i l&#8217;equitat. Amb aquesta activitat van intentar &#8220;enganyar&#8221; la IA\u00a0 per saber si tenia algun tipus de biaix. <strong>Atenci\u00f3!<\/strong> Nens i nenes de 2n de prim\u00e0ria van aconseguir enganyar la intel\u00b7lig\u00e8ncia artificial i demostrar que encara ha de millorar molt, cal intel\u00b7lig\u00e8ncia humana per poder utilitzar b\u00e9 l&#8217;artificial!<\/p>\n<p>Aquest dimecres es va realitzar la presentaci\u00f3 dels resultats del projecte al rectorat de la URV. La mestra de 2n, Cristina Romero, i dues de les seves alumnes hi van anar a explicar aquesta activitat que tant els havia agradat! Totes tres ho van fer genial! Enhorabona!<\/p>\n<p><a href=\"https:\/\/agora.xtec.cat\/escolapaudelclos\/wp-content\/uploads\/usu2656\/2024\/05\/IMG_20240529_111214-scaled.jpg\"><img loading=\"lazy\" decoding=\"async\" class=\"wp-image-2712 aligncenter\" src=\"https:\/\/agora.xtec.cat\/escolapaudelclos\/wp-content\/uploads\/usu2656\/2024\/05\/IMG_20240529_111214-scaled.jpg\" alt=\"\" width=\"752\" height=\"564\" srcset=\"https:\/\/agora.xtec.cat\/escolapaudelclos\/wp-content\/uploads\/usu2656\/2024\/05\/IMG_20240529_111214-scaled.jpg 2560w, https:\/\/agora.xtec.cat\/escolapaudelclos\/wp-content\/uploads\/usu2656\/2024\/05\/IMG_20240529_111214-300x225.jpg 300w, https:\/\/agora.xtec.cat\/escolapaudelclos\/wp-content\/uploads\/usu2656\/2024\/05\/IMG_20240529_111214-1024x769.jpg 1024w, https:\/\/agora.xtec.cat\/escolapaudelclos\/wp-content\/uploads\/usu2656\/2024\/05\/IMG_20240529_111214-768x577.jpg 768w, https:\/\/agora.xtec.cat\/escolapaudelclos\/wp-content\/uploads\/usu2656\/2024\/05\/IMG_20240529_111214-1536x1153.jpg 1536w, https:\/\/agora.xtec.cat\/escolapaudelclos\/wp-content\/uploads\/usu2656\/2024\/05\/IMG_20240529_111214-2048x1538.jpg 2048w, https:\/\/agora.xtec.cat\/escolapaudelclos\/wp-content\/uploads\/usu2656\/2024\/05\/IMG_20240529_111214-200x150.jpg 200w\" sizes=\"auto, (max-width: 752px) 100vw, 752px\" \/><\/a><\/p>\n<p><a href=\"https:\/\/agora.xtec.cat\/escolapaudelclos\/wp-content\/uploads\/usu2656\/2024\/05\/IMG_20240529_111400.jpg\"><img loading=\"lazy\" decoding=\"async\" class=\"wp-image-2713 aligncenter\" src=\"https:\/\/agora.xtec.cat\/escolapaudelclos\/wp-content\/uploads\/usu2656\/2024\/05\/IMG_20240529_111400.jpg\" alt=\"\" width=\"1076\" height=\"605\" srcset=\"https:\/\/agora.xtec.cat\/escolapaudelclos\/wp-content\/uploads\/usu2656\/2024\/05\/IMG_20240529_111400.jpg 1344w, https:\/\/agora.xtec.cat\/escolapaudelclos\/wp-content\/uploads\/usu2656\/2024\/05\/IMG_20240529_111400-300x169.jpg 300w, https:\/\/agora.xtec.cat\/escolapaudelclos\/wp-content\/uploads\/usu2656\/2024\/05\/IMG_20240529_111400-1024x576.jpg 1024w, https:\/\/agora.xtec.cat\/escolapaudelclos\/wp-content\/uploads\/usu2656\/2024\/05\/IMG_20240529_111400-768x432.jpg 768w\" sizes=\"auto, (max-width: 1076px) 100vw, 1076px\" \/><\/a><\/p>\n<p>&nbsp;<\/p>\n","protected":false},"excerpt":{"rendered":"<p>Enguany gran part del professorat de l&#8217;escola hem participat en el projecte AI SKILLS LAB, un projecte pioner que intenta apropar la intel\u00b7lig\u00e8ncia artificial (IA) a les aules d&#8217;una manera \u00e8tica i cr\u00edtica. Els i les mestres participants han anat duent a terme activitats a l&#8217;aula on la IA tenia un major o menor impacte, [&hellip;]<\/p>\n","protected":false},"author":1,"featured_media":2712,"comment_status":"open","ping_status":"closed","sticky":false,"template":"","format":"standard","meta":{"_bbp_topic_count":0,"_bbp_reply_count":0,"_bbp_total_topic_count":0,"_bbp_total_reply_count":0,"_bbp_voice_count":0,"_bbp_anonymous_reply_count":0,"_bbp_topic_count_hidden":0,"_bbp_reply_count_hidden":0,"_bbp_forum_subforum_count":0,"site-sidebar-layout":"default","site-content-layout":"","ast-site-content-layout":"","site-content-style":"default","site-sidebar-style":"default","ast-global-header-display":"","ast-banner-title-visibility":"","ast-main-header-display":"","ast-hfb-above-header-display":"","ast-hfb-below-header-display":"","ast-hfb-mobile-header-display":"","site-post-title":"","ast-breadcrumbs-content":"","ast-featured-img":"","footer-sml-layout":"","theme-transparent-header-meta":"","adv-header-id-meta":"","stick-header-meta":"","header-above-stick-meta":"","header-main-stick-meta":"","header-below-stick-meta":"","astra-migrate-meta-layouts":"default","ast-page-background-enabled":"default","ast-page-background-meta":{"desktop":{"background-color":"var(--ast-global-color-4)","background-image":"","background-repeat":"repeat","background-position":"center center","background-size":"auto","background-attachment":"scroll","background-type":"","background-media":"","overlay-type":"","overlay-color":"","overlay-opacity":"","overlay-gradient":""},"tablet":{"background-color":"","background-image":"","background-repeat":"repeat","background-position":"center center","background-size":"auto","background-attachment":"scroll","background-type":"","background-media":"","overlay-type":"","overlay-color":"","overlay-opacity":"","overlay-gradient":""},"mobile":{"background-color":"","background-image":"","background-repeat":"repeat","background-position":"center center","background-size":"auto","background-attachment":"scroll","background-type":"","background-media":"","overlay-type":"","overlay-color":"","overlay-opacity":"","overlay-gradient":""}},"ast-content-background-meta":{"desktop":{"background-color":"var(--ast-global-color-5)","background-image":"","background-repeat":"repeat","background-position":"center center","background-size":"auto","background-attachment":"scroll","background-type":"","background-media":"","overlay-type":"","overlay-color":"","overlay-opacity":"","overlay-gradient":""},"tablet":{"background-color":"var(--ast-global-color-5)","background-image":"","background-repeat":"repeat","background-position":"center center","background-size":"auto","background-attachment":"scroll","background-type":"","background-media":"","overlay-type":"","overlay-color":"","overlay-opacity":"","overlay-gradient":""},"mobile":{"background-color":"var(--ast-global-color-5)","background-image":"","background-repeat":"repeat","background-position":"center center","background-size":"auto","background-attachment":"scroll","background-type":"","background-media":"","overlay-type":"","overlay-color":"","overlay-opacity":"","overlay-gradient":""}},"footnotes":""},"categories":[11,1,4],"tags":[365,62,395],"class_list":["post-2711","post","type-post","status-publish","format-standard","has-post-thumbnail","hentry","category-2n","category-general","category-portada","tag-ai-skills-lab","tag-escola-pau-delclos","tag-ia"],"post_mailing_queue_ids":[],"_links":{"self":[{"href":"https:\/\/agora.xtec.cat\/escolapaudelclos\/wp-json\/wp\/v2\/posts\/2711","targetHints":{"allow":["GET"]}}],"collection":[{"href":"https:\/\/agora.xtec.cat\/escolapaudelclos\/wp-json\/wp\/v2\/posts"}],"about":[{"href":"https:\/\/agora.xtec.cat\/escolapaudelclos\/wp-json\/wp\/v2\/types\/post"}],"author":[{"embeddable":true,"href":"https:\/\/agora.xtec.cat\/escolapaudelclos\/wp-json\/wp\/v2\/users\/1"}],"replies":[{"embeddable":true,"href":"https:\/\/agora.xtec.cat\/escolapaudelclos\/wp-json\/wp\/v2\/comments?post=2711"}],"version-history":[{"count":6,"href":"https:\/\/agora.xtec.cat\/escolapaudelclos\/wp-json\/wp\/v2\/posts\/2711\/revisions"}],"predecessor-version":[{"id":2720,"href":"https:\/\/agora.xtec.cat\/escolapaudelclos\/wp-json\/wp\/v2\/posts\/2711\/revisions\/2720"}],"wp:featuredmedia":[{"embeddable":true,"href":"https:\/\/agora.xtec.cat\/escolapaudelclos\/wp-json\/wp\/v2\/media\/2712"}],"wp:attachment":[{"href":"https:\/\/agora.xtec.cat\/escolapaudelclos\/wp-json\/wp\/v2\/media?parent=2711"}],"wp:term":[{"taxonomy":"category","embeddable":true,"href":"https:\/\/agora.xtec.cat\/escolapaudelclos\/wp-json\/wp\/v2\/categories?post=2711"},{"taxonomy":"post_tag","embeddable":true,"href":"https:\/\/agora.xtec.cat\/escolapaudelclos\/wp-json\/wp\/v2\/tags?post=2711"}],"curies":[{"name":"wp","href":"https:\/\/api.w.org\/{rel}","templated":true}]}}