{"id":2698,"date":"2024-05-27T12:47:38","date_gmt":"2024-05-27T10:47:38","guid":{"rendered":"https:\/\/agora.xtec.cat\/escolapaudelclos\/?p=2698"},"modified":"2024-05-27T12:07:21","modified_gmt":"2024-05-27T10:07:21","slug":"6e-la-necropolis-el-mon-de-la-mort-en-epoca-romana","status":"publish","type":"post","link":"https:\/\/agora.xtec.cat\/escolapaudelclos\/general\/6e-la-necropolis-el-mon-de-la-mort-en-epoca-romana\/","title":{"rendered":"6\u00e8 &#8211; La Necr\u00f2polis, el m\u00f3n de la mort en \u00e8poca romana"},"content":{"rendered":"<p>La setmana passada els nens i les nenes de sis\u00e8 vam dur a terme el projecte de\u00a0<b><i>La Necr\u00f2polis, el m\u00f3n de la mort en \u00e8poca romana<\/i><\/b>, dins del projecte d\u2019escola\u00a0<i>Una passejada per Tarraco.\u00a0<\/i>Va ser una setmana molt intensa en la que vam aprendre molt sobre com vivien la mort els romans: els rituals que seguien, els tipus d&#8217;enterraments, els estris que empraven&#8230; incl\u00fas vam anar de visita a la Necr\u00f2polis de Tarragona i\u00a0 a les restes romanes del Parc Central per tal de descobrir les troballes m\u00e9s in\u00e8dites de la nostra ciutat. A m\u00e9s, tamb\u00e9 vam fer el nostre propi sarc\u00f2fag. Una experi\u00e8ncia totalment romana!<\/p>\n<p><a href=\"https:\/\/agora.xtec.cat\/escolapaudelclos\/wp-content\/uploads\/usu2656\/2024\/05\/6E-1-scaled.jpg\"><img loading=\"lazy\" decoding=\"async\" class=\"wp-image-2699  aligncenter\" src=\"https:\/\/agora.xtec.cat\/escolapaudelclos\/wp-content\/uploads\/usu2656\/2024\/05\/6E-1-scaled.jpg\" alt=\"\" width=\"564\" height=\"253\" srcset=\"https:\/\/agora.xtec.cat\/escolapaudelclos\/wp-content\/uploads\/usu2656\/2024\/05\/6E-1-scaled.jpg 2560w, https:\/\/agora.xtec.cat\/escolapaudelclos\/wp-content\/uploads\/usu2656\/2024\/05\/6E-1-300x135.jpg 300w, https:\/\/agora.xtec.cat\/escolapaudelclos\/wp-content\/uploads\/usu2656\/2024\/05\/6E-1-1024x459.jpg 1024w, https:\/\/agora.xtec.cat\/escolapaudelclos\/wp-content\/uploads\/usu2656\/2024\/05\/6E-1-768x345.jpg 768w, https:\/\/agora.xtec.cat\/escolapaudelclos\/wp-content\/uploads\/usu2656\/2024\/05\/6E-1-1536x689.jpg 1536w, https:\/\/agora.xtec.cat\/escolapaudelclos\/wp-content\/uploads\/usu2656\/2024\/05\/6E-1-2048x919.jpg 2048w\" sizes=\"auto, (max-width: 564px) 100vw, 564px\" \/><\/a><\/p>\n","protected":false},"excerpt":{"rendered":"<p>La setmana passada els nens i les nenes de sis\u00e8 vam dur a terme el projecte de\u00a0La Necr\u00f2polis, el m\u00f3n de la mort en \u00e8poca romana, dins del projecte d\u2019escola\u00a0Una passejada per Tarraco.\u00a0Va ser una setmana molt intensa en la que vam aprendre molt sobre com vivien la mort els romans: els rituals que seguien, [&hellip;]<\/p>\n","protected":false},"author":1,"featured_media":2699,"comment_status":"open","ping_status":"closed","sticky":false,"template":"","format":"standard","meta":{"_bbp_topic_count":0,"_bbp_reply_count":0,"_bbp_total_topic_count":0,"_bbp_total_reply_count":0,"_bbp_voice_count":0,"_bbp_anonymous_reply_count":0,"_bbp_topic_count_hidden":0,"_bbp_reply_count_hidden":0,"_bbp_forum_subforum_count":0,"site-sidebar-layout":"default","site-content-layout":"","ast-site-content-layout":"","site-content-style":"default","site-sidebar-style":"default","ast-global-header-display":"","ast-banner-title-visibility":"","ast-main-header-display":"","ast-hfb-above-header-display":"","ast-hfb-below-header-display":"","ast-hfb-mobile-header-display":"","site-post-title":"","ast-breadcrumbs-content":"","ast-featured-img":"","footer-sml-layout":"","theme-transparent-header-meta":"","adv-header-id-meta":"","stick-header-meta":"","header-above-stick-meta":"","header-main-stick-meta":"","header-below-stick-meta":"","astra-migrate-meta-layouts":"default","ast-page-background-enabled":"default","ast-page-background-meta":{"desktop":{"background-color":"var(--ast-global-color-4)","background-image":"","background-repeat":"repeat","background-position":"center center","background-size":"auto","background-attachment":"scroll","background-type":"","background-media":"","overlay-type":"","overlay-color":"","overlay-opacity":"","overlay-gradient":""},"tablet":{"background-color":"","background-image":"","background-repeat":"repeat","background-position":"center center","background-size":"auto","background-attachment":"scroll","background-type":"","background-media":"","overlay-type":"","overlay-color":"","overlay-opacity":"","overlay-gradient":""},"mobile":{"background-color":"","background-image":"","background-repeat":"repeat","background-position":"center center","background-size":"auto","background-attachment":"scroll","background-type":"","background-media":"","overlay-type":"","overlay-color":"","overlay-opacity":"","overlay-gradient":""}},"ast-content-background-meta":{"desktop":{"background-color":"var(--ast-global-color-5)","background-image":"","background-repeat":"repeat","background-position":"center center","background-size":"auto","background-attachment":"scroll","background-type":"","background-media":"","overlay-type":"","overlay-color":"","overlay-opacity":"","overlay-gradient":""},"tablet":{"background-color":"var(--ast-global-color-5)","background-image":"","background-repeat":"repeat","background-position":"center center","background-size":"auto","background-attachment":"scroll","background-type":"","background-media":"","overlay-type":"","overlay-color":"","overlay-opacity":"","overlay-gradient":""},"mobile":{"background-color":"var(--ast-global-color-5)","background-image":"","background-repeat":"repeat","background-position":"center center","background-size":"auto","background-attachment":"scroll","background-type":"","background-media":"","overlay-type":"","overlay-color":"","overlay-opacity":"","overlay-gradient":""}},"footnotes":""},"categories":[15,1,4],"tags":[321,62,288],"class_list":["post-2698","post","type-post","status-publish","format-standard","has-post-thumbnail","hentry","category-6e","category-general","category-portada","tag-6e","tag-escola-pau-delclos","tag-necropolis"],"post_mailing_queue_ids":[],"_links":{"self":[{"href":"https:\/\/agora.xtec.cat\/escolapaudelclos\/wp-json\/wp\/v2\/posts\/2698","targetHints":{"allow":["GET"]}}],"collection":[{"href":"https:\/\/agora.xtec.cat\/escolapaudelclos\/wp-json\/wp\/v2\/posts"}],"about":[{"href":"https:\/\/agora.xtec.cat\/escolapaudelclos\/wp-json\/wp\/v2\/types\/post"}],"author":[{"embeddable":true,"href":"https:\/\/agora.xtec.cat\/escolapaudelclos\/wp-json\/wp\/v2\/users\/1"}],"replies":[{"embeddable":true,"href":"https:\/\/agora.xtec.cat\/escolapaudelclos\/wp-json\/wp\/v2\/comments?post=2698"}],"version-history":[{"count":1,"href":"https:\/\/agora.xtec.cat\/escolapaudelclos\/wp-json\/wp\/v2\/posts\/2698\/revisions"}],"predecessor-version":[{"id":2700,"href":"https:\/\/agora.xtec.cat\/escolapaudelclos\/wp-json\/wp\/v2\/posts\/2698\/revisions\/2700"}],"wp:featuredmedia":[{"embeddable":true,"href":"https:\/\/agora.xtec.cat\/escolapaudelclos\/wp-json\/wp\/v2\/media\/2699"}],"wp:attachment":[{"href":"https:\/\/agora.xtec.cat\/escolapaudelclos\/wp-json\/wp\/v2\/media?parent=2698"}],"wp:term":[{"taxonomy":"category","embeddable":true,"href":"https:\/\/agora.xtec.cat\/escolapaudelclos\/wp-json\/wp\/v2\/categories?post=2698"},{"taxonomy":"post_tag","embeddable":true,"href":"https:\/\/agora.xtec.cat\/escolapaudelclos\/wp-json\/wp\/v2\/tags?post=2698"}],"curies":[{"name":"wp","href":"https:\/\/api.w.org\/{rel}","templated":true}]}}